{"id":12348,"date":"2017-07-15T06:07:14","date_gmt":"2017-07-15T10:07:14","guid":{"rendered":"http:\/\/blogdalucianaoliveira.com.br\/blog\/?p=12348"},"modified":"2017-07-15T06:07:14","modified_gmt":"2017-07-15T10:07:14","slug":"campo-novo-de-rondonia","status":"publish","type":"post","link":"http:\/\/blogdalucianaoliveira.com.br\/blog\/2017\/07\/15\/campo-novo-de-rondonia\/","title":{"rendered":"CAMPO NOVO DE ROND\u00d4NIA"},"content":{"rendered":"<p><img data-recalc-dims=\"1\" loading=\"lazy\" decoding=\"async\" data-attachment-id=\"12349\" data-permalink=\"http:\/\/blogdalucianaoliveira.com.br\/blog\/2017\/07\/15\/campo-novo-de-rondonia\/img_0986\/\" data-orig-file=\"https:\/\/i0.wp.com\/blogdalucianaoliveira.com.br\/blog\/wp-content\/uploads\/2017\/07\/IMG_0986.jpg?fit=558%2C374\" data-orig-size=\"558,374\" data-comments-opened=\"0\" data-image-meta=\"{&quot;aperture&quot;:&quot;0&quot;,&quot;credit&quot;:&quot;&quot;,&quot;camera&quot;:&quot;&quot;,&quot;caption&quot;:&quot;&quot;,&quot;created_timestamp&quot;:&quot;0&quot;,&quot;copyright&quot;:&quot;&quot;,&quot;focal_length&quot;:&quot;0&quot;,&quot;iso&quot;:&quot;0&quot;,&quot;shutter_speed&quot;:&quot;0&quot;,&quot;title&quot;:&quot;&quot;,&quot;orientation&quot;:&quot;1&quot;}\" data-image-title=\"IMG_0986\" data-image-description=\"\" data-image-caption=\"\" data-medium-file=\"https:\/\/i0.wp.com\/blogdalucianaoliveira.com.br\/blog\/wp-content\/uploads\/2017\/07\/IMG_0986.jpg?fit=300%2C201\" data-large-file=\"https:\/\/i0.wp.com\/blogdalucianaoliveira.com.br\/blog\/wp-content\/uploads\/2017\/07\/IMG_0986.jpg?fit=558%2C374\" src=\"https:\/\/i0.wp.com\/blogdalucianaoliveira.com.br\/blog\/wp-content\/uploads\/2017\/07\/IMG_0986.jpg?resize=558%2C374\" alt=\"IMG_0986\" width=\"558\" height=\"374\" class=\"alignnone size-full wp-image-12349\" srcset=\"https:\/\/i0.wp.com\/blogdalucianaoliveira.com.br\/blog\/wp-content\/uploads\/2017\/07\/IMG_0986.jpg?w=558 558w, https:\/\/i0.wp.com\/blogdalucianaoliveira.com.br\/blog\/wp-content\/uploads\/2017\/07\/IMG_0986.jpg?resize=300%2C201 300w, https:\/\/i0.wp.com\/blogdalucianaoliveira.com.br\/blog\/wp-content\/uploads\/2017\/07\/IMG_0986.jpg?resize=448%2C300 448w\" sizes=\"auto, (max-width: 558px) 100vw, 558px\" \/><\/p>\n<p>Do Facebook do J\u00falio Olivar <\/p>\n<p>Munic\u00edpio eminentemente rural (75% da popula\u00e7\u00e3o) surgido em fun\u00e7\u00e3o da seringa e da madeira, hoje se destaca em diversas culturas e na pecu\u00e1ria; completa apenas  24 anos com incont\u00e1veis potenciais econ\u00f4micos, inclu\u00eddo o tur\u00edstico. <!--more--><\/p>\n<p>O prefeito Oscimar Ferreira e sua equipe nos receberam nesta sexta para tratarmos do Mapa do Turismo Brasileiro. <\/p>\n<p>Durante a reuni\u00e3o de trabalho, Oscimar assinou o termo de ades\u00e3o ao Mapa e cumpriu todos os protocolos. <\/p>\n<p>Campo Novo oferece v\u00e1rios pontos a serem explorados turisticamente, dentre eles: <\/p>\n<p>&#8211; O Parque Nacional  Paca\u00e1s-Novos \u00e9 uma reserva biol\u00f3gica com 800 mil hectares, sendo 30% localizados no munic\u00edpio; a ger\u00eancia (ICM-Bio) e a entrada ao parque est\u00e3o em Campo Novo; <\/p>\n<p>&#8211; O Pico Tracu\u00e1 \u00e9 o ponto mais elevado de Rond\u00f4nia, com 1182 metros de altitude; <\/p>\n<p>&#8211; O munic\u00edpio tem diversas cachoeiras cinematogr\u00e1ficas e uma muralha de pedra (ainda sem nome) com 70 km de extens\u00e3o;<\/p>\n<p>&#8211; O c\u00e2nion \u00e9 atra\u00e7\u00e3o \u00e0 parte; <\/p>\n<p>&#8211; A pesca esportiva tamb\u00e9m pode ser explorada pois alguns dos principais rios do estado nascem em Campo Novo: Candeias, Jamari, Jaci-Paran\u00e1 e Pac\u00e1as-Novos;<\/p>\n<p>&#8211; Terra Ind\u00edgena Uru-eu-au-au, que pode, segundo o interesse dos pr\u00f3prios moradores, tornar-se atrativo tur\u00edstico com sua rica cultura, com dan\u00e7as, artesanatos e modo de vida. <\/p>\n<p>A maior dificuldade para promo\u00e7\u00e3o de Campo Novo como destino de ecoturismo e turismo de aventura  \u00e9 o acesso, ainda por estrada de terra. Por\u00e9m, o Governo do Estado j\u00e1 est\u00e1 resolvendo esse problema. Est\u00e3o avan\u00e7ando as obras de pavimenta\u00e7\u00e3o da BR-421 (25 km, R$ 54 milh\u00f5es de investimento) com conclus\u00e3o prevista para abril de 2018. <\/p>\n<p>Junto com o envolvimento da iniciativa privada e a qualifica\u00e7\u00e3o do trade, todas as apostas \u00e9 de que Campo Novo se transforme num dos mais badalados destinos tur\u00edsticos (sempre com responsabilidade e auto-sustentabilidade) ainda mais com a vis\u00e3o de um prefeito-professor, afeito \u00e0 cultura, \u00e0 mem\u00f3ria, demonstrando em suas falas muito conhecimento e entusiasmo pelo turismo como uma grande alternativa econ\u00f4mica e social.<\/p>\n","protected":false},"excerpt":{"rendered":"<p>Do Facebook do J\u00falio Olivar Munic\u00edpio eminentemente rural (75% da popula\u00e7\u00e3o) surgido em fun\u00e7\u00e3o da seringa e da madeira, hoje se destaca em diversas culturas e na pecu\u00e1ria; completa apenas 24 anos com incont\u00e1veis potenciais econ\u00f4micos, inclu\u00eddo o tur\u00edstico.<\/p>\n","protected":false},"author":1,"featured_media":0,"comment_status":"closed","ping_status":"open","sticky":false,"template":"","format":"standard","meta":{"_exactmetrics_skip_tracking":false,"_exactmetrics_sitenote_active":false,"_exactmetrics_sitenote_note":"","_exactmetrics_sitenote_category":0,"jetpack_post_was_ever_published":false,"_jetpack_newsletter_access":"","_jetpack_dont_email_post_to_subs":false,"_jetpack_newsletter_tier_id":0,"_jetpack_memberships_contains_paywalled_content":false,"_jetpack_memberships_contains_paid_content":false,"footnotes":"","jetpack_publicize_message":"","jetpack_publicize_feature_enabled":true,"jetpack_social_post_already_shared":true,"jetpack_social_options":{"image_generator_settings":{"template":"highway","enabled":false},"version":2}},"categories":[1],"tags":[],"class_list":["post-12348","post","type-post","status-publish","format-standard","hentry","category-notas"],"jetpack_publicize_connections":[],"jetpack_sharing_enabled":true,"jetpack_featured_media_url":"","jetpack_shortlink":"https:\/\/wp.me\/p7wKYW-3da","jetpack-related-posts":[],"_links":{"self":[{"href":"http:\/\/blogdalucianaoliveira.com.br\/blog\/wp-json\/wp\/v2\/posts\/12348","targetHints":{"allow":["GET"]}}],"collection":[{"href":"http:\/\/blogdalucianaoliveira.com.br\/blog\/wp-json\/wp\/v2\/posts"}],"about":[{"href":"http:\/\/blogdalucianaoliveira.com.br\/blog\/wp-json\/wp\/v2\/types\/post"}],"author":[{"embeddable":true,"href":"http:\/\/blogdalucianaoliveira.com.br\/blog\/wp-json\/wp\/v2\/users\/1"}],"replies":[{"embeddable":true,"href":"http:\/\/blogdalucianaoliveira.com.br\/blog\/wp-json\/wp\/v2\/comments?post=12348"}],"version-history":[{"count":1,"href":"http:\/\/blogdalucianaoliveira.com.br\/blog\/wp-json\/wp\/v2\/posts\/12348\/revisions"}],"predecessor-version":[{"id":12350,"href":"http:\/\/blogdalucianaoliveira.com.br\/blog\/wp-json\/wp\/v2\/posts\/12348\/revisions\/12350"}],"wp:attachment":[{"href":"http:\/\/blogdalucianaoliveira.com.br\/blog\/wp-json\/wp\/v2\/media?parent=12348"}],"wp:term":[{"taxonomy":"category","embeddable":true,"href":"http:\/\/blogdalucianaoliveira.com.br\/blog\/wp-json\/wp\/v2\/categories?post=12348"},{"taxonomy":"post_tag","embeddable":true,"href":"http:\/\/blogdalucianaoliveira.com.br\/blog\/wp-json\/wp\/v2\/tags?post=12348"}],"curies":[{"name":"wp","href":"https:\/\/api.w.org\/{rel}","templated":true}]}}