{"id":12351,"date":"2017-07-15T20:28:37","date_gmt":"2017-07-16T00:28:37","guid":{"rendered":"http:\/\/blogdalucianaoliveira.com.br\/blog\/?p=12351"},"modified":"2017-07-15T20:28:37","modified_gmt":"2017-07-16T00:28:37","slug":"seu-casamento-sera-lembrado-na-historia-como-a-noite-das-ovadas-e-a-desforra-aos-barros","status":"publish","type":"post","link":"http:\/\/blogdalucianaoliveira.com.br\/blog\/2017\/07\/15\/seu-casamento-sera-lembrado-na-historia-como-a-noite-das-ovadas-e-a-desforra-aos-barros\/","title":{"rendered":"\u201cSeu casamento ser\u00e1 lembrado na hist\u00f3ria como a \u2018noite das ovadas\u2019 e a desforra aos Barros\u201d"},"content":{"rendered":"<p><img data-recalc-dims=\"1\" loading=\"lazy\" decoding=\"async\" data-attachment-id=\"12353\" data-permalink=\"http:\/\/blogdalucianaoliveira.com.br\/blog\/2017\/07\/15\/seu-casamento-sera-lembrado-na-historia-como-a-noite-das-ovadas-e-a-desforra-aos-barros\/img_1005\/\" data-orig-file=\"https:\/\/i0.wp.com\/blogdalucianaoliveira.com.br\/blog\/wp-content\/uploads\/2017\/07\/IMG_1005.jpg?fit=547%2C269\" data-orig-size=\"547,269\" data-comments-opened=\"0\" data-image-meta=\"{&quot;aperture&quot;:&quot;0&quot;,&quot;credit&quot;:&quot;&quot;,&quot;camera&quot;:&quot;&quot;,&quot;caption&quot;:&quot;&quot;,&quot;created_timestamp&quot;:&quot;0&quot;,&quot;copyright&quot;:&quot;&quot;,&quot;focal_length&quot;:&quot;0&quot;,&quot;iso&quot;:&quot;0&quot;,&quot;shutter_speed&quot;:&quot;0&quot;,&quot;title&quot;:&quot;&quot;,&quot;orientation&quot;:&quot;0&quot;}\" data-image-title=\"IMG_1005\" data-image-description=\"\" data-image-caption=\"\" data-medium-file=\"https:\/\/i0.wp.com\/blogdalucianaoliveira.com.br\/blog\/wp-content\/uploads\/2017\/07\/IMG_1005.jpg?fit=300%2C148\" data-large-file=\"https:\/\/i0.wp.com\/blogdalucianaoliveira.com.br\/blog\/wp-content\/uploads\/2017\/07\/IMG_1005.jpg?fit=547%2C269\" src=\"https:\/\/i0.wp.com\/blogdalucianaoliveira.com.br\/blog\/wp-content\/uploads\/2017\/07\/IMG_1005.jpg?resize=547%2C269\" alt=\"IMG_1005\" width=\"547\" height=\"269\" class=\"alignnone size-full wp-image-12353\" srcset=\"https:\/\/i0.wp.com\/blogdalucianaoliveira.com.br\/blog\/wp-content\/uploads\/2017\/07\/IMG_1005.jpg?w=547 547w, https:\/\/i0.wp.com\/blogdalucianaoliveira.com.br\/blog\/wp-content\/uploads\/2017\/07\/IMG_1005.jpg?resize=300%2C148 300w\" sizes=\"auto, (max-width: 547px) 100vw, 547px\" \/><\/p>\n<p>A revolta de Garibaldi e o pesadelo dos Barros<!--more--><\/p>\n<p>Era uma vez, uma bela jovem, cujo sonho era se casar de princesa em um lindo pal\u00e1cio. Seu sonho se concretizaria quando sua m\u00e3e fosse al\u00e7ada ao cargo de duquesa das Arauc\u00e1rias, tornando-se parte do ducato dos Richas, e seu pai conquistasse o t\u00edtulo de Dom Ministro da Sa\u00fade, patrono das empresas privadas, na Era Temer, um monarca voltado para agradar a aristocracia Cisnes Amarelos.<\/p>\n<p>Como se fosse o seriado \u201cOnce Upon a Time\u201d, o passado e o presente se confundem belamente. A noiva aluga sua pequena catedral no centro da Rep\u00fablica de Curitiba, terra das Arauc\u00e1rias imperiais, e em seguida recebe os convidados no Pal\u00e1cio Garibaldi, no nost\u00e1lgico Largo da Ordem.<\/p>\n<p>Na adapta\u00e7\u00e3o, a carruagem movida a puros sangues cede lugar a um elegante modelo branco cl\u00e1ssico da marca Rolls Royce Silver Wraith 1955. Uma limusine que passou a ser produzida ap\u00f3s a II Guerra Mundial para transportar chefes de estado. As ta\u00e7as e talheres s\u00e3o do mais fino cristal e fina prata com toques dourados. Os fraques s\u00e3o substitu\u00eddos por belos ternos cortados e camisas e gravatas de seda. J\u00e1 as damas trocam os vestidos de grandes frisas por pe\u00e7as justas e decotadas que possam evidenciar corpos esculpidos em salas de tonifica\u00e7\u00e3o dos m\u00fasculos contemporaneamente conhecidas como academias.<\/p>\n<p>No centro disso tudo, a noiva, linda, jovial, com a face mais branca do que a carne de uma ma\u00e7\u00e3 gala. Seu longo vestido branco \u00e9 bem comportado, como se recomenda a uma dama da sociedade. As transpar\u00eancias d\u00e3o lugar a delicado bordado em volta do dorso que disputa aten\u00e7\u00e3o apenas com os l\u00e1bios discretamente delineados. A sobriedade se completa com o v\u00e9u que remete a uma coroa crist\u00e3 pintada pelos mais zelosos florentinos. \u00c9 a imagem da santa vitoriosa, como o nome da noiva indica, sobre todos os percal\u00e7os que a vida imp\u00f5e nessa matilha que \u00e9 a Ilha de Vera Cruz.<\/p>\n<p><img data-recalc-dims=\"1\" loading=\"lazy\" decoding=\"async\" data-attachment-id=\"12352\" data-permalink=\"http:\/\/blogdalucianaoliveira.com.br\/blog\/2017\/07\/15\/seu-casamento-sera-lembrado-na-historia-como-a-noite-das-ovadas-e-a-desforra-aos-barros\/img_1004\/\" data-orig-file=\"https:\/\/i0.wp.com\/blogdalucianaoliveira.com.br\/blog\/wp-content\/uploads\/2017\/07\/IMG_1004.jpg?fit=768%2C512\" data-orig-size=\"768,512\" data-comments-opened=\"0\" data-image-meta=\"{&quot;aperture&quot;:&quot;0&quot;,&quot;credit&quot;:&quot;&quot;,&quot;camera&quot;:&quot;&quot;,&quot;caption&quot;:&quot;&quot;,&quot;created_timestamp&quot;:&quot;0&quot;,&quot;copyright&quot;:&quot;&quot;,&quot;focal_length&quot;:&quot;0&quot;,&quot;iso&quot;:&quot;0&quot;,&quot;shutter_speed&quot;:&quot;0&quot;,&quot;title&quot;:&quot;&quot;,&quot;orientation&quot;:&quot;0&quot;}\" data-image-title=\"IMG_1004\" data-image-description=\"\" data-image-caption=\"\" data-medium-file=\"https:\/\/i0.wp.com\/blogdalucianaoliveira.com.br\/blog\/wp-content\/uploads\/2017\/07\/IMG_1004.jpg?fit=300%2C200\" data-large-file=\"https:\/\/i0.wp.com\/blogdalucianaoliveira.com.br\/blog\/wp-content\/uploads\/2017\/07\/IMG_1004.jpg?fit=600%2C400\" src=\"https:\/\/i0.wp.com\/blogdalucianaoliveira.com.br\/blog\/wp-content\/uploads\/2017\/07\/IMG_1004.jpg?resize=600%2C400\" alt=\"IMG_1004\" width=\"600\" height=\"400\" class=\"alignnone size-full wp-image-12352\" srcset=\"https:\/\/i0.wp.com\/blogdalucianaoliveira.com.br\/blog\/wp-content\/uploads\/2017\/07\/IMG_1004.jpg?w=768 768w, https:\/\/i0.wp.com\/blogdalucianaoliveira.com.br\/blog\/wp-content\/uploads\/2017\/07\/IMG_1004.jpg?resize=300%2C200 300w, https:\/\/i0.wp.com\/blogdalucianaoliveira.com.br\/blog\/wp-content\/uploads\/2017\/07\/IMG_1004.jpg?resize=450%2C300 450w\" sizes=\"auto, (max-width: 600px) 100vw, 600px\" \/><\/p>\n<p> Contudo, os fantasmas dos Garibaldis n\u00e3o gostaram de tanto ostenta\u00e7\u00e3o da nobre corte paranaense em um momento de sacrif\u00edcios e dores para o povo. A celebra\u00e7\u00e3o ocorreu na semana em que direitos trabalhistas foram retirados em massa, devolvendo os labutadores quase cem anos no tempo. Na semana em que o grande monarca Michel Temer, que usurpou o poder da presidente Dilma Rousseff, uma esp\u00e9cie de princesa Merida tupiniquim, era salvo de den\u00fancia de corrup\u00e7\u00e3o por vassalos parlamentares em troca de moedas e emendas de ouro. Na semana em que o prolet\u00e1rio Lula, o presidente libertador da fome do povo, era condenado sem provas por um inquisidor Moro. Tudo isso reunido fez com que os Garibaldis lan\u00e7assem uma maldi\u00e7\u00e3o: \u201cSeu casamento ser\u00e1 lembrado na hist\u00f3ria como a \u2018noite das ovadas\u2019 e a desforra aos Barros\u201d. Eis a data: 14 de julho de 2017.<\/p>\n<p>Ela \u00e9 filha da duquesa que chancela o governo dos Richas quando esse toma a aposentadoria dos servidores, aumenta impostos e distribui os lucros entre os ricos do condado paranaense. J\u00e1 seu pai traiu o governo que participava apenas para ganhar um novo t\u00edtulo e mais poder. Dom Barros \u2013 o doente \u2013 \u00e9 capaz de cortar recursos do sistema de sa\u00fade que atende a popula\u00e7\u00e3o e ainda falar que os m\u00e9dicos t\u00eam pregui\u00e7a de trabalhar. Para ele, se cogita, uma peste negra seria um importante aliado na redu\u00e7\u00e3o da demanda por atendimento p\u00fablico.<\/p>\n<p>A pr\u00f3pria princesa noiva tamb\u00e9m tem seus devaneios. Ela, cujo primeiro labor j\u00e1 foi na corte dos deputados, votou por tirar benef\u00edcios dos mais pobres no programa conhecido como Bolsa Fam\u00edlia. Contrariando seu santo nome e toda a proximidade que carrega com os mais humildes, Maria Vict\u00f3ria disse que ao povo n\u00e3o se pode dar nada, mas ele deve lutar para conquistar, como se a pobreza fosse uma puni\u00e7\u00e3o divina.Contra aux\u00edlios moradias de togados, evidentemente, sua c\u00e2ndida voz n\u00e3o se levanta. Foram insanas palavras ditas por uma dama que \u00e9 transportada por carruagens brancas, mas tamb\u00e9m por ve\u00edculos grandes e pretos, conhecidos como caveir\u00f5es, para votar pela retirada de direitos daqueles que jurou servir.<\/p>\n<p>A rea\u00e7\u00e3o da plebe a corte \u00e9 quase natural. \u00c9 a resposta \u00e0 dama que pesquisava vestido de noiva em abril de 2015 enquanto ao povo a pol\u00edcia distribu\u00eda bombas e g\u00e1s de pimenta para impedir que eles impedissem a vota\u00e7\u00e3o que lhes tomara R$ 2 bilh\u00f5es de seus cofres. Dessa vez, no entanto, as bombas deram lugar ao v\u00e9u de ovos e a opul\u00eancia da data est\u00e1 marcada pela vulgaridade de quem escolhe governar zombando de seu povo. Pobre \u00e9 a elite que acredita poder se fechar em castelos e distante da ral\u00e9.<\/p>\n<p>\u00c9 quase certo, por outro lado, que muitos repudiam a manifesta\u00e7\u00e3o em momento t\u00e3o sagrado. Principalmente os escribas e suas penas digitais. Mas tamb\u00e9m \u00e9 quase certo que se dependesse desses, Dom Pedro I n\u00e3o teria dado seu grito \u00e0s margens do Ipiranga, a Rep\u00fablica n\u00e3o teria sido instalada em 1889 e tampouco teria sido abolida a escravid\u00e3o que agora retorna \u2013 once upon a time \u2013 transvestida de moderniza\u00e7\u00e3o das leis trabalhistas e pejotiza\u00e7\u00e3o. Enfim, tudo ao seu tempo e com sua hist\u00f3ria de uma est\u00f3ria que n\u00e3o tem nada de conto de fadas.<\/p>\n<p>__________________<\/p>\n<p>Manolo Ramires<br \/>\nPinga Fogo e Cr\u00f4nicas Curitibanas<br \/>\nFotos: Th\u00e9a Tavares<\/p>\n","protected":false},"excerpt":{"rendered":"<p>A revolta de Garibaldi e o pesadelo dos Barros<\/p>\n","protected":false},"author":1,"featured_media":0,"comment_status":"closed","ping_status":"open","sticky":false,"template":"","format":"standard","meta":{"_exactmetrics_skip_tracking":false,"_exactmetrics_sitenote_active":false,"_exactmetrics_sitenote_note":"","_exactmetrics_sitenote_category":0,"jetpack_post_was_ever_published":false,"_jetpack_newsletter_access":"","_jetpack_dont_email_post_to_subs":false,"_jetpack_newsletter_tier_id":0,"_jetpack_memberships_contains_paywalled_content":false,"_jetpack_memberships_contains_paid_content":false,"footnotes":"","jetpack_publicize_message":"","jetpack_publicize_feature_enabled":true,"jetpack_social_post_already_shared":true,"jetpack_social_options":{"image_generator_settings":{"template":"highway","enabled":false},"version":2}},"categories":[1],"tags":[],"class_list":["post-12351","post","type-post","status-publish","format-standard","hentry","category-notas"],"jetpack_publicize_connections":[],"jetpack_sharing_enabled":true,"jetpack_featured_media_url":"","jetpack_shortlink":"https:\/\/wp.me\/p7wKYW-3dd","jetpack-related-posts":[],"_links":{"self":[{"href":"http:\/\/blogdalucianaoliveira.com.br\/blog\/wp-json\/wp\/v2\/posts\/12351","targetHints":{"allow":["GET"]}}],"collection":[{"href":"http:\/\/blogdalucianaoliveira.com.br\/blog\/wp-json\/wp\/v2\/posts"}],"about":[{"href":"http:\/\/blogdalucianaoliveira.com.br\/blog\/wp-json\/wp\/v2\/types\/post"}],"author":[{"embeddable":true,"href":"http:\/\/blogdalucianaoliveira.com.br\/blog\/wp-json\/wp\/v2\/users\/1"}],"replies":[{"embeddable":true,"href":"http:\/\/blogdalucianaoliveira.com.br\/blog\/wp-json\/wp\/v2\/comments?post=12351"}],"version-history":[{"count":1,"href":"http:\/\/blogdalucianaoliveira.com.br\/blog\/wp-json\/wp\/v2\/posts\/12351\/revisions"}],"predecessor-version":[{"id":12354,"href":"http:\/\/blogdalucianaoliveira.com.br\/blog\/wp-json\/wp\/v2\/posts\/12351\/revisions\/12354"}],"wp:attachment":[{"href":"http:\/\/blogdalucianaoliveira.com.br\/blog\/wp-json\/wp\/v2\/media?parent=12351"}],"wp:term":[{"taxonomy":"category","embeddable":true,"href":"http:\/\/blogdalucianaoliveira.com.br\/blog\/wp-json\/wp\/v2\/categories?post=12351"},{"taxonomy":"post_tag","embeddable":true,"href":"http:\/\/blogdalucianaoliveira.com.br\/blog\/wp-json\/wp\/v2\/tags?post=12351"}],"curies":[{"name":"wp","href":"https:\/\/api.w.org\/{rel}","templated":true}]}}