{"id":12355,"date":"2017-07-16T11:36:16","date_gmt":"2017-07-16T15:36:16","guid":{"rendered":"http:\/\/blogdalucianaoliveira.com.br\/blog\/?p=12355"},"modified":"2017-07-16T11:36:16","modified_gmt":"2017-07-16T15:36:16","slug":"jornal-belga-diz-que-moro-tem-como-missao-politica-exterminar-lula-e-o-pt-do-cenario-politico","status":"publish","type":"post","link":"http:\/\/blogdalucianaoliveira.com.br\/blog\/2017\/07\/16\/jornal-belga-diz-que-moro-tem-como-missao-politica-exterminar-lula-e-o-pt-do-cenario-politico\/","title":{"rendered":"JORNAL BELGA DIZ QUE MORO TEM COMO MISS\u00c3O POL\u00cdTICA EXTERMINAR LULA E O PT DO CEN\u00c1RIO POL\u00cdTICO"},"content":{"rendered":"<p><img data-recalc-dims=\"1\" loading=\"lazy\" decoding=\"async\" data-attachment-id=\"12218\" data-permalink=\"http:\/\/blogdalucianaoliveira.com.br\/blog\/2017\/07\/11\/moro-e-acusado-por-juizes-de-usar-acordos-de-delacao-para-amarrar-instancias-superiores\/moro-rindo-0408-e1470979312879\/\" data-orig-file=\"https:\/\/i0.wp.com\/blogdalucianaoliveira.com.br\/blog\/wp-content\/uploads\/2017\/07\/moro-rindo-0408-e1470979312879.jpg?fit=740%2C493\" data-orig-size=\"740,493\" data-comments-opened=\"0\" data-image-meta=\"{&quot;aperture&quot;:&quot;0&quot;,&quot;credit&quot;:&quot;&quot;,&quot;camera&quot;:&quot;&quot;,&quot;caption&quot;:&quot;&quot;,&quot;created_timestamp&quot;:&quot;0&quot;,&quot;copyright&quot;:&quot;&quot;,&quot;focal_length&quot;:&quot;0&quot;,&quot;iso&quot;:&quot;0&quot;,&quot;shutter_speed&quot;:&quot;0&quot;,&quot;title&quot;:&quot;&quot;,&quot;orientation&quot;:&quot;0&quot;}\" data-image-title=\"moro-rindo-0408-e1470979312879\" data-image-description=\"\" data-image-caption=\"\" data-medium-file=\"https:\/\/i0.wp.com\/blogdalucianaoliveira.com.br\/blog\/wp-content\/uploads\/2017\/07\/moro-rindo-0408-e1470979312879.jpg?fit=300%2C200\" data-large-file=\"https:\/\/i0.wp.com\/blogdalucianaoliveira.com.br\/blog\/wp-content\/uploads\/2017\/07\/moro-rindo-0408-e1470979312879.jpg?fit=600%2C400\" src=\"https:\/\/i0.wp.com\/blogdalucianaoliveira.com.br\/blog\/wp-content\/uploads\/2017\/07\/moro-rindo-0408-e1470979312879.jpg?resize=600%2C400\" alt=\"moro-rindo-0408-e1470979312879\" width=\"600\" height=\"400\" class=\"alignnone size-full wp-image-12218\" srcset=\"https:\/\/i0.wp.com\/blogdalucianaoliveira.com.br\/blog\/wp-content\/uploads\/2017\/07\/moro-rindo-0408-e1470979312879.jpg?w=740 740w, https:\/\/i0.wp.com\/blogdalucianaoliveira.com.br\/blog\/wp-content\/uploads\/2017\/07\/moro-rindo-0408-e1470979312879.jpg?resize=300%2C200 300w, https:\/\/i0.wp.com\/blogdalucianaoliveira.com.br\/blog\/wp-content\/uploads\/2017\/07\/moro-rindo-0408-e1470979312879.jpg?resize=450%2C300 450w\" sizes=\"auto, (max-width: 600px) 100vw, 600px\" \/><\/p>\n<p>\u201cL\u2019impartialit\u00e9 de Sergio Moro a d\u00e9j\u00e0 \u00e9t\u00e9 mise en doute.\u201d <\/p>\n<p>Jornal fala que imparcialidade de Moro j\u00e1 foi questionada e fala depois da condena\u00e7\u00e3o de Lula e a percep\u00e7\u00e3o sobre o juiz no Brasil. <!--more--><\/p>\n<p>Pour des millions de Br\u00e9siliens lass\u00e9s par une classe politique pourrie jusqu\u2019\u00e0 l\u2019os, c\u2019est un h\u00e9ros de la lutte anticorruption, et ils l\u2019acclament comme une star. Mais pour ceux qui soutiennent encore la gauche, c\u2019est un homme de droite instrumentalisant la justice pour \u00e9radiquer le Parti des Travailleurs de l\u2019\u00e9chiquier politique. La fa\u00e7on dont il a condamn\u00e9 ce mercredi en premi\u00e8re instance l\u2019ancien pr\u00e9sident Lula \u00e0 pr\u00e8s de 10 ans de prison renforce cette double stature. <\/p>\n<p><img data-recalc-dims=\"1\" loading=\"lazy\" decoding=\"async\" data-attachment-id=\"12356\" data-permalink=\"http:\/\/blogdalucianaoliveira.com.br\/blog\/2017\/07\/16\/jornal-belga-diz-que-moro-tem-como-missao-politica-exterminar-lula-e-o-pt-do-cenario-politico\/moro1-3\/\" data-orig-file=\"https:\/\/i0.wp.com\/blogdalucianaoliveira.com.br\/blog\/wp-content\/uploads\/2017\/07\/moro1-1.jpg?fit=280%2C509\" data-orig-size=\"280,509\" data-comments-opened=\"0\" data-image-meta=\"{&quot;aperture&quot;:&quot;0&quot;,&quot;credit&quot;:&quot;&quot;,&quot;camera&quot;:&quot;&quot;,&quot;caption&quot;:&quot;&quot;,&quot;created_timestamp&quot;:&quot;0&quot;,&quot;copyright&quot;:&quot;&quot;,&quot;focal_length&quot;:&quot;0&quot;,&quot;iso&quot;:&quot;0&quot;,&quot;shutter_speed&quot;:&quot;0&quot;,&quot;title&quot;:&quot;&quot;,&quot;orientation&quot;:&quot;0&quot;}\" data-image-title=\"moro1\" data-image-description=\"\" data-image-caption=\"\" data-medium-file=\"https:\/\/i0.wp.com\/blogdalucianaoliveira.com.br\/blog\/wp-content\/uploads\/2017\/07\/moro1-1.jpg?fit=165%2C300\" data-large-file=\"https:\/\/i0.wp.com\/blogdalucianaoliveira.com.br\/blog\/wp-content\/uploads\/2017\/07\/moro1-1.jpg?fit=280%2C509\" src=\"https:\/\/i0.wp.com\/blogdalucianaoliveira.com.br\/blog\/wp-content\/uploads\/2017\/07\/moro1-1.jpg?resize=280%2C509\" alt=\"moro1\" width=\"280\" height=\"509\" class=\"alignnone size-full wp-image-12356\" srcset=\"https:\/\/i0.wp.com\/blogdalucianaoliveira.com.br\/blog\/wp-content\/uploads\/2017\/07\/moro1-1.jpg?w=280 280w, https:\/\/i0.wp.com\/blogdalucianaoliveira.com.br\/blog\/wp-content\/uploads\/2017\/07\/moro1-1.jpg?resize=165%2C300 165w\" sizes=\"auto, (max-width: 280px) 100vw, 280px\" \/><\/p>\n<p>Segundo o mesmo jornal  milh\u00f5es de brasileiros consideram Moro um hero\u00ed no entanto outros dizem que age como militante pol\u00edtico que tem como meta a destrui\u00e7\u00e3o de Lula e do PT do cen\u00e1rio pol\u00edtico nacional e que com a condena\u00e7\u00e3o de Lula isso refor\u00e7a a tese. <\/p>\n<p><iframe loading=\"lazy\" src=\"https:\/\/www.facebook.com\/plugins\/video.php?href=https%3A%2F%2Fwww.facebook.com%2Fbotandoapilha%2Fvideos%2F1560448717360126%2F&#038;show_text=0&#038;width=220\" width=\"220\" height=\"400\" style=\"border:none;overflow:hidden\" scrolling=\"no\" frameborder=\"0\" allowTransparency=\"true\" allowFullScreen=\"true\"><\/iframe><\/p>\n<p>O jornal tamb\u00e9m fala do uso das dela\u00e7\u00f5es premiadas como maneira de mirar e incriminar Lula diminuindo a pena de delatores que falam e incriminam Lula entre outros fatos que podem ser conferidos abaixo e no link direto ao jornal.<\/p>\n<p>http:\/\/plus.lesoir.be\/104517\/article\/2017-07-13\/sergio-moro-le-juge-qui-vient-de-se-faire-lula<\/p>\n","protected":false},"excerpt":{"rendered":"<p>\u201cL\u2019impartialit\u00e9 de Sergio Moro a d\u00e9j\u00e0 \u00e9t\u00e9 mise en doute.\u201d Jornal fala que imparcialidade de Moro j\u00e1 foi questionada e fala depois da condena\u00e7\u00e3o de Lula e a percep\u00e7\u00e3o sobre o juiz no Brasil.<\/p>\n","protected":false},"author":1,"featured_media":0,"comment_status":"closed","ping_status":"open","sticky":false,"template":"","format":"standard","meta":{"_exactmetrics_skip_tracking":false,"_exactmetrics_sitenote_active":false,"_exactmetrics_sitenote_note":"","_exactmetrics_sitenote_category":0,"jetpack_post_was_ever_published":false,"_jetpack_newsletter_access":"","_jetpack_dont_email_post_to_subs":false,"_jetpack_newsletter_tier_id":0,"_jetpack_memberships_contains_paywalled_content":false,"_jetpack_memberships_contains_paid_content":false,"footnotes":"","jetpack_publicize_message":"","jetpack_publicize_feature_enabled":true,"jetpack_social_post_already_shared":true,"jetpack_social_options":{"image_generator_settings":{"template":"highway","enabled":false},"version":2}},"categories":[1],"tags":[],"class_list":["post-12355","post","type-post","status-publish","format-standard","hentry","category-notas"],"jetpack_publicize_connections":[],"jetpack_sharing_enabled":true,"jetpack_featured_media_url":"","jetpack_shortlink":"https:\/\/wp.me\/p7wKYW-3dh","jetpack-related-posts":[],"_links":{"self":[{"href":"http:\/\/blogdalucianaoliveira.com.br\/blog\/wp-json\/wp\/v2\/posts\/12355","targetHints":{"allow":["GET"]}}],"collection":[{"href":"http:\/\/blogdalucianaoliveira.com.br\/blog\/wp-json\/wp\/v2\/posts"}],"about":[{"href":"http:\/\/blogdalucianaoliveira.com.br\/blog\/wp-json\/wp\/v2\/types\/post"}],"author":[{"embeddable":true,"href":"http:\/\/blogdalucianaoliveira.com.br\/blog\/wp-json\/wp\/v2\/users\/1"}],"replies":[{"embeddable":true,"href":"http:\/\/blogdalucianaoliveira.com.br\/blog\/wp-json\/wp\/v2\/comments?post=12355"}],"version-history":[{"count":1,"href":"http:\/\/blogdalucianaoliveira.com.br\/blog\/wp-json\/wp\/v2\/posts\/12355\/revisions"}],"predecessor-version":[{"id":12357,"href":"http:\/\/blogdalucianaoliveira.com.br\/blog\/wp-json\/wp\/v2\/posts\/12355\/revisions\/12357"}],"wp:attachment":[{"href":"http:\/\/blogdalucianaoliveira.com.br\/blog\/wp-json\/wp\/v2\/media?parent=12355"}],"wp:term":[{"taxonomy":"category","embeddable":true,"href":"http:\/\/blogdalucianaoliveira.com.br\/blog\/wp-json\/wp\/v2\/categories?post=12355"},{"taxonomy":"post_tag","embeddable":true,"href":"http:\/\/blogdalucianaoliveira.com.br\/blog\/wp-json\/wp\/v2\/tags?post=12355"}],"curies":[{"name":"wp","href":"https:\/\/api.w.org\/{rel}","templated":true}]}}