{"id":12367,"date":"2017-07-17T08:30:53","date_gmt":"2017-07-17T12:30:53","guid":{"rendered":"http:\/\/blogdalucianaoliveira.com.br\/blog\/?p=12367"},"modified":"2017-07-17T08:30:53","modified_gmt":"2017-07-17T12:30:53","slug":"pobre-gente-brasileira-acostumada-a-temer-e-a-servir","status":"publish","type":"post","link":"http:\/\/blogdalucianaoliveira.com.br\/blog\/2017\/07\/17\/pobre-gente-brasileira-acostumada-a-temer-e-a-servir\/","title":{"rendered":"Pobre gente brasileira, acostumada a Temer e a servir"},"content":{"rendered":"<p><img data-recalc-dims=\"1\" loading=\"lazy\" decoding=\"async\" data-attachment-id=\"12368\" data-permalink=\"http:\/\/blogdalucianaoliveira.com.br\/blog\/2017\/07\/17\/pobre-gente-brasileira-acostumada-a-temer-e-a-servir\/img_1043\/\" data-orig-file=\"https:\/\/i0.wp.com\/blogdalucianaoliveira.com.br\/blog\/wp-content\/uploads\/2017\/07\/IMG_1043.jpg?fit=720%2C685\" data-orig-size=\"720,685\" data-comments-opened=\"0\" data-image-meta=\"{&quot;aperture&quot;:&quot;0&quot;,&quot;credit&quot;:&quot;&quot;,&quot;camera&quot;:&quot;&quot;,&quot;caption&quot;:&quot;&quot;,&quot;created_timestamp&quot;:&quot;0&quot;,&quot;copyright&quot;:&quot;&quot;,&quot;focal_length&quot;:&quot;0&quot;,&quot;iso&quot;:&quot;0&quot;,&quot;shutter_speed&quot;:&quot;0&quot;,&quot;title&quot;:&quot;&quot;,&quot;orientation&quot;:&quot;1&quot;}\" data-image-title=\"IMG_1043\" data-image-description=\"\" data-image-caption=\"\" data-medium-file=\"https:\/\/i0.wp.com\/blogdalucianaoliveira.com.br\/blog\/wp-content\/uploads\/2017\/07\/IMG_1043.jpg?fit=300%2C285\" data-large-file=\"https:\/\/i0.wp.com\/blogdalucianaoliveira.com.br\/blog\/wp-content\/uploads\/2017\/07\/IMG_1043.jpg?fit=600%2C571\" src=\"https:\/\/i0.wp.com\/blogdalucianaoliveira.com.br\/blog\/wp-content\/uploads\/2017\/07\/IMG_1043.jpg?resize=600%2C571\" alt=\"IMG_1043\" width=\"600\" height=\"571\" class=\"alignnone size-full wp-image-12368\" srcset=\"https:\/\/i0.wp.com\/blogdalucianaoliveira.com.br\/blog\/wp-content\/uploads\/2017\/07\/IMG_1043.jpg?w=720 720w, https:\/\/i0.wp.com\/blogdalucianaoliveira.com.br\/blog\/wp-content\/uploads\/2017\/07\/IMG_1043.jpg?resize=300%2C285 300w, https:\/\/i0.wp.com\/blogdalucianaoliveira.com.br\/blog\/wp-content\/uploads\/2017\/07\/IMG_1043.jpg?resize=315%2C300 315w\" sizes=\"auto, (max-width: 600px) 100vw, 600px\" \/><\/p>\n<p>Bom dia com uma reflex\u00e3o de Darcy Ribeiro sobre O Povo Brasileiro. \ud83d\udc47\ud83c\udffd<\/p>\n<p>\u201dO ruim no Brasil e efetivo fator do atraso, \u00e9 o modo de ordena\u00e7\u00e3o da sociedade, estruturada contra os interesses da popula\u00e7\u00e3o, desde sempre sangrada para servir a des\u00edgnios alheios e opostos aos seus.&#8221;<!--more--><\/p>\n<p>O que Darcy escreveu em 1995, pra tr\u00e1s ou pra frente, segue sendo. <\/p>\n<p>&#8220;O que houve e h\u00e1 \u00e9 uma minoria dominante, espantosamente eficaz na formula\u00e7\u00e3o e manuten\u00e7\u00e3o de seu pr\u00f3prio projeto de prosperidade, sempre pronta a esmagar qualquer amea\u00e7a de reforma da ordem social vigente\u201d<\/p>\n","protected":false},"excerpt":{"rendered":"<p>Bom dia com uma reflex\u00e3o de Darcy Ribeiro sobre O Povo Brasileiro. \ud83d\udc47\ud83c\udffd \u201dO ruim no Brasil e efetivo fator do atraso, \u00e9 o modo de ordena\u00e7\u00e3o da sociedade, estruturada contra os interesses da popula\u00e7\u00e3o, desde sempre sangrada para servir a des\u00edgnios alheios e opostos aos seus.&#8221;<\/p>\n","protected":false},"author":1,"featured_media":0,"comment_status":"closed","ping_status":"open","sticky":false,"template":"","format":"standard","meta":{"_exactmetrics_skip_tracking":false,"_exactmetrics_sitenote_active":false,"_exactmetrics_sitenote_note":"","_exactmetrics_sitenote_category":0,"jetpack_post_was_ever_published":false,"_jetpack_newsletter_access":"","_jetpack_dont_email_post_to_subs":false,"_jetpack_newsletter_tier_id":0,"_jetpack_memberships_contains_paywalled_content":false,"_jetpack_memberships_contains_paid_content":false,"footnotes":"","jetpack_publicize_message":"","jetpack_publicize_feature_enabled":true,"jetpack_social_post_already_shared":true,"jetpack_social_options":{"image_generator_settings":{"template":"highway","enabled":false},"version":2}},"categories":[1],"tags":[],"class_list":["post-12367","post","type-post","status-publish","format-standard","hentry","category-notas"],"jetpack_publicize_connections":[],"jetpack_sharing_enabled":true,"jetpack_featured_media_url":"","jetpack_shortlink":"https:\/\/wp.me\/p7wKYW-3dt","jetpack-related-posts":[],"_links":{"self":[{"href":"http:\/\/blogdalucianaoliveira.com.br\/blog\/wp-json\/wp\/v2\/posts\/12367","targetHints":{"allow":["GET"]}}],"collection":[{"href":"http:\/\/blogdalucianaoliveira.com.br\/blog\/wp-json\/wp\/v2\/posts"}],"about":[{"href":"http:\/\/blogdalucianaoliveira.com.br\/blog\/wp-json\/wp\/v2\/types\/post"}],"author":[{"embeddable":true,"href":"http:\/\/blogdalucianaoliveira.com.br\/blog\/wp-json\/wp\/v2\/users\/1"}],"replies":[{"embeddable":true,"href":"http:\/\/blogdalucianaoliveira.com.br\/blog\/wp-json\/wp\/v2\/comments?post=12367"}],"version-history":[{"count":1,"href":"http:\/\/blogdalucianaoliveira.com.br\/blog\/wp-json\/wp\/v2\/posts\/12367\/revisions"}],"predecessor-version":[{"id":12369,"href":"http:\/\/blogdalucianaoliveira.com.br\/blog\/wp-json\/wp\/v2\/posts\/12367\/revisions\/12369"}],"wp:attachment":[{"href":"http:\/\/blogdalucianaoliveira.com.br\/blog\/wp-json\/wp\/v2\/media?parent=12367"}],"wp:term":[{"taxonomy":"category","embeddable":true,"href":"http:\/\/blogdalucianaoliveira.com.br\/blog\/wp-json\/wp\/v2\/categories?post=12367"},{"taxonomy":"post_tag","embeddable":true,"href":"http:\/\/blogdalucianaoliveira.com.br\/blog\/wp-json\/wp\/v2\/tags?post=12367"}],"curies":[{"name":"wp","href":"https:\/\/api.w.org\/{rel}","templated":true}]}}