{"id":12378,"date":"2017-07-17T10:39:34","date_gmt":"2017-07-17T14:39:34","guid":{"rendered":"http:\/\/blogdalucianaoliveira.com.br\/blog\/?p=12378"},"modified":"2017-07-17T10:39:34","modified_gmt":"2017-07-17T14:39:34","slug":"artista-e-preso-durante-apresentacao-que-integra-o-palco-giratorio-do-sesc","status":"publish","type":"post","link":"http:\/\/blogdalucianaoliveira.com.br\/blog\/2017\/07\/17\/artista-e-preso-durante-apresentacao-que-integra-o-palco-giratorio-do-sesc\/","title":{"rendered":"Artista \u00e9 preso durante apresenta\u00e7\u00e3o que integra o Palco Girat\u00f3rio, do Sesc"},"content":{"rendered":"<p><img data-recalc-dims=\"1\" loading=\"lazy\" decoding=\"async\" data-attachment-id=\"12379\" data-permalink=\"http:\/\/blogdalucianaoliveira.com.br\/blog\/2017\/07\/17\/artista-e-preso-durante-apresentacao-que-integra-o-palco-giratorio-do-sesc\/img_1059\/\" data-orig-file=\"https:\/\/i0.wp.com\/blogdalucianaoliveira.com.br\/blog\/wp-content\/uploads\/2017\/07\/IMG_1059.jpg?fit=800%2C489\" data-orig-size=\"800,489\" data-comments-opened=\"0\" data-image-meta=\"{&quot;aperture&quot;:&quot;3.2&quot;,&quot;credit&quot;:&quot;&quot;,&quot;camera&quot;:&quot;Canon EOS 6D&quot;,&quot;caption&quot;:&quot;&quot;,&quot;created_timestamp&quot;:&quot;1425933145&quot;,&quot;copyright&quot;:&quot;&quot;,&quot;focal_length&quot;:&quot;50&quot;,&quot;iso&quot;:&quot;800&quot;,&quot;shutter_speed&quot;:&quot;0.0125&quot;,&quot;title&quot;:&quot;&quot;,&quot;orientation&quot;:&quot;0&quot;}\" data-image-title=\"IMG_1059\" data-image-description=\"\" data-image-caption=\"\" data-medium-file=\"https:\/\/i0.wp.com\/blogdalucianaoliveira.com.br\/blog\/wp-content\/uploads\/2017\/07\/IMG_1059.jpg?fit=300%2C183\" data-large-file=\"https:\/\/i0.wp.com\/blogdalucianaoliveira.com.br\/blog\/wp-content\/uploads\/2017\/07\/IMG_1059.jpg?fit=600%2C367\" src=\"https:\/\/i0.wp.com\/blogdalucianaoliveira.com.br\/blog\/wp-content\/uploads\/2017\/07\/IMG_1059.jpg?resize=600%2C367\" alt=\"IMG_1059\" width=\"600\" height=\"367\" class=\"alignnone size-full wp-image-12379\" srcset=\"https:\/\/i0.wp.com\/blogdalucianaoliveira.com.br\/blog\/wp-content\/uploads\/2017\/07\/IMG_1059.jpg?w=800 800w, https:\/\/i0.wp.com\/blogdalucianaoliveira.com.br\/blog\/wp-content\/uploads\/2017\/07\/IMG_1059.jpg?resize=300%2C183 300w, https:\/\/i0.wp.com\/blogdalucianaoliveira.com.br\/blog\/wp-content\/uploads\/2017\/07\/IMG_1059.jpg?resize=768%2C469 768w, https:\/\/i0.wp.com\/blogdalucianaoliveira.com.br\/blog\/wp-content\/uploads\/2017\/07\/IMG_1059.jpg?resize=491%2C300 491w\" sizes=\"auto, (max-width: 600px) 100vw, 600px\" \/><\/p>\n<p>No Correio Braziliense<\/p>\n<p>Uma performance art\u00edstica interrompida pela Pol\u00edcia Militar no s\u00e1bado (15\/7) \u00e0 tarde, em frente ao Museu Nacional da Rep\u00fablica, fazia parte da programa\u00e7\u00e3o do evento Palco Girat\u00f3rio, mostra teatral promovida pelo Servi\u00e7o Social do Com\u00e9rcio (Sesc). <!--more--><\/p>\n<p>Na a\u00e7\u00e3o da PM, o dan\u00e7arino e performer paranaense Maikon Kempinski acabou detido e levado para a 5\u00aa Delegacia de Pol\u00edcia (Asa Sul), onde precisou assinar um termo circunstanciado de ato obsceno.<\/p>\n<p>O Correio falou com o artista na manh\u00e3 deste domingo. Maikon K, seu nome art\u00edstico, se mostrou indignado com a situa\u00e7\u00e3o e lamentou que seu cen\u00e1rio tenha sido rasgado pelos militares, mas preferiu n\u00e3o comentar mais sobre o caso por esperar um posicionamento da organiza\u00e7\u00e3o do Palco Girat\u00f3rio. O Sesc informou que s\u00f3 se posicionar\u00e1 na segunda-feira.  <\/p>\n<p>Na apresenta\u00e7\u00e3o \u2014 chamada DNA de DAN e que j\u00e1 passou por palcos de v\u00e1rias cidades do pa\u00eds \u2014, o artista fica dentro de uma bolha pl\u00e1stica e tem aplicado sobre o corpo nu uma subst\u00e2ncia que se resseca aos poucos, at\u00e9 formar uma esp\u00e9cie de segunda pele. Para n\u00e3o romp\u00ea-la, o artista \u00e9 obrigado a respirar cada vez menos. <\/p>\n<p>O rompimento, no entanto, \u00e9 inevit\u00e1vel e, quando acontece, Maikon d\u00e1 in\u00edcio a uma dan\u00e7a desenvolvida a partir de uma pesquisa sobre arqu\u00e9tipos e elementos espirituais. Em um v\u00eddeo feito sobre a apresenta\u00e7\u00e3o, Maikon explica que sua dan\u00e7a \u00e9 inspirada no arqu\u00e9tipo da serpente. <\/p>\n<div class=\"jetpack-video-wrapper\"><span class=\"embed-youtube\" style=\"text-align:center; display: block;\"><iframe loading=\"lazy\" class=\"youtube-player\" width=\"600\" height=\"338\" src=\"https:\/\/www.youtube.com\/embed\/bWf9PQW2EDo?version=3&#038;rel=1&#038;showsearch=0&#038;showinfo=1&#038;iv_load_policy=1&#038;fs=1&#038;hl=pt-BR&#038;autohide=2&#038;wmode=transparent\" allowfullscreen=\"true\" style=\"border:0;\" sandbox=\"allow-scripts allow-same-origin allow-popups allow-presentation allow-popups-to-escape-sandbox\"><\/iframe><\/span><\/div>\n","protected":false},"excerpt":{"rendered":"<p>No Correio Braziliense Uma performance art\u00edstica interrompida pela Pol\u00edcia Militar no s\u00e1bado (15\/7) \u00e0 tarde, em frente ao Museu Nacional da Rep\u00fablica, fazia parte da programa\u00e7\u00e3o do evento Palco Girat\u00f3rio, mostra teatral promovida pelo Servi\u00e7o Social do Com\u00e9rcio (Sesc).<\/p>\n","protected":false},"author":1,"featured_media":0,"comment_status":"closed","ping_status":"open","sticky":false,"template":"","format":"standard","meta":{"_exactmetrics_skip_tracking":false,"_exactmetrics_sitenote_active":false,"_exactmetrics_sitenote_note":"","_exactmetrics_sitenote_category":0,"jetpack_post_was_ever_published":false,"_jetpack_newsletter_access":"","_jetpack_dont_email_post_to_subs":false,"_jetpack_newsletter_tier_id":0,"_jetpack_memberships_contains_paywalled_content":false,"_jetpack_memberships_contains_paid_content":false,"footnotes":"","jetpack_publicize_message":"","jetpack_publicize_feature_enabled":true,"jetpack_social_post_already_shared":true,"jetpack_social_options":{"image_generator_settings":{"template":"highway","enabled":false},"version":2}},"categories":[1],"tags":[],"class_list":["post-12378","post","type-post","status-publish","format-standard","hentry","category-notas"],"jetpack_publicize_connections":[],"jetpack_sharing_enabled":true,"jetpack_featured_media_url":"","jetpack_shortlink":"https:\/\/wp.me\/p7wKYW-3dE","jetpack-related-posts":[],"_links":{"self":[{"href":"http:\/\/blogdalucianaoliveira.com.br\/blog\/wp-json\/wp\/v2\/posts\/12378","targetHints":{"allow":["GET"]}}],"collection":[{"href":"http:\/\/blogdalucianaoliveira.com.br\/blog\/wp-json\/wp\/v2\/posts"}],"about":[{"href":"http:\/\/blogdalucianaoliveira.com.br\/blog\/wp-json\/wp\/v2\/types\/post"}],"author":[{"embeddable":true,"href":"http:\/\/blogdalucianaoliveira.com.br\/blog\/wp-json\/wp\/v2\/users\/1"}],"replies":[{"embeddable":true,"href":"http:\/\/blogdalucianaoliveira.com.br\/blog\/wp-json\/wp\/v2\/comments?post=12378"}],"version-history":[{"count":1,"href":"http:\/\/blogdalucianaoliveira.com.br\/blog\/wp-json\/wp\/v2\/posts\/12378\/revisions"}],"predecessor-version":[{"id":12380,"href":"http:\/\/blogdalucianaoliveira.com.br\/blog\/wp-json\/wp\/v2\/posts\/12378\/revisions\/12380"}],"wp:attachment":[{"href":"http:\/\/blogdalucianaoliveira.com.br\/blog\/wp-json\/wp\/v2\/media?parent=12378"}],"wp:term":[{"taxonomy":"category","embeddable":true,"href":"http:\/\/blogdalucianaoliveira.com.br\/blog\/wp-json\/wp\/v2\/categories?post=12378"},{"taxonomy":"post_tag","embeddable":true,"href":"http:\/\/blogdalucianaoliveira.com.br\/blog\/wp-json\/wp\/v2\/tags?post=12378"}],"curies":[{"name":"wp","href":"https:\/\/api.w.org\/{rel}","templated":true}]}}