{"id":12384,"date":"2017-07-18T08:18:25","date_gmt":"2017-07-18T12:18:25","guid":{"rendered":"http:\/\/blogdalucianaoliveira.com.br\/blog\/?p=12384"},"modified":"2017-07-18T08:18:25","modified_gmt":"2017-07-18T12:18:25","slug":"golpe-faz-brasil-desabar-em-ranking-de-influencia-diplomatica","status":"publish","type":"post","link":"http:\/\/blogdalucianaoliveira.com.br\/blog\/2017\/07\/18\/golpe-faz-brasil-desabar-em-ranking-de-influencia-diplomatica\/","title":{"rendered":"GOLPE FAZ BRASIL DESABAR EM RANKING DE INFLU\u00caNCIA DIPLOM\u00c1TICA"},"content":{"rendered":"<p><img data-recalc-dims=\"1\" loading=\"lazy\" decoding=\"async\" data-attachment-id=\"12385\" data-permalink=\"http:\/\/blogdalucianaoliveira.com.br\/blog\/2017\/07\/18\/golpe-faz-brasil-desabar-em-ranking-de-influencia-diplomatica\/img_1070\/\" data-orig-file=\"https:\/\/i0.wp.com\/blogdalucianaoliveira.com.br\/blog\/wp-content\/uploads\/2017\/07\/IMG_1070.jpg?fit=480%2C240\" data-orig-size=\"480,240\" data-comments-opened=\"0\" data-image-meta=\"{&quot;aperture&quot;:&quot;0&quot;,&quot;credit&quot;:&quot;&quot;,&quot;camera&quot;:&quot;&quot;,&quot;caption&quot;:&quot;&quot;,&quot;created_timestamp&quot;:&quot;0&quot;,&quot;copyright&quot;:&quot;&quot;,&quot;focal_length&quot;:&quot;0&quot;,&quot;iso&quot;:&quot;0&quot;,&quot;shutter_speed&quot;:&quot;0&quot;,&quot;title&quot;:&quot;&quot;,&quot;orientation&quot;:&quot;0&quot;}\" data-image-title=\"IMG_1070\" data-image-description=\"\" data-image-caption=\"\" data-medium-file=\"https:\/\/i0.wp.com\/blogdalucianaoliveira.com.br\/blog\/wp-content\/uploads\/2017\/07\/IMG_1070.jpg?fit=300%2C150\" data-large-file=\"https:\/\/i0.wp.com\/blogdalucianaoliveira.com.br\/blog\/wp-content\/uploads\/2017\/07\/IMG_1070.jpg?fit=480%2C240\" src=\"https:\/\/i0.wp.com\/blogdalucianaoliveira.com.br\/blog\/wp-content\/uploads\/2017\/07\/IMG_1070.jpg?resize=480%2C240\" alt=\"IMG_1070\" width=\"480\" height=\"240\" class=\"alignnone size-full wp-image-12385\" srcset=\"https:\/\/i0.wp.com\/blogdalucianaoliveira.com.br\/blog\/wp-content\/uploads\/2017\/07\/IMG_1070.jpg?w=480 480w, https:\/\/i0.wp.com\/blogdalucianaoliveira.com.br\/blog\/wp-content\/uploads\/2017\/07\/IMG_1070.jpg?resize=300%2C150 300w\" sizes=\"auto, (max-width: 480px) 100vw, 480px\" \/><\/p>\n<p>247 &#8211; As pol\u00edticas entreguistas e incompetentes de Aloysio Nunes e Michel Temer fazem o Brasil passar vergonha internacional.<!--more--><\/p>\n<p>O Brasil caiu de 24\u00ba para 29\u00ba lugar entre os 30 pa\u00edses do ranking de \u201csoft power\u201d, conceito da diplomacia que estima o poder de influ\u00eancia dos pa\u00edses nas rela\u00e7\u00f5es internacionais com base em crit\u00e9rios n\u00e3o-militares, como cultura, penetra\u00e7\u00e3o digital, entre outros, em oposi\u00e7\u00e3o ao \u201chard power\u201d das rela\u00e7\u00f5es baseadas na for\u00e7a. A University of Southern California (USC) divulga nesta ter\u00e7a-feira a terceira edi\u00e7\u00e3o do ranking, elaborado pelo seu departamento de estudos da diplomacia.<\/p>\n<p>Em 2015, o Brasil havia aparecido na 23\u00aa posi\u00e7\u00e3o, tendo ca\u00eddo um posto no ano passado e agora mais cinco posi\u00e7\u00f5es, a maior queda entre todos os pa\u00edses no \u00faltimo ano. Em seu coment\u00e1rio sobre a situa\u00e7\u00e3o brasileira, os pesquisadores da USC afirmam que \u201cas Olimp\u00edadas do Rio parecem ter fracassado em mascarar os profundos problemas econ\u00f4micos e sociais que o pa\u00eds encara\u201d.<\/p>\n<p>Os pesquisadores elaboraram uma equa\u00e7\u00e3o pr\u00f3pria para estabelecer a pontua\u00e7\u00e3o de cada pa\u00eds e formar o ranking. Com um peso de 70% na pontua\u00e7\u00e3o final, s\u00e3o estabelecidos seis crit\u00e9rios \u201cobjetivos\u201d, com pontua\u00e7\u00e3o para os itens de governo, for\u00e7a do setor privado, engajamento da sociedade, influ\u00eancia e integra\u00e7\u00e3o digital, educa\u00e7\u00e3o e cultura. Os demais 30% da pontua\u00e7\u00e3o s\u00e3o formados por crit\u00e9rios \u201csubjetivos\u201d que mostram a integra\u00e7\u00e3o com o resto do globo, como a percep\u00e7\u00e3o, por na\u00e7\u00f5es estrangeiras, de sua contribui\u00e7\u00e3o \u00e0 cultura global, entre outros pontos.<\/p>\n","protected":false},"excerpt":{"rendered":"<p>247 &#8211; As pol\u00edticas entreguistas e incompetentes de Aloysio Nunes e Michel Temer fazem o Brasil passar vergonha internacional.<\/p>\n","protected":false},"author":1,"featured_media":0,"comment_status":"closed","ping_status":"open","sticky":false,"template":"","format":"standard","meta":{"_exactmetrics_skip_tracking":false,"_exactmetrics_sitenote_active":false,"_exactmetrics_sitenote_note":"","_exactmetrics_sitenote_category":0,"jetpack_post_was_ever_published":false,"_jetpack_newsletter_access":"","_jetpack_dont_email_post_to_subs":false,"_jetpack_newsletter_tier_id":0,"_jetpack_memberships_contains_paywalled_content":false,"_jetpack_memberships_contains_paid_content":false,"footnotes":"","jetpack_publicize_message":"","jetpack_publicize_feature_enabled":true,"jetpack_social_post_already_shared":true,"jetpack_social_options":{"image_generator_settings":{"template":"highway","enabled":false},"version":2}},"categories":[1],"tags":[],"class_list":["post-12384","post","type-post","status-publish","format-standard","hentry","category-notas"],"jetpack_publicize_connections":[],"jetpack_sharing_enabled":true,"jetpack_featured_media_url":"","jetpack_shortlink":"https:\/\/wp.me\/p7wKYW-3dK","jetpack-related-posts":[],"_links":{"self":[{"href":"http:\/\/blogdalucianaoliveira.com.br\/blog\/wp-json\/wp\/v2\/posts\/12384","targetHints":{"allow":["GET"]}}],"collection":[{"href":"http:\/\/blogdalucianaoliveira.com.br\/blog\/wp-json\/wp\/v2\/posts"}],"about":[{"href":"http:\/\/blogdalucianaoliveira.com.br\/blog\/wp-json\/wp\/v2\/types\/post"}],"author":[{"embeddable":true,"href":"http:\/\/blogdalucianaoliveira.com.br\/blog\/wp-json\/wp\/v2\/users\/1"}],"replies":[{"embeddable":true,"href":"http:\/\/blogdalucianaoliveira.com.br\/blog\/wp-json\/wp\/v2\/comments?post=12384"}],"version-history":[{"count":1,"href":"http:\/\/blogdalucianaoliveira.com.br\/blog\/wp-json\/wp\/v2\/posts\/12384\/revisions"}],"predecessor-version":[{"id":12386,"href":"http:\/\/blogdalucianaoliveira.com.br\/blog\/wp-json\/wp\/v2\/posts\/12384\/revisions\/12386"}],"wp:attachment":[{"href":"http:\/\/blogdalucianaoliveira.com.br\/blog\/wp-json\/wp\/v2\/media?parent=12384"}],"wp:term":[{"taxonomy":"category","embeddable":true,"href":"http:\/\/blogdalucianaoliveira.com.br\/blog\/wp-json\/wp\/v2\/categories?post=12384"},{"taxonomy":"post_tag","embeddable":true,"href":"http:\/\/blogdalucianaoliveira.com.br\/blog\/wp-json\/wp\/v2\/tags?post=12384"}],"curies":[{"name":"wp","href":"https:\/\/api.w.org\/{rel}","templated":true}]}}