{"id":12387,"date":"2017-07-18T09:15:02","date_gmt":"2017-07-18T13:15:02","guid":{"rendered":"http:\/\/blogdalucianaoliveira.com.br\/blog\/?p=12387"},"modified":"2017-07-18T09:15:02","modified_gmt":"2017-07-18T13:15:02","slug":"gilmar-e-temer-articulam-parlamentarismo-para-garantir-o-poder-aos-corruptos","status":"publish","type":"post","link":"http:\/\/blogdalucianaoliveira.com.br\/blog\/2017\/07\/18\/gilmar-e-temer-articulam-parlamentarismo-para-garantir-o-poder-aos-corruptos\/","title":{"rendered":"Gilmar e Temer articulam parlamentarismo para garantir o poder aos corruptos"},"content":{"rendered":"<p><img data-recalc-dims=\"1\" loading=\"lazy\" decoding=\"async\" data-attachment-id=\"12388\" data-permalink=\"http:\/\/blogdalucianaoliveira.com.br\/blog\/2017\/07\/18\/gilmar-e-temer-articulam-parlamentarismo-para-garantir-o-poder-aos-corruptos\/gilmar-mendes-no-jaburu\/\" data-orig-file=\"https:\/\/i0.wp.com\/blogdalucianaoliveira.com.br\/blog\/wp-content\/uploads\/2017\/07\/Gilmar-Mendes-no-Jaburu.jpg?fit=600%2C349\" data-orig-size=\"600,349\" data-comments-opened=\"0\" data-image-meta=\"{&quot;aperture&quot;:&quot;0&quot;,&quot;credit&quot;:&quot;&quot;,&quot;camera&quot;:&quot;&quot;,&quot;caption&quot;:&quot;&quot;,&quot;created_timestamp&quot;:&quot;0&quot;,&quot;copyright&quot;:&quot;&quot;,&quot;focal_length&quot;:&quot;0&quot;,&quot;iso&quot;:&quot;0&quot;,&quot;shutter_speed&quot;:&quot;0&quot;,&quot;title&quot;:&quot;&quot;,&quot;orientation&quot;:&quot;1&quot;}\" data-image-title=\"Gilmar-Mendes-no-Jaburu\" data-image-description=\"\" data-image-caption=\"\" data-medium-file=\"https:\/\/i0.wp.com\/blogdalucianaoliveira.com.br\/blog\/wp-content\/uploads\/2017\/07\/Gilmar-Mendes-no-Jaburu.jpg?fit=300%2C175\" data-large-file=\"https:\/\/i0.wp.com\/blogdalucianaoliveira.com.br\/blog\/wp-content\/uploads\/2017\/07\/Gilmar-Mendes-no-Jaburu.jpg?fit=600%2C349\" src=\"https:\/\/i0.wp.com\/blogdalucianaoliveira.com.br\/blog\/wp-content\/uploads\/2017\/07\/Gilmar-Mendes-no-Jaburu.jpg?resize=600%2C349\" alt=\"Gilmar-Mendes-no-Jaburu\" width=\"600\" height=\"349\" class=\"alignnone size-full wp-image-12388\" srcset=\"https:\/\/i0.wp.com\/blogdalucianaoliveira.com.br\/blog\/wp-content\/uploads\/2017\/07\/Gilmar-Mendes-no-Jaburu.jpg?w=600 600w, https:\/\/i0.wp.com\/blogdalucianaoliveira.com.br\/blog\/wp-content\/uploads\/2017\/07\/Gilmar-Mendes-no-Jaburu.jpg?resize=300%2C175 300w, https:\/\/i0.wp.com\/blogdalucianaoliveira.com.br\/blog\/wp-content\/uploads\/2017\/07\/Gilmar-Mendes-no-Jaburu.jpg?resize=516%2C300 516w\" sizes=\"auto, (max-width: 600px) 100vw, 600px\" \/><\/p>\n<p>No DCM, por Joaquim de Carvalho<\/p>\n<p>Um dia depois do ministro Gilmar Mendes, do Supremo Tribunal Federal, postar no Twitter uma foto com um livro sobre parlamentarismo, a Folha publica reportagem sobre o tema e crava que a mudan\u00e7a de sistema de governo voltou ao debate.<\/p>\n<p>Em tese, Gilmar Mendes est\u00e1 no Supremo para ser o guardi\u00e3o da Constitui\u00e7\u00e3o \u2013 este \u00e9 o papel do ministro da corte suprema em qualquer democracia \u2013, mas no Brasil ele puxa o debate para mudar o texto constitucional. \u00c9 mais uma jabuticaba.<!--more--><\/p>\n<p>Diz a Folha:<\/p>\n<p>O ministro Gilmar Mendes, do Supremo Tribunal Federal, tratou do tema com o presidente Michel Temer h\u00e1 poucos dias e os dois ficaram de retom\u00e1-lo em breve.<\/p>\n<p>\u201cTem de haver uma redu\u00e7\u00e3o dessa multiplicidade de partidos para que o sistema se consolide. O nosso presidencialismo esgar\u00e7ou-se demais\u201d, observou Gilmar.<\/p>\n<p>\u201cDos quatro presidentes p\u00f3s-1988, s\u00f3 dois terminaram os mandatos. H\u00e1 algo de patol\u00f3gico. Eu quero contribuir para a discuss\u00e3o.\u201d<\/p>\n<p>Conversa.<\/p>\n<p>A direita brasileira sempre colocou o tema do parlamentarismo na mesa para evitar governos populares.<\/p>\n<p>Foi assim em 1961, quando J\u00e2nio renunciou. Foi assim tamb\u00e9m na Constitui\u00e7\u00e3o de 1988.<\/p>\n<p>A popula\u00e7\u00e3o foi consultada duas vezes, atrav\u00e9s de plebiscito, e rejeitou a ideias nas duas ocasi\u00f5es.<\/p>\n<p>Segundo a Folha, o senador Jos\u00e9 Serra (o Careca da Odebrecht) j\u00e1 convenceu o presidente do Senador, Eun\u00edcio de Oliveira, a instalar a comiss\u00e3o que vai analisar uma proposta de emenda constitucional de Aloysio Nunes Ferreira, o grande defensor da democracia\u2026 na Venezuela. (por aqui, incineram-se 54 milh\u00f5es de votos sem problema e se diz que as institui\u00e7\u00f5es funcionam plenamente).<\/p>\n<p>A comiss\u00e3o ser\u00e1 instalada em agosto.<\/p>\n<p>O parlamentarismo refor\u00e7a o poder do Congresso, de onde viria a sustenta\u00e7\u00e3o do primeiro-ministro.<\/p>\n<p>No Brasil, implantado o sistema, ganhariam pol\u00edticos que t\u00eam o controle sobre o parlamento \u2013 conquistado voc\u00ea sabe como.<\/p>\n<p>Michel Temer e A\u00e9cio Neves seriam candidat\u00edssimos a primeiro-ministro.<\/p>\n<p>Um acaba de derrubar na CCJ o relat\u00f3rio que determinava seu afastamento por den\u00fancia de corrup\u00e7\u00e3o.<\/p>\n<p>O outro conseguiu sepultar no Conselho de \u00c9tica do Senado a proposta de cassa\u00e7\u00e3o de seu mandato, tamb\u00e9m por responder \u00e0 den\u00fancia de corrup\u00e7\u00e3o.<\/p>\n<p>\u00c9 este o Brasil e os brasileiros que Gilmar Mendes defende.<\/p>\n<p>O parlamentarismo \u00e9 s\u00f3 um pretexto para afastar o povo do poder e impedir o avan\u00e7o dos direitos sociais.<\/p>\n","protected":false},"excerpt":{"rendered":"<p>No DCM, por Joaquim de Carvalho Um dia depois do ministro Gilmar Mendes, do Supremo Tribunal Federal, postar no Twitter uma foto com um livro sobre parlamentarismo, a Folha publica reportagem sobre o tema e crava que a mudan\u00e7a de sistema de governo voltou ao debate. Em tese, Gilmar Mendes est\u00e1 no Supremo para ser&#8230;<a class=\"more-link\" href=\"http:\/\/blogdalucianaoliveira.com.br\/blog\/2017\/07\/18\/gilmar-e-temer-articulam-parlamentarismo-para-garantir-o-poder-aos-corruptos\/\">Continue a leitura <span class=\"meta-nav\">&raquo;<\/span><\/a><\/p>\n","protected":false},"author":1,"featured_media":0,"comment_status":"closed","ping_status":"open","sticky":false,"template":"","format":"standard","meta":{"_exactmetrics_skip_tracking":false,"_exactmetrics_sitenote_active":false,"_exactmetrics_sitenote_note":"","_exactmetrics_sitenote_category":0,"jetpack_post_was_ever_published":false,"_jetpack_newsletter_access":"","_jetpack_dont_email_post_to_subs":false,"_jetpack_newsletter_tier_id":0,"_jetpack_memberships_contains_paywalled_content":false,"_jetpack_memberships_contains_paid_content":false,"footnotes":"","jetpack_publicize_message":"","jetpack_publicize_feature_enabled":true,"jetpack_social_post_already_shared":true,"jetpack_social_options":{"image_generator_settings":{"template":"highway","enabled":false},"version":2}},"categories":[1],"tags":[],"class_list":["post-12387","post","type-post","status-publish","format-standard","hentry","category-notas"],"jetpack_publicize_connections":[],"jetpack_sharing_enabled":true,"jetpack_featured_media_url":"","jetpack_shortlink":"https:\/\/wp.me\/p7wKYW-3dN","jetpack-related-posts":[],"_links":{"self":[{"href":"http:\/\/blogdalucianaoliveira.com.br\/blog\/wp-json\/wp\/v2\/posts\/12387","targetHints":{"allow":["GET"]}}],"collection":[{"href":"http:\/\/blogdalucianaoliveira.com.br\/blog\/wp-json\/wp\/v2\/posts"}],"about":[{"href":"http:\/\/blogdalucianaoliveira.com.br\/blog\/wp-json\/wp\/v2\/types\/post"}],"author":[{"embeddable":true,"href":"http:\/\/blogdalucianaoliveira.com.br\/blog\/wp-json\/wp\/v2\/users\/1"}],"replies":[{"embeddable":true,"href":"http:\/\/blogdalucianaoliveira.com.br\/blog\/wp-json\/wp\/v2\/comments?post=12387"}],"version-history":[{"count":1,"href":"http:\/\/blogdalucianaoliveira.com.br\/blog\/wp-json\/wp\/v2\/posts\/12387\/revisions"}],"predecessor-version":[{"id":12389,"href":"http:\/\/blogdalucianaoliveira.com.br\/blog\/wp-json\/wp\/v2\/posts\/12387\/revisions\/12389"}],"wp:attachment":[{"href":"http:\/\/blogdalucianaoliveira.com.br\/blog\/wp-json\/wp\/v2\/media?parent=12387"}],"wp:term":[{"taxonomy":"category","embeddable":true,"href":"http:\/\/blogdalucianaoliveira.com.br\/blog\/wp-json\/wp\/v2\/categories?post=12387"},{"taxonomy":"post_tag","embeddable":true,"href":"http:\/\/blogdalucianaoliveira.com.br\/blog\/wp-json\/wp\/v2\/tags?post=12387"}],"curies":[{"name":"wp","href":"https:\/\/api.w.org\/{rel}","templated":true}]}}