{"id":12390,"date":"2017-07-18T09:28:38","date_gmt":"2017-07-18T13:28:38","guid":{"rendered":"http:\/\/blogdalucianaoliveira.com.br\/blog\/?p=12390"},"modified":"2017-07-18T09:31:36","modified_gmt":"2017-07-18T13:31:36","slug":"tradicao-folclorica-movimenta-comunidades-do-baixo-madeira","status":"publish","type":"post","link":"http:\/\/blogdalucianaoliveira.com.br\/blog\/2017\/07\/18\/tradicao-folclorica-movimenta-comunidades-do-baixo-madeira\/","title":{"rendered":"TRADI\u00c7\u00c3O FOLCL\u00d3RICA MOVIMENTA COMUNIDADES DO BAIXO MADEIRA"},"content":{"rendered":"<p>A 51\u00aa do Festival Folcl\u00f3rico de Nazar\u00e9,  criado pelo professor vision\u00e1rio Maciel Nunes, acontece no pr\u00f3ximo fim de semana, nos dias 21 e 22.<!--more--><\/p>\n<p>O festejo envolve n\u00e3o s\u00f3 a comunidade do distrito de Nazar\u00e9, mas as vizinhas no baixo Madeira e visitantes da capital.<\/p>\n<p>V\u00e1rias embarca\u00e7\u00f5es se deslocam at\u00e9 l\u00e1 para prestigiar apresenta\u00e7\u00f5es do Boi Bumb\u00e1 Curumim, dan\u00e7as t\u00edpicas como carimb\u00f3, seringand\u00f4, quadrilha, shows da velha guarda de compositores e do grupo Minhas Ra\u00edzes.<\/p>\n<p>Todos os anos tamb\u00e9m participam da arruma\u00e7\u00e3o e da festa, representantes da ONG Napra e do projeto Doutores Sem Fronteiras que unem o \u00fatil ao agrad\u00e1vel levando atendimento \u00e0 comunidade.<\/p>\n<p>O grupo musical Minhas Ra\u00edzes esse ano apresentar\u00e1 m\u00fasicas do terceiro CD e a expectativa \u00e9 grande para a apresenta\u00e7\u00e3o no primeiro dia do festival.<\/p>\n<p>H\u00e1 variedade de comidas t\u00edpicas, artesanato e op\u00e7\u00f5es de lazer nos igarap\u00e9s e lagos da comunidade.<\/p>\n<p>Mais que festa, o festival educa \u00e0 prote\u00e7\u00e3o da cultura ribeirinha.<\/p>\n<p><iframe loading=\"lazy\" src=\"https:\/\/www.facebook.com\/plugins\/video.php?href=https%3A%2F%2Fwww.facebook.com%2Finstitutominhasraizes%2Fvideos%2F1337999702935287%2F&#038;show_text=0&#038;width=560\" width=\"560\" height=\"315\" style=\"border:none;overflow:hidden\" scrolling=\"no\" frameborder=\"0\" allowTransparency=\"true\" allowFullScreen=\"true\"><\/iframe><\/p>\n<p>Para chegar ao distrito basta escolher um dos barcos de passeio que se deslocam do porto do Cai n\u2019\u00c1gua, no centro da Capital.<\/p>\n<p>Eis os contatos para reservas e demais informa\u00e7\u00f5es:<\/p>\n<p>Barco Marcos Filho: (69) 9-9272-2053\/9-9348\/9016<br \/>\nBarco estrela do Mar: (69) 9-9272-8765.<\/p>\n<p>Confira a programa\u00e7\u00e3o.<\/p>\n<p><img data-recalc-dims=\"1\" loading=\"lazy\" decoding=\"async\" data-attachment-id=\"12391\" data-permalink=\"http:\/\/blogdalucianaoliveira.com.br\/blog\/2017\/07\/18\/tradicao-folclorica-movimenta-comunidades-do-baixo-madeira\/naza-2\/\" data-orig-file=\"https:\/\/i0.wp.com\/blogdalucianaoliveira.com.br\/blog\/wp-content\/uploads\/2017\/07\/naza.jpg?fit=661%2C960\" data-orig-size=\"661,960\" data-comments-opened=\"0\" data-image-meta=\"{&quot;aperture&quot;:&quot;0&quot;,&quot;credit&quot;:&quot;&quot;,&quot;camera&quot;:&quot;&quot;,&quot;caption&quot;:&quot;&quot;,&quot;created_timestamp&quot;:&quot;0&quot;,&quot;copyright&quot;:&quot;&quot;,&quot;focal_length&quot;:&quot;0&quot;,&quot;iso&quot;:&quot;0&quot;,&quot;shutter_speed&quot;:&quot;0&quot;,&quot;title&quot;:&quot;&quot;,&quot;orientation&quot;:&quot;0&quot;}\" data-image-title=\"naza\" data-image-description=\"\" data-image-caption=\"\" data-medium-file=\"https:\/\/i0.wp.com\/blogdalucianaoliveira.com.br\/blog\/wp-content\/uploads\/2017\/07\/naza.jpg?fit=207%2C300\" data-large-file=\"https:\/\/i0.wp.com\/blogdalucianaoliveira.com.br\/blog\/wp-content\/uploads\/2017\/07\/naza.jpg?fit=600%2C871\" src=\"https:\/\/i0.wp.com\/blogdalucianaoliveira.com.br\/blog\/wp-content\/uploads\/2017\/07\/naza.jpg?resize=600%2C871\" alt=\"naza\" width=\"600\" height=\"871\" class=\"alignnone size-full wp-image-12391\" srcset=\"https:\/\/i0.wp.com\/blogdalucianaoliveira.com.br\/blog\/wp-content\/uploads\/2017\/07\/naza.jpg?w=661 661w, https:\/\/i0.wp.com\/blogdalucianaoliveira.com.br\/blog\/wp-content\/uploads\/2017\/07\/naza.jpg?resize=207%2C300 207w\" sizes=\"auto, (max-width: 600px) 100vw, 600px\" \/><\/p>\n","protected":false},"excerpt":{"rendered":"<p>A 51\u00aa do Festival Folcl\u00f3rico de Nazar\u00e9, criado pelo professor vision\u00e1rio Maciel Nunes, acontece no pr\u00f3ximo fim de semana, nos dias 21 e 22.<\/p>\n","protected":false},"author":1,"featured_media":0,"comment_status":"closed","ping_status":"open","sticky":false,"template":"","format":"standard","meta":{"_exactmetrics_skip_tracking":false,"_exactmetrics_sitenote_active":false,"_exactmetrics_sitenote_note":"","_exactmetrics_sitenote_category":0,"jetpack_post_was_ever_published":false,"_jetpack_newsletter_access":"","_jetpack_dont_email_post_to_subs":false,"_jetpack_newsletter_tier_id":0,"_jetpack_memberships_contains_paywalled_content":false,"_jetpack_memberships_contains_paid_content":false,"footnotes":"","jetpack_publicize_message":"","jetpack_publicize_feature_enabled":true,"jetpack_social_post_already_shared":true,"jetpack_social_options":{"image_generator_settings":{"template":"highway","enabled":false},"version":2}},"categories":[1],"tags":[],"class_list":["post-12390","post","type-post","status-publish","format-standard","hentry","category-notas"],"jetpack_publicize_connections":[],"jetpack_sharing_enabled":true,"jetpack_featured_media_url":"","jetpack_shortlink":"https:\/\/wp.me\/p7wKYW-3dQ","jetpack-related-posts":[],"_links":{"self":[{"href":"http:\/\/blogdalucianaoliveira.com.br\/blog\/wp-json\/wp\/v2\/posts\/12390","targetHints":{"allow":["GET"]}}],"collection":[{"href":"http:\/\/blogdalucianaoliveira.com.br\/blog\/wp-json\/wp\/v2\/posts"}],"about":[{"href":"http:\/\/blogdalucianaoliveira.com.br\/blog\/wp-json\/wp\/v2\/types\/post"}],"author":[{"embeddable":true,"href":"http:\/\/blogdalucianaoliveira.com.br\/blog\/wp-json\/wp\/v2\/users\/1"}],"replies":[{"embeddable":true,"href":"http:\/\/blogdalucianaoliveira.com.br\/blog\/wp-json\/wp\/v2\/comments?post=12390"}],"version-history":[{"count":4,"href":"http:\/\/blogdalucianaoliveira.com.br\/blog\/wp-json\/wp\/v2\/posts\/12390\/revisions"}],"predecessor-version":[{"id":12395,"href":"http:\/\/blogdalucianaoliveira.com.br\/blog\/wp-json\/wp\/v2\/posts\/12390\/revisions\/12395"}],"wp:attachment":[{"href":"http:\/\/blogdalucianaoliveira.com.br\/blog\/wp-json\/wp\/v2\/media?parent=12390"}],"wp:term":[{"taxonomy":"category","embeddable":true,"href":"http:\/\/blogdalucianaoliveira.com.br\/blog\/wp-json\/wp\/v2\/categories?post=12390"},{"taxonomy":"post_tag","embeddable":true,"href":"http:\/\/blogdalucianaoliveira.com.br\/blog\/wp-json\/wp\/v2\/tags?post=12390"}],"curies":[{"name":"wp","href":"https:\/\/api.w.org\/{rel}","templated":true}]}}