{"id":12399,"date":"2017-07-18T10:55:10","date_gmt":"2017-07-18T14:55:10","guid":{"rendered":"http:\/\/blogdalucianaoliveira.com.br\/blog\/?p=12399"},"modified":"2017-07-18T10:55:10","modified_gmt":"2017-07-18T14:55:10","slug":"sem-provas-mais-de-63-das-prisoes-preventivas-decretadas-por-moro-foram-revogadas","status":"publish","type":"post","link":"http:\/\/blogdalucianaoliveira.com.br\/blog\/2017\/07\/18\/sem-provas-mais-de-63-das-prisoes-preventivas-decretadas-por-moro-foram-revogadas\/","title":{"rendered":"Sem provas, mais de 63% das pris\u00f5es preventivas decretadas por Moro foram revogadas"},"content":{"rendered":"<p><img data-recalc-dims=\"1\" loading=\"lazy\" decoding=\"async\" data-attachment-id=\"12400\" data-permalink=\"http:\/\/blogdalucianaoliveira.com.br\/blog\/2017\/07\/18\/sem-provas-mais-de-63-das-prisoes-preventivas-decretadas-por-moro-foram-revogadas\/revo-2\/\" data-orig-file=\"https:\/\/i0.wp.com\/blogdalucianaoliveira.com.br\/blog\/wp-content\/uploads\/2017\/07\/revo.jpg?fit=640%2C427\" data-orig-size=\"640,427\" data-comments-opened=\"0\" data-image-meta=\"{&quot;aperture&quot;:&quot;0&quot;,&quot;credit&quot;:&quot;&quot;,&quot;camera&quot;:&quot;&quot;,&quot;caption&quot;:&quot;&quot;,&quot;created_timestamp&quot;:&quot;0&quot;,&quot;copyright&quot;:&quot;&quot;,&quot;focal_length&quot;:&quot;0&quot;,&quot;iso&quot;:&quot;0&quot;,&quot;shutter_speed&quot;:&quot;0&quot;,&quot;title&quot;:&quot;&quot;,&quot;orientation&quot;:&quot;0&quot;}\" data-image-title=\"revo\" data-image-description=\"\" data-image-caption=\"\" data-medium-file=\"https:\/\/i0.wp.com\/blogdalucianaoliveira.com.br\/blog\/wp-content\/uploads\/2017\/07\/revo.jpg?fit=300%2C200\" data-large-file=\"https:\/\/i0.wp.com\/blogdalucianaoliveira.com.br\/blog\/wp-content\/uploads\/2017\/07\/revo.jpg?fit=600%2C400\" src=\"https:\/\/i0.wp.com\/blogdalucianaoliveira.com.br\/blog\/wp-content\/uploads\/2017\/07\/revo.jpg?resize=600%2C400\" alt=\"revo\" width=\"600\" height=\"400\" class=\"alignnone size-full wp-image-12400\" srcset=\"https:\/\/i0.wp.com\/blogdalucianaoliveira.com.br\/blog\/wp-content\/uploads\/2017\/07\/revo.jpg?w=640 640w, https:\/\/i0.wp.com\/blogdalucianaoliveira.com.br\/blog\/wp-content\/uploads\/2017\/07\/revo.jpg?resize=300%2C200 300w, https:\/\/i0.wp.com\/blogdalucianaoliveira.com.br\/blog\/wp-content\/uploads\/2017\/07\/revo.jpg?resize=450%2C300 450w\" sizes=\"auto, (max-width: 600px) 100vw, 600px\" \/><\/p>\n<p>Levantamento aponta que das 97 pris\u00f5es preventivas decretadas pelo juiz, 62 foram revogadas ou substitu\u00eddas<\/p>\n<p>Reda\u00e7\u00e3o<br \/>\nRevista F\u00f3rum<\/p>\n<p>Em meio \u00e0s especula\u00e7\u00f5es sobre o que deve acontecer com o ex-presidente Lula, condenado pelo juiz S\u00e9rgio Moro, em primeira inst\u00e2ncia, a mais de nove anos de pris\u00e3o, o site Poder 360 fez um levantamento que mostra que mais da metade das pris\u00f5es preventivas decretadas pelo juiz de Curitiba foram revogadas ou relaxadas por inst\u00e2ncias superiores.<!--more--><\/p>\n<p>De acordo com o site, desde o in\u00edcio da Opera\u00e7\u00e3o Lava Jato o juiz Moro decretou 97 pris\u00f5es preventivas \u2013 boa parte delas sem provas consistentes. Desse total, 62 (63,9%) foram revogadas ou substitu\u00eddas por medidas cautelares, como pris\u00e3o domiciliar, uso de tornozeleira eletr\u00f4nica e pagamento de multa. Foi o caso, por exemplo, do ex-ministro Jos\u00e9 Dirceu. Por 3 votos a 2, o colegiado concedeu pris\u00e3o domiciliar ao petista, que estava encarcerado preventivamente, em maio deste ano.<\/p>\n<p>Moro tem sido acusado por muitos juristas de alongar as pris\u00f5es preventivas para conseguir dela\u00e7\u00f5es premiadas dos investigados nos processos.<\/p>\n<p>&#8220;N\u00e3o \u00e9 para que a pessoa delate ou fa\u00e7a a confiss\u00e3o de crimes. A pris\u00e3o preventiva alongada, por si s\u00f3, em casos em que j\u00e1 houve busca e apreens\u00e3o, documentos est\u00e3o a salvo de destrui\u00e7\u00e3o, n\u00e3o se justifica (\u2026) N\u00e3o me parece que n\u00f3s devamos admitir um Estado excepcional apenas por conta da Lava Jato&#8221;, criticou o ministro do STF, Gilmar Mendes, em entrevista concedida em maio deste ano.<\/p>\n<p>Edi\u00e7\u00e3o: Revista F\u00f3rum<\/p>\n","protected":false},"excerpt":{"rendered":"<p>Levantamento aponta que das 97 pris\u00f5es preventivas decretadas pelo juiz, 62 foram revogadas ou substitu\u00eddas Reda\u00e7\u00e3o Revista F\u00f3rum Em meio \u00e0s especula\u00e7\u00f5es sobre o que deve acontecer com o ex-presidente Lula, condenado pelo juiz S\u00e9rgio Moro, em primeira inst\u00e2ncia, a mais de nove anos de pris\u00e3o, o site Poder 360 fez um levantamento que mostra&#8230;<a class=\"more-link\" href=\"http:\/\/blogdalucianaoliveira.com.br\/blog\/2017\/07\/18\/sem-provas-mais-de-63-das-prisoes-preventivas-decretadas-por-moro-foram-revogadas\/\">Continue a leitura <span class=\"meta-nav\">&raquo;<\/span><\/a><\/p>\n","protected":false},"author":1,"featured_media":0,"comment_status":"closed","ping_status":"open","sticky":false,"template":"","format":"standard","meta":{"_exactmetrics_skip_tracking":false,"_exactmetrics_sitenote_active":false,"_exactmetrics_sitenote_note":"","_exactmetrics_sitenote_category":0,"jetpack_post_was_ever_published":false,"_jetpack_newsletter_access":"","_jetpack_dont_email_post_to_subs":false,"_jetpack_newsletter_tier_id":0,"_jetpack_memberships_contains_paywalled_content":false,"_jetpack_memberships_contains_paid_content":false,"footnotes":"","jetpack_publicize_message":"","jetpack_publicize_feature_enabled":true,"jetpack_social_post_already_shared":true,"jetpack_social_options":{"image_generator_settings":{"template":"highway","enabled":false},"version":2}},"categories":[1],"tags":[],"class_list":["post-12399","post","type-post","status-publish","format-standard","hentry","category-notas"],"jetpack_publicize_connections":[],"jetpack_sharing_enabled":true,"jetpack_featured_media_url":"","jetpack_shortlink":"https:\/\/wp.me\/p7wKYW-3dZ","jetpack-related-posts":[],"_links":{"self":[{"href":"http:\/\/blogdalucianaoliveira.com.br\/blog\/wp-json\/wp\/v2\/posts\/12399","targetHints":{"allow":["GET"]}}],"collection":[{"href":"http:\/\/blogdalucianaoliveira.com.br\/blog\/wp-json\/wp\/v2\/posts"}],"about":[{"href":"http:\/\/blogdalucianaoliveira.com.br\/blog\/wp-json\/wp\/v2\/types\/post"}],"author":[{"embeddable":true,"href":"http:\/\/blogdalucianaoliveira.com.br\/blog\/wp-json\/wp\/v2\/users\/1"}],"replies":[{"embeddable":true,"href":"http:\/\/blogdalucianaoliveira.com.br\/blog\/wp-json\/wp\/v2\/comments?post=12399"}],"version-history":[{"count":1,"href":"http:\/\/blogdalucianaoliveira.com.br\/blog\/wp-json\/wp\/v2\/posts\/12399\/revisions"}],"predecessor-version":[{"id":12401,"href":"http:\/\/blogdalucianaoliveira.com.br\/blog\/wp-json\/wp\/v2\/posts\/12399\/revisions\/12401"}],"wp:attachment":[{"href":"http:\/\/blogdalucianaoliveira.com.br\/blog\/wp-json\/wp\/v2\/media?parent=12399"}],"wp:term":[{"taxonomy":"category","embeddable":true,"href":"http:\/\/blogdalucianaoliveira.com.br\/blog\/wp-json\/wp\/v2\/categories?post=12399"},{"taxonomy":"post_tag","embeddable":true,"href":"http:\/\/blogdalucianaoliveira.com.br\/blog\/wp-json\/wp\/v2\/tags?post=12399"}],"curies":[{"name":"wp","href":"https:\/\/api.w.org\/{rel}","templated":true}]}}