{"id":12415,"date":"2017-07-19T09:15:12","date_gmt":"2017-07-19T13:15:12","guid":{"rendered":"http:\/\/blogdalucianaoliveira.com.br\/blog\/?p=12415"},"modified":"2017-07-19T09:15:12","modified_gmt":"2017-07-19T13:15:12","slug":"lula-ficou-provado-que-o-problema-nao-era-a-dilma","status":"publish","type":"post","link":"http:\/\/blogdalucianaoliveira.com.br\/blog\/2017\/07\/19\/lula-ficou-provado-que-o-problema-nao-era-a-dilma\/","title":{"rendered":"LULA: FICOU PROVADO QUE O PROBLEMA N\u00c3O ERA A DILMA"},"content":{"rendered":"<p><img data-recalc-dims=\"1\" loading=\"lazy\" decoding=\"async\" data-attachment-id=\"12416\" data-permalink=\"http:\/\/blogdalucianaoliveira.com.br\/blog\/2017\/07\/19\/lula-ficou-provado-que-o-problema-nao-era-a-dilma\/img_1114-2\/\" data-orig-file=\"https:\/\/i0.wp.com\/blogdalucianaoliveira.com.br\/blog\/wp-content\/uploads\/2017\/07\/IMG_1114-1.jpg?fit=480%2C240\" data-orig-size=\"480,240\" data-comments-opened=\"0\" data-image-meta=\"{&quot;aperture&quot;:&quot;0&quot;,&quot;credit&quot;:&quot;&quot;,&quot;camera&quot;:&quot;&quot;,&quot;caption&quot;:&quot;&quot;,&quot;created_timestamp&quot;:&quot;0&quot;,&quot;copyright&quot;:&quot;&quot;,&quot;focal_length&quot;:&quot;0&quot;,&quot;iso&quot;:&quot;0&quot;,&quot;shutter_speed&quot;:&quot;0&quot;,&quot;title&quot;:&quot;&quot;,&quot;orientation&quot;:&quot;0&quot;}\" data-image-title=\"IMG_1114\" data-image-description=\"\" data-image-caption=\"\" data-medium-file=\"https:\/\/i0.wp.com\/blogdalucianaoliveira.com.br\/blog\/wp-content\/uploads\/2017\/07\/IMG_1114-1.jpg?fit=300%2C150\" data-large-file=\"https:\/\/i0.wp.com\/blogdalucianaoliveira.com.br\/blog\/wp-content\/uploads\/2017\/07\/IMG_1114-1.jpg?fit=480%2C240\" src=\"https:\/\/i0.wp.com\/blogdalucianaoliveira.com.br\/blog\/wp-content\/uploads\/2017\/07\/IMG_1114-1.jpg?resize=480%2C240\" alt=\"IMG_1114\" width=\"480\" height=\"240\" class=\"alignnone size-full wp-image-12416\" srcset=\"https:\/\/i0.wp.com\/blogdalucianaoliveira.com.br\/blog\/wp-content\/uploads\/2017\/07\/IMG_1114-1.jpg?w=480 480w, https:\/\/i0.wp.com\/blogdalucianaoliveira.com.br\/blog\/wp-content\/uploads\/2017\/07\/IMG_1114-1.jpg?resize=300%2C150 300w\" sizes=\"auto, (max-width: 480px) 100vw, 480px\" \/><\/p>\n<p>247 \u2013 O ex-presidente Luiz In\u00e1cio Lula da Silva fez uma enf\u00e1tica defesa do legado do governo presidente Dilma Rousseff, ao conceder entrevista a uma r\u00e1dio paulista.<!--more--><\/p>\n<p>&#8220;\u00c9 importante a gente relembrar dezembro de 2014, quando o Brasil tinha o menor \u00edndice de desemprego de sua hist\u00f3ria, 4.5% de desemprego. Era padr\u00e3o Su\u00e9cia, Dinamarca e Alemanha. Os trabalhadores de categorias organizadas tinham aumento real, o sal\u00e1rio m\u00ednimo tinha tido aumento de 74%&#8221;, disse o ex-presidente Lula, ao rebater a tese de que a depress\u00e3o atual teria sido provada por Dilma, como vem sendo alardeado por setores da direita.<\/p>\n<p>Na realidade, Dilma foi impedida de governar j\u00e1 em 2015, quando Eduardo Cunha e A\u00e9cio Neves sabotaram as iniciativas do Pal\u00e1cio do Planalto, com a pol\u00edtica do &#8220;quanto pior, melhor&#8221;, e a depress\u00e3o econ\u00f4mica se aprofundou com a chegada de Michel Temer ao poder, em maio de 2016.<\/p>\n<p>Abaixo, not\u00edcia postada pelo ex-presidente Lula:<\/p>\n<p>Em entrevista \u00e0 R\u00e1dio Capital nesta ter\u00e7a-feira (18), o ex-presidente Luiz In\u00e1cio Lula da Silva saiu em defesa do legado dos governos petistas e relembrou que foi em dezembro de 2014 que o Brasil emplacou os melhores \u00edndices de gera\u00e7\u00e3o de emprego. &#8220;\u00c9 importante a gente relembrar dezembro de 2014, quando o Brasil tinha o menor \u00edndice de desemprego de sua hist\u00f3ria, 4.5% de desemprego. Era padr\u00e3o Su\u00e9cia, Dinamarca e Alemanha. Os trabalhadores de categorias organizadas tinham aumento real, o sal\u00e1rio m\u00ednimo tinha tido aumento de 74%&#8221;, ponderou.  <\/p>\n<p>Lula destacou que fatores pol\u00edticos travaram as agendas do governo. &#8220;A Dilma terminou seu primeiro mandato com uma aprova\u00e7\u00e3o invej\u00e1vel. Mas t\u00ednhamos um presidente da C\u00e2mara (Eduardo Cunha) que trabalhava contra o governo, para que ele n\u00e3o desse certo. E esse foi um erro grave&#8221;, avaliou. Para o ex-presidente, o processo do golpe acabou provando que &#8220;o problema do Brasil n\u00e3o era a Dilma&#8221;.<\/p>\n<p>&#8220;Aqueles que deram um golpe falando que o pa\u00eds iria virar um para\u00edso deixaram o pa\u00eds pior. Aumentou nossa d\u00edvida fiscal, aumentou o desemprego e as incertezas&#8221;, disse o ex-presidente.<\/p>\n<p>Lula tamb\u00e9m criticou as reformas promovidas pelo atual governo e voltou a defender que Temer convoque novas elei\u00e7\u00f5es. &#8220;A reforma trabalhista vai deixar um regime de semi escravid\u00e3o nesse pa\u00eds. A \u00fanica solu\u00e7\u00e3o para o Brasil agora seria convocar elei\u00e7\u00f5es diretas.&#8221;<\/p>\n<p>Processo <\/p>\n<p>O ex-presidente tamb\u00e9m comentou a senten\u00e7a proferida pelo juiz de primeira inst\u00e2ncia, S\u00e9rgio Moro, na semana passada. &#8220;Nesse processo a \u00fanica coisa que foi levada em conta foi a necessidade de prestar servi\u00e7o a quem quer que o Lula n\u00e3o dispute a elei\u00e7\u00e3o. Falei para o Moro no dia do meu depoimento que ele estava preso ao compromisso que ele tem com a imprensa&#8221;, ressaltou.<\/p>\n<p>O ex-presidente afirmou acreditar que a Justi\u00e7a ocorrer\u00e1 em outra inst\u00e2ncia. &#8220;A \u00fanica coisa que eu tenho \u00e9 a minha dignidade e por ela lutarei at\u00e9 o fim. N\u00e3o vou permitir que meia d\u00fazia de jovens mal intencionados tentem jogar minha imagem na lama. Acredito que haver\u00e1 de acontecer a Justi\u00e7a em outra inst\u00e2ncia nesse pa\u00eds&#8221;.<\/p>\n","protected":false},"excerpt":{"rendered":"<p>247 \u2013 O ex-presidente Luiz In\u00e1cio Lula da Silva fez uma enf\u00e1tica defesa do legado do governo presidente Dilma Rousseff, ao conceder entrevista a uma r\u00e1dio paulista.<\/p>\n","protected":false},"author":1,"featured_media":0,"comment_status":"closed","ping_status":"open","sticky":false,"template":"","format":"standard","meta":{"_exactmetrics_skip_tracking":false,"_exactmetrics_sitenote_active":false,"_exactmetrics_sitenote_note":"","_exactmetrics_sitenote_category":0,"jetpack_post_was_ever_published":false,"_jetpack_newsletter_access":"","_jetpack_dont_email_post_to_subs":false,"_jetpack_newsletter_tier_id":0,"_jetpack_memberships_contains_paywalled_content":false,"_jetpack_memberships_contains_paid_content":false,"footnotes":"","jetpack_publicize_message":"","jetpack_publicize_feature_enabled":true,"jetpack_social_post_already_shared":true,"jetpack_social_options":{"image_generator_settings":{"template":"highway","enabled":false},"version":2}},"categories":[1],"tags":[],"class_list":["post-12415","post","type-post","status-publish","format-standard","hentry","category-notas"],"jetpack_publicize_connections":[],"jetpack_sharing_enabled":true,"jetpack_featured_media_url":"","jetpack_shortlink":"https:\/\/wp.me\/p7wKYW-3ef","jetpack-related-posts":[],"_links":{"self":[{"href":"http:\/\/blogdalucianaoliveira.com.br\/blog\/wp-json\/wp\/v2\/posts\/12415","targetHints":{"allow":["GET"]}}],"collection":[{"href":"http:\/\/blogdalucianaoliveira.com.br\/blog\/wp-json\/wp\/v2\/posts"}],"about":[{"href":"http:\/\/blogdalucianaoliveira.com.br\/blog\/wp-json\/wp\/v2\/types\/post"}],"author":[{"embeddable":true,"href":"http:\/\/blogdalucianaoliveira.com.br\/blog\/wp-json\/wp\/v2\/users\/1"}],"replies":[{"embeddable":true,"href":"http:\/\/blogdalucianaoliveira.com.br\/blog\/wp-json\/wp\/v2\/comments?post=12415"}],"version-history":[{"count":1,"href":"http:\/\/blogdalucianaoliveira.com.br\/blog\/wp-json\/wp\/v2\/posts\/12415\/revisions"}],"predecessor-version":[{"id":12417,"href":"http:\/\/blogdalucianaoliveira.com.br\/blog\/wp-json\/wp\/v2\/posts\/12415\/revisions\/12417"}],"wp:attachment":[{"href":"http:\/\/blogdalucianaoliveira.com.br\/blog\/wp-json\/wp\/v2\/media?parent=12415"}],"wp:term":[{"taxonomy":"category","embeddable":true,"href":"http:\/\/blogdalucianaoliveira.com.br\/blog\/wp-json\/wp\/v2\/categories?post=12415"},{"taxonomy":"post_tag","embeddable":true,"href":"http:\/\/blogdalucianaoliveira.com.br\/blog\/wp-json\/wp\/v2\/tags?post=12415"}],"curies":[{"name":"wp","href":"https:\/\/api.w.org\/{rel}","templated":true}]}}