{"id":12422,"date":"2017-07-19T16:59:30","date_gmt":"2017-07-19T20:59:30","guid":{"rendered":"http:\/\/blogdalucianaoliveira.com.br\/blog\/?p=12422"},"modified":"2017-07-19T16:59:30","modified_gmt":"2017-07-19T20:59:30","slug":"moradores-de-rua-em-sao-paulo-sao-acordados-com-jatos-de-agua-fria","status":"publish","type":"post","link":"http:\/\/blogdalucianaoliveira.com.br\/blog\/2017\/07\/19\/moradores-de-rua-em-sao-paulo-sao-acordados-com-jatos-de-agua-fria\/","title":{"rendered":"Moradores de rua em S\u00e3o Paulo s\u00e3o acordados com jatos de \u00e1gua fria"},"content":{"rendered":"<p><img data-recalc-dims=\"1\" loading=\"lazy\" decoding=\"async\" data-attachment-id=\"12424\" data-permalink=\"http:\/\/blogdalucianaoliveira.com.br\/blog\/2017\/07\/19\/moradores-de-rua-em-sao-paulo-sao-acordados-com-jatos-de-agua-fria\/img_1123\/\" data-orig-file=\"https:\/\/i0.wp.com\/blogdalucianaoliveira.com.br\/blog\/wp-content\/uploads\/2017\/07\/IMG_1123.jpg?fit=519%2C284\" data-orig-size=\"519,284\" data-comments-opened=\"0\" data-image-meta=\"{&quot;aperture&quot;:&quot;0&quot;,&quot;credit&quot;:&quot;&quot;,&quot;camera&quot;:&quot;&quot;,&quot;caption&quot;:&quot;&quot;,&quot;created_timestamp&quot;:&quot;0&quot;,&quot;copyright&quot;:&quot;&quot;,&quot;focal_length&quot;:&quot;0&quot;,&quot;iso&quot;:&quot;0&quot;,&quot;shutter_speed&quot;:&quot;0&quot;,&quot;title&quot;:&quot;&quot;,&quot;orientation&quot;:&quot;0&quot;}\" data-image-title=\"IMG_1123\" data-image-description=\"\" data-image-caption=\"\" data-medium-file=\"https:\/\/i0.wp.com\/blogdalucianaoliveira.com.br\/blog\/wp-content\/uploads\/2017\/07\/IMG_1123.jpg?fit=300%2C164\" data-large-file=\"https:\/\/i0.wp.com\/blogdalucianaoliveira.com.br\/blog\/wp-content\/uploads\/2017\/07\/IMG_1123.jpg?fit=519%2C284\" src=\"https:\/\/i0.wp.com\/blogdalucianaoliveira.com.br\/blog\/wp-content\/uploads\/2017\/07\/IMG_1123.jpg?resize=519%2C284\" alt=\"IMG_1123\" width=\"519\" height=\"284\" class=\"alignnone size-full wp-image-12424\" srcset=\"https:\/\/i0.wp.com\/blogdalucianaoliveira.com.br\/blog\/wp-content\/uploads\/2017\/07\/IMG_1123.jpg?w=519 519w, https:\/\/i0.wp.com\/blogdalucianaoliveira.com.br\/blog\/wp-content\/uploads\/2017\/07\/IMG_1123.jpg?resize=300%2C164 300w\" sizes=\"auto, (max-width: 519px) 100vw, 519px\" \/><\/p>\n<p>No Jornal do Brasil <\/p>\n<p>Ap\u00f3s o Instituto Nacional de Meteorologia (Inmet) ter registrado nesta ter\u00e7a (18) a tarde mais fria do ano &#8211; que teria causado a morte de um homem de 46 anos &#8211; a prefeitura de S\u00e3o Paulo acordou moradores de rua com jatos de \u00e1gua fria. As informa\u00e7\u00f5es s\u00e3o da R\u00e1dio CBN.<!--more--><\/p>\n<p>\u00c0s 7h da manh\u00e3 desta quarta-feira (19), agentes de uma empresa terceirizada a servi\u00e7o da prefeitura, respons\u00e1vel pela limpeza de pra\u00e7as p\u00fablicas, passava jatos d\u2019\u00e1gua fria na Pra\u00e7a da S\u00e9, Centro de S\u00e3o Paulo. A \u00e1gua atingiu os cobertores de pessoas que dormiam no local, que n\u00e3o foram avisadas da limpeza.<\/p>\n<p>Segundo os moradores de rua entrevistados pela r\u00e1dio, esta \u00e9 uma atividade frequente. \u201cQuem estiver dormindo na cal\u00e7ada n\u00e3o tem nem tempo de levantar. Os caras j\u00e1 chegam e jogam os jatos. Tem muitas cobertas molhadas. Perde tudo\u201d. Outro morador tamb\u00e9m afirmou que o trabalho de limpeza tamb\u00e9m ocorre de madrugada, por volta das 4h30.<\/p>\n<p><img data-recalc-dims=\"1\" loading=\"lazy\" decoding=\"async\" data-attachment-id=\"12423\" data-permalink=\"http:\/\/blogdalucianaoliveira.com.br\/blog\/2017\/07\/19\/moradores-de-rua-em-sao-paulo-sao-acordados-com-jatos-de-agua-fria\/img_1122\/\" data-orig-file=\"https:\/\/i0.wp.com\/blogdalucianaoliveira.com.br\/blog\/wp-content\/uploads\/2017\/07\/IMG_1122.jpg?fit=300%2C400\" data-orig-size=\"300,400\" data-comments-opened=\"0\" data-image-meta=\"{&quot;aperture&quot;:&quot;0&quot;,&quot;credit&quot;:&quot;&quot;,&quot;camera&quot;:&quot;&quot;,&quot;caption&quot;:&quot;&quot;,&quot;created_timestamp&quot;:&quot;0&quot;,&quot;copyright&quot;:&quot;&quot;,&quot;focal_length&quot;:&quot;0&quot;,&quot;iso&quot;:&quot;0&quot;,&quot;shutter_speed&quot;:&quot;0&quot;,&quot;title&quot;:&quot;&quot;,&quot;orientation&quot;:&quot;0&quot;}\" data-image-title=\"IMG_1122\" data-image-description=\"\" data-image-caption=\"\" data-medium-file=\"https:\/\/i0.wp.com\/blogdalucianaoliveira.com.br\/blog\/wp-content\/uploads\/2017\/07\/IMG_1122.jpg?fit=225%2C300\" data-large-file=\"https:\/\/i0.wp.com\/blogdalucianaoliveira.com.br\/blog\/wp-content\/uploads\/2017\/07\/IMG_1122.jpg?fit=300%2C400\" src=\"https:\/\/i0.wp.com\/blogdalucianaoliveira.com.br\/blog\/wp-content\/uploads\/2017\/07\/IMG_1122.jpg?resize=300%2C400\" alt=\"IMG_1122\" width=\"300\" height=\"400\" class=\"alignnone size-full wp-image-12423\" srcset=\"https:\/\/i0.wp.com\/blogdalucianaoliveira.com.br\/blog\/wp-content\/uploads\/2017\/07\/IMG_1122.jpg?w=300 300w, https:\/\/i0.wp.com\/blogdalucianaoliveira.com.br\/blog\/wp-content\/uploads\/2017\/07\/IMG_1122.jpg?resize=225%2C300 225w\" sizes=\"auto, (max-width: 300px) 100vw, 300px\" \/><\/p>\n<p>Nesta ter\u00e7a-feira (18) foi registrada a segunda temperatura mais baixa para o per\u00edodo dos \u00faltimos 13 anos, indicando \u00e0s 15h a marca de 10,2\u00b0C. Foi o mesmo n\u00edvel de 2004 e h\u00e1 quatro anos n\u00e3o fazia tanto frio assim no hor\u00e1rio. Em 24 de julho de 2013, fez 8,6\u00b0C. O recorde da s\u00e9rie iniciada em 1961 ocorreu em 12 de julho de 1988 (7,3\u00b0C). Neste ano, a menor temperatura nesse hor\u00e1rio foi no dia 2 de julho (15,3\u00b0C).<\/p>\n","protected":false},"excerpt":{"rendered":"<p>No Jornal do Brasil Ap\u00f3s o Instituto Nacional de Meteorologia (Inmet) ter registrado nesta ter\u00e7a (18) a tarde mais fria do ano &#8211; que teria causado a morte de um homem de 46 anos &#8211; a prefeitura de S\u00e3o Paulo acordou moradores de rua com jatos de \u00e1gua fria. As informa\u00e7\u00f5es s\u00e3o da R\u00e1dio CBN.<\/p>\n","protected":false},"author":1,"featured_media":0,"comment_status":"closed","ping_status":"open","sticky":false,"template":"","format":"standard","meta":{"_exactmetrics_skip_tracking":false,"_exactmetrics_sitenote_active":false,"_exactmetrics_sitenote_note":"","_exactmetrics_sitenote_category":0,"jetpack_post_was_ever_published":false,"_jetpack_newsletter_access":"","_jetpack_dont_email_post_to_subs":false,"_jetpack_newsletter_tier_id":0,"_jetpack_memberships_contains_paywalled_content":false,"_jetpack_memberships_contains_paid_content":false,"footnotes":"","jetpack_publicize_message":"","jetpack_publicize_feature_enabled":true,"jetpack_social_post_already_shared":true,"jetpack_social_options":{"image_generator_settings":{"template":"highway","enabled":false},"version":2}},"categories":[1],"tags":[],"class_list":["post-12422","post","type-post","status-publish","format-standard","hentry","category-notas"],"jetpack_publicize_connections":[],"jetpack_sharing_enabled":true,"jetpack_featured_media_url":"","jetpack_shortlink":"https:\/\/wp.me\/p7wKYW-3em","jetpack-related-posts":[],"_links":{"self":[{"href":"http:\/\/blogdalucianaoliveira.com.br\/blog\/wp-json\/wp\/v2\/posts\/12422","targetHints":{"allow":["GET"]}}],"collection":[{"href":"http:\/\/blogdalucianaoliveira.com.br\/blog\/wp-json\/wp\/v2\/posts"}],"about":[{"href":"http:\/\/blogdalucianaoliveira.com.br\/blog\/wp-json\/wp\/v2\/types\/post"}],"author":[{"embeddable":true,"href":"http:\/\/blogdalucianaoliveira.com.br\/blog\/wp-json\/wp\/v2\/users\/1"}],"replies":[{"embeddable":true,"href":"http:\/\/blogdalucianaoliveira.com.br\/blog\/wp-json\/wp\/v2\/comments?post=12422"}],"version-history":[{"count":1,"href":"http:\/\/blogdalucianaoliveira.com.br\/blog\/wp-json\/wp\/v2\/posts\/12422\/revisions"}],"predecessor-version":[{"id":12425,"href":"http:\/\/blogdalucianaoliveira.com.br\/blog\/wp-json\/wp\/v2\/posts\/12422\/revisions\/12425"}],"wp:attachment":[{"href":"http:\/\/blogdalucianaoliveira.com.br\/blog\/wp-json\/wp\/v2\/media?parent=12422"}],"wp:term":[{"taxonomy":"category","embeddable":true,"href":"http:\/\/blogdalucianaoliveira.com.br\/blog\/wp-json\/wp\/v2\/categories?post=12422"},{"taxonomy":"post_tag","embeddable":true,"href":"http:\/\/blogdalucianaoliveira.com.br\/blog\/wp-json\/wp\/v2\/tags?post=12422"}],"curies":[{"name":"wp","href":"https:\/\/api.w.org\/{rel}","templated":true}]}}