{"id":12439,"date":"2017-07-19T22:55:53","date_gmt":"2017-07-20T02:55:53","guid":{"rendered":"http:\/\/blogdalucianaoliveira.com.br\/blog\/?p=12439"},"modified":"2017-07-19T23:01:38","modified_gmt":"2017-07-20T03:01:38","slug":"comunidade-de-nazare-agradece-apoio-a-festival-cultural","status":"publish","type":"post","link":"http:\/\/blogdalucianaoliveira.com.br\/blog\/2017\/07\/19\/comunidade-de-nazare-agradece-apoio-a-festival-cultural\/","title":{"rendered":"COMUNIDADE DE NAZAR\u00c9 AGRADECE APOIO A FESTIVAL CULTURAL"},"content":{"rendered":"<p><img data-recalc-dims=\"1\" loading=\"lazy\" decoding=\"async\" data-attachment-id=\"12440\" data-permalink=\"http:\/\/blogdalucianaoliveira.com.br\/blog\/2017\/07\/19\/comunidade-de-nazare-agradece-apoio-a-festival-cultural\/fest\/\" data-orig-file=\"https:\/\/i0.wp.com\/blogdalucianaoliveira.com.br\/blog\/wp-content\/uploads\/2017\/07\/fest.jpg?fit=960%2C641\" data-orig-size=\"960,641\" data-comments-opened=\"0\" data-image-meta=\"{&quot;aperture&quot;:&quot;0&quot;,&quot;credit&quot;:&quot;&quot;,&quot;camera&quot;:&quot;&quot;,&quot;caption&quot;:&quot;&quot;,&quot;created_timestamp&quot;:&quot;0&quot;,&quot;copyright&quot;:&quot;&quot;,&quot;focal_length&quot;:&quot;0&quot;,&quot;iso&quot;:&quot;0&quot;,&quot;shutter_speed&quot;:&quot;0&quot;,&quot;title&quot;:&quot;&quot;,&quot;orientation&quot;:&quot;0&quot;}\" data-image-title=\"fest\" data-image-description=\"\" data-image-caption=\"\" data-medium-file=\"https:\/\/i0.wp.com\/blogdalucianaoliveira.com.br\/blog\/wp-content\/uploads\/2017\/07\/fest.jpg?fit=300%2C200\" data-large-file=\"https:\/\/i0.wp.com\/blogdalucianaoliveira.com.br\/blog\/wp-content\/uploads\/2017\/07\/fest.jpg?fit=600%2C401\" src=\"https:\/\/i0.wp.com\/blogdalucianaoliveira.com.br\/blog\/wp-content\/uploads\/2017\/07\/fest.jpg?resize=600%2C401\" alt=\"fest\" width=\"600\" height=\"401\" class=\"alignnone size-full wp-image-12440\" srcset=\"https:\/\/i0.wp.com\/blogdalucianaoliveira.com.br\/blog\/wp-content\/uploads\/2017\/07\/fest.jpg?w=960 960w, https:\/\/i0.wp.com\/blogdalucianaoliveira.com.br\/blog\/wp-content\/uploads\/2017\/07\/fest.jpg?resize=300%2C200 300w, https:\/\/i0.wp.com\/blogdalucianaoliveira.com.br\/blog\/wp-content\/uploads\/2017\/07\/fest.jpg?resize=768%2C513 768w, https:\/\/i0.wp.com\/blogdalucianaoliveira.com.br\/blog\/wp-content\/uploads\/2017\/07\/fest.jpg?resize=449%2C300 449w\" sizes=\"auto, (max-width: 600px) 100vw, 600px\" \/><\/p>\n<p>O festejo que completou meio s\u00e9culo acontece neste final de semana, nos dias 21 e 22, no distrito ribeirinho de Nazar\u00e9.<\/p>\n<p>Idealizado pelo professor Maciel Nunes, o Festival Cultural \u00e9 mantido por seus herdeiros, seis filhos e v\u00e1rios netos, com a participa\u00e7\u00e3o de toda a comunidade.<!--more--><\/p>\n<p>Esta edi\u00e7\u00e3o contou com apoiadores que o Instituto Minhas Ra\u00edzes faz quest\u00e3o de agradecer.<\/p>\n<p>Contribu\u00edram com o Festival Cultural de Nazar\u00e9 2017: a Funda\u00e7\u00e3o Cultural de Porto velho, Semdestur, Onda Amaz\u00f4nica, Tropeiro Mania, Cantina Detox, Brand &#038; Market, administra\u00e7\u00e3o de Nazar\u00e9, Associa\u00e7\u00e3o de moradores e agricultores de Nazar\u00e9, Barco Maresia, Barco Deus \u00e9 amor, Barco Marcos Filho, Escola Manoel Maciel Nunes, Col\u00e9gio Fransciso Desmarest Passos, Instituto Madeira Vivo, Distribuidora Vai n&#8217;\u00e1gua, Varej\u00e3o da carne, Aloacro, Capital extintores, Nosso posto, Farm\u00e1cia hiper Popular Cai N&#8217;\u00e1gua, Arapuca Lanches, Bataclan lanches, Fam\u00edlia Vicente bar, Restaurante Tempero do Madeira, Padaria Ninho, JP club, Igreja S\u00e3o Sebasti\u00e3o, Igreja NSA de Nazar\u00e9, Marcos Henrique, Eli\u00e9ser e fam\u00edlia, Blog da Luciana, Segismundo Advogados, o procurador da rep\u00fablica Reginaldo Trindade e o advogado Jos\u00e9 Alves Pereira.<\/p>\n<p>Agradece ainda a toda a imprensa que ajudou na divulga\u00e7\u00e3o do evento<\/p>\n<p>M\u00fasica, dan\u00e7a, comida regional, brincadeiras, conta\u00e7\u00f5es de hist\u00f3rias ribeirinhas e passeios no lago. A organiza\u00e7\u00e3o promete uma surpresa a quem foi prestigiar o festejo.<\/p>\n<p>V\u00e1rias embarca\u00e7\u00f5es s\u00e3o esperadas na sexta-feira para o primeiro dia da festa que re\u00fane gente de comunidades vizinhas e da capital, Porto Velho.<\/p>\n<p>Confira a programa\u00e7\u00e3o:<\/p>\n<p><img data-recalc-dims=\"1\" loading=\"lazy\" decoding=\"async\" data-attachment-id=\"12391\" data-permalink=\"http:\/\/blogdalucianaoliveira.com.br\/blog\/2017\/07\/18\/tradicao-folclorica-movimenta-comunidades-do-baixo-madeira\/naza-2\/\" data-orig-file=\"https:\/\/i0.wp.com\/blogdalucianaoliveira.com.br\/blog\/wp-content\/uploads\/2017\/07\/naza.jpg?fit=661%2C960\" data-orig-size=\"661,960\" data-comments-opened=\"0\" data-image-meta=\"{&quot;aperture&quot;:&quot;0&quot;,&quot;credit&quot;:&quot;&quot;,&quot;camera&quot;:&quot;&quot;,&quot;caption&quot;:&quot;&quot;,&quot;created_timestamp&quot;:&quot;0&quot;,&quot;copyright&quot;:&quot;&quot;,&quot;focal_length&quot;:&quot;0&quot;,&quot;iso&quot;:&quot;0&quot;,&quot;shutter_speed&quot;:&quot;0&quot;,&quot;title&quot;:&quot;&quot;,&quot;orientation&quot;:&quot;0&quot;}\" data-image-title=\"naza\" data-image-description=\"\" data-image-caption=\"\" data-medium-file=\"https:\/\/i0.wp.com\/blogdalucianaoliveira.com.br\/blog\/wp-content\/uploads\/2017\/07\/naza.jpg?fit=207%2C300\" data-large-file=\"https:\/\/i0.wp.com\/blogdalucianaoliveira.com.br\/blog\/wp-content\/uploads\/2017\/07\/naza.jpg?fit=600%2C871\" src=\"https:\/\/i0.wp.com\/blogdalucianaoliveira.com.br\/blog\/wp-content\/uploads\/2017\/07\/naza.jpg?resize=600%2C871\" alt=\"naza\" width=\"600\" height=\"871\" class=\"alignnone size-full wp-image-12391\" srcset=\"https:\/\/i0.wp.com\/blogdalucianaoliveira.com.br\/blog\/wp-content\/uploads\/2017\/07\/naza.jpg?w=661 661w, https:\/\/i0.wp.com\/blogdalucianaoliveira.com.br\/blog\/wp-content\/uploads\/2017\/07\/naza.jpg?resize=207%2C300 207w\" sizes=\"auto, (max-width: 600px) 100vw, 600px\" \/><\/p>\n","protected":false},"excerpt":{"rendered":"<p>O festejo que completou meio s\u00e9culo acontece neste final de semana, nos dias 21 e 22, no distrito ribeirinho de Nazar\u00e9. Idealizado pelo professor Maciel Nunes, o Festival Cultural \u00e9 mantido por seus herdeiros, seis filhos e v\u00e1rios netos, com a participa\u00e7\u00e3o de toda a comunidade.<\/p>\n","protected":false},"author":1,"featured_media":0,"comment_status":"closed","ping_status":"open","sticky":false,"template":"","format":"standard","meta":{"_exactmetrics_skip_tracking":false,"_exactmetrics_sitenote_active":false,"_exactmetrics_sitenote_note":"","_exactmetrics_sitenote_category":0,"jetpack_post_was_ever_published":false,"_jetpack_newsletter_access":"","_jetpack_dont_email_post_to_subs":false,"_jetpack_newsletter_tier_id":0,"_jetpack_memberships_contains_paywalled_content":false,"_jetpack_memberships_contains_paid_content":false,"footnotes":"","jetpack_publicize_message":"","jetpack_publicize_feature_enabled":true,"jetpack_social_post_already_shared":true,"jetpack_social_options":{"image_generator_settings":{"template":"highway","enabled":false},"version":2}},"categories":[1],"tags":[],"class_list":["post-12439","post","type-post","status-publish","format-standard","hentry","category-notas"],"jetpack_publicize_connections":[],"jetpack_sharing_enabled":true,"jetpack_featured_media_url":"","jetpack_shortlink":"https:\/\/wp.me\/p7wKYW-3eD","jetpack-related-posts":[],"_links":{"self":[{"href":"http:\/\/blogdalucianaoliveira.com.br\/blog\/wp-json\/wp\/v2\/posts\/12439","targetHints":{"allow":["GET"]}}],"collection":[{"href":"http:\/\/blogdalucianaoliveira.com.br\/blog\/wp-json\/wp\/v2\/posts"}],"about":[{"href":"http:\/\/blogdalucianaoliveira.com.br\/blog\/wp-json\/wp\/v2\/types\/post"}],"author":[{"embeddable":true,"href":"http:\/\/blogdalucianaoliveira.com.br\/blog\/wp-json\/wp\/v2\/users\/1"}],"replies":[{"embeddable":true,"href":"http:\/\/blogdalucianaoliveira.com.br\/blog\/wp-json\/wp\/v2\/comments?post=12439"}],"version-history":[{"count":3,"href":"http:\/\/blogdalucianaoliveira.com.br\/blog\/wp-json\/wp\/v2\/posts\/12439\/revisions"}],"predecessor-version":[{"id":12443,"href":"http:\/\/blogdalucianaoliveira.com.br\/blog\/wp-json\/wp\/v2\/posts\/12439\/revisions\/12443"}],"wp:attachment":[{"href":"http:\/\/blogdalucianaoliveira.com.br\/blog\/wp-json\/wp\/v2\/media?parent=12439"}],"wp:term":[{"taxonomy":"category","embeddable":true,"href":"http:\/\/blogdalucianaoliveira.com.br\/blog\/wp-json\/wp\/v2\/categories?post=12439"},{"taxonomy":"post_tag","embeddable":true,"href":"http:\/\/blogdalucianaoliveira.com.br\/blog\/wp-json\/wp\/v2\/tags?post=12439"}],"curies":[{"name":"wp","href":"https:\/\/api.w.org\/{rel}","templated":true}]}}