{"id":12459,"date":"2017-07-25T10:01:18","date_gmt":"2017-07-25T14:01:18","guid":{"rendered":"http:\/\/blogdalucianaoliveira.com.br\/blog\/?p=12459"},"modified":"2017-07-25T10:18:45","modified_gmt":"2017-07-25T14:18:45","slug":"mst-reforma-agraria-deve-comecar-em-terras-de-corruptos","status":"publish","type":"post","link":"http:\/\/blogdalucianaoliveira.com.br\/blog\/2017\/07\/25\/mst-reforma-agraria-deve-comecar-em-terras-de-corruptos\/","title":{"rendered":"MST: REFORMA AGR\u00c1RIA DEVE COME\u00c7AR EM TERRAS DE CORRUPTOS"},"content":{"rendered":"<p><img data-recalc-dims=\"1\" loading=\"lazy\" decoding=\"async\" data-attachment-id=\"12460\" data-permalink=\"http:\/\/blogdalucianaoliveira.com.br\/blog\/2017\/07\/25\/mst-reforma-agraria-deve-comecar-em-terras-de-corruptos\/img_2350\/\" data-orig-file=\"https:\/\/i0.wp.com\/blogdalucianaoliveira.com.br\/blog\/wp-content\/uploads\/2017\/07\/IMG_2350.jpg?fit=480%2C240\" data-orig-size=\"480,240\" data-comments-opened=\"0\" data-image-meta=\"{&quot;aperture&quot;:&quot;0&quot;,&quot;credit&quot;:&quot;&quot;,&quot;camera&quot;:&quot;&quot;,&quot;caption&quot;:&quot;&quot;,&quot;created_timestamp&quot;:&quot;0&quot;,&quot;copyright&quot;:&quot;&quot;,&quot;focal_length&quot;:&quot;0&quot;,&quot;iso&quot;:&quot;0&quot;,&quot;shutter_speed&quot;:&quot;0&quot;,&quot;title&quot;:&quot;&quot;,&quot;orientation&quot;:&quot;0&quot;}\" data-image-title=\"IMG_2350\" data-image-description=\"\" data-image-caption=\"\" data-medium-file=\"https:\/\/i0.wp.com\/blogdalucianaoliveira.com.br\/blog\/wp-content\/uploads\/2017\/07\/IMG_2350.jpg?fit=300%2C150\" data-large-file=\"https:\/\/i0.wp.com\/blogdalucianaoliveira.com.br\/blog\/wp-content\/uploads\/2017\/07\/IMG_2350.jpg?fit=480%2C240\" src=\"https:\/\/i0.wp.com\/blogdalucianaoliveira.com.br\/blog\/wp-content\/uploads\/2017\/07\/IMG_2350.jpg?resize=480%2C240\" alt=\"IMG_2350\" width=\"480\" height=\"240\" class=\"alignnone size-full wp-image-12460\" srcset=\"https:\/\/i0.wp.com\/blogdalucianaoliveira.com.br\/blog\/wp-content\/uploads\/2017\/07\/IMG_2350.jpg?w=480 480w, https:\/\/i0.wp.com\/blogdalucianaoliveira.com.br\/blog\/wp-content\/uploads\/2017\/07\/IMG_2350.jpg?resize=300%2C150 300w\" sizes=\"auto, (max-width: 480px) 100vw, 480px\" \/><\/p>\n<p>247 \u2013 Ao ocupar simultaneamente as fazendas do ministro Blairo Maggi, do coronel Lima, tido como operador de Michel Temer, e de Ricardo Teixeira, ligado \u00e0 Globo, o MST venda a ideia de que a reforma agr\u00e1ria no Brasil deve come\u00e7ar nas terras de corruptos.<!--more--><\/p>\n<p>Leia, abaixo, nota divulgada nesta manh\u00e3 pelo MST:<\/p>\n<p>Milhares de trabalhadores rurais ocupam, em todo pa\u00eds, fazendas ligadas a processos de corrup\u00e7\u00e3o ou a corruptos, onde exigem a destina\u00e7\u00e3o das terras para assentamento de fam\u00edlias Sem Terra. O MST tamb\u00e9m coloca a sa\u00edda dos golpistas instalados no Planalto e a convoca\u00e7\u00e3o de elei\u00e7\u00f5es diretas como condi\u00e7\u00e3o para a retomada da Reforma Agr\u00e1ria.<\/p>\n<p>Desde a manh\u00e3 desta ter\u00e7a-feira (25), Dia do Trabalhador Rural, est\u00e3o ocupadas as fazendas do ministro Blairo Maggi, no Mato Grosso, do presidente golpista Michel Temer (em nome de seu laranja Coronel Lima), em Duartina-SP, e do ex-presidente da Confedera\u00e7\u00e3o Brasileira de Futebol (CBF), Ricardo Teixeira, em Barra Mansa, Sul Fluminense. Outras ocupa\u00e7\u00f5es ocorrem no Sul e no Nordeste.<\/p>\n<p>Os latifundi\u00e1rios que possuem estas \u00e1reas s\u00e3o acusados, no cumprimento de fun\u00e7\u00e3o p\u00fablica, de atos de corrup\u00e7\u00e3o, como lavagem de dinheiro, favorecimento il\u00edcito, estelionato e outros. O MST tamb\u00e9m se posiciona pelo afastamento imediato de Michel Temer da Presid\u00eancia, primeiro presidente na Hist\u00f3ria acusado formalmente de corrup\u00e7\u00e3o pela Procuradoria Geral da Rep\u00fablica (PGR), bem como a convoca\u00e7\u00e3o de elei\u00e7\u00f5es diretas para a escolha do pr\u00f3ximo a ocupar a cadeira tirada de Dilma.<\/p>\n<p>\u00c9 n\u00edtida a rela\u00e7\u00e3o das grandes empresas do agroneg\u00f3cio com os esquemas de propinas, compra de parlamentares, lavagens de dinheiro e at\u00e9 envolvimento com o tr\u00e1fico de drogas. O \u00faltimo caso, em que um avi\u00e3o cheio de coca\u00edna foi identificado decolando da propriedade do pr\u00f3prio ministro da agricultura, o Rei da Soja Blairo Maggi, escancara as rela\u00e7\u00f5es prom\u00edscuas empreendidas pelo agroneg\u00f3cio.<\/p>\n<p>Para reposicionar a pauta da luta pela terra e pela Reforma Agr\u00e1ria na agenda nacional e para influenciar na conjuntura geral pelo \u201cFora Temer\u201d, o MST realiza a partir do dia 25 a Jornada Nacional de Lutas pela Reforma Agr\u00e1ria. Manifesta\u00e7\u00f5es acontecem no Paran\u00e1, S\u00e3o Paulo, Rio de Janeiro, Mato Grosso, Sergipe, Rio Grande do Norte, Piau\u00ed e Maranh\u00e3o.<\/p>\n","protected":false},"excerpt":{"rendered":"<p>247 \u2013 Ao ocupar simultaneamente as fazendas do ministro Blairo Maggi, do coronel Lima, tido como operador de Michel Temer, e de Ricardo Teixeira, ligado \u00e0 Globo, o MST venda a ideia de que a reforma agr\u00e1ria no Brasil deve come\u00e7ar nas terras de corruptos.<\/p>\n","protected":false},"author":1,"featured_media":12460,"comment_status":"closed","ping_status":"open","sticky":false,"template":"","format":"standard","meta":{"_exactmetrics_skip_tracking":false,"_exactmetrics_sitenote_active":false,"_exactmetrics_sitenote_note":"","_exactmetrics_sitenote_category":0,"jetpack_post_was_ever_published":false,"_jetpack_newsletter_access":"","_jetpack_dont_email_post_to_subs":false,"_jetpack_newsletter_tier_id":0,"_jetpack_memberships_contains_paywalled_content":false,"_jetpack_memberships_contains_paid_content":false,"footnotes":"","jetpack_publicize_message":"","jetpack_publicize_feature_enabled":true,"jetpack_social_post_already_shared":true,"jetpack_social_options":{"image_generator_settings":{"template":"highway","enabled":false},"version":2}},"categories":[1],"tags":[],"class_list":["post-12459","post","type-post","status-publish","format-standard","has-post-thumbnail","hentry","category-notas"],"jetpack_publicize_connections":[],"jetpack_sharing_enabled":true,"jetpack_featured_media_url":"https:\/\/i0.wp.com\/blogdalucianaoliveira.com.br\/blog\/wp-content\/uploads\/2017\/07\/IMG_2350.jpg?fit=480%2C240","jetpack_shortlink":"https:\/\/wp.me\/p7wKYW-3eX","jetpack-related-posts":[],"_links":{"self":[{"href":"http:\/\/blogdalucianaoliveira.com.br\/blog\/wp-json\/wp\/v2\/posts\/12459","targetHints":{"allow":["GET"]}}],"collection":[{"href":"http:\/\/blogdalucianaoliveira.com.br\/blog\/wp-json\/wp\/v2\/posts"}],"about":[{"href":"http:\/\/blogdalucianaoliveira.com.br\/blog\/wp-json\/wp\/v2\/types\/post"}],"author":[{"embeddable":true,"href":"http:\/\/blogdalucianaoliveira.com.br\/blog\/wp-json\/wp\/v2\/users\/1"}],"replies":[{"embeddable":true,"href":"http:\/\/blogdalucianaoliveira.com.br\/blog\/wp-json\/wp\/v2\/comments?post=12459"}],"version-history":[{"count":1,"href":"http:\/\/blogdalucianaoliveira.com.br\/blog\/wp-json\/wp\/v2\/posts\/12459\/revisions"}],"predecessor-version":[{"id":12461,"href":"http:\/\/blogdalucianaoliveira.com.br\/blog\/wp-json\/wp\/v2\/posts\/12459\/revisions\/12461"}],"wp:featuredmedia":[{"embeddable":true,"href":"http:\/\/blogdalucianaoliveira.com.br\/blog\/wp-json\/wp\/v2\/media\/12460"}],"wp:attachment":[{"href":"http:\/\/blogdalucianaoliveira.com.br\/blog\/wp-json\/wp\/v2\/media?parent=12459"}],"wp:term":[{"taxonomy":"category","embeddable":true,"href":"http:\/\/blogdalucianaoliveira.com.br\/blog\/wp-json\/wp\/v2\/categories?post=12459"},{"taxonomy":"post_tag","embeddable":true,"href":"http:\/\/blogdalucianaoliveira.com.br\/blog\/wp-json\/wp\/v2\/tags?post=12459"}],"curies":[{"name":"wp","href":"https:\/\/api.w.org\/{rel}","templated":true}]}}