{"id":12463,"date":"2017-07-25T10:28:38","date_gmt":"2017-07-25T14:28:38","guid":{"rendered":"http:\/\/blogdalucianaoliveira.com.br\/blog\/?p=12463"},"modified":"2017-07-25T10:28:38","modified_gmt":"2017-07-25T14:28:38","slug":"cantor-na-festa-de-um-ano-da-gestao-temer-sergio-reis-e-o-lider-em-emendas-pagas-pelo-governo","status":"publish","type":"post","link":"http:\/\/blogdalucianaoliveira.com.br\/blog\/2017\/07\/25\/cantor-na-festa-de-um-ano-da-gestao-temer-sergio-reis-e-o-lider-em-emendas-pagas-pelo-governo\/","title":{"rendered":"CANTOR NA FESTA DE UM ANO DA GEST\u00c3O TEMER, S\u00c9RGIO REIS \u00c9 O L\u00cdDER EM EMENDAS PAGAS PELO GOVERNO"},"content":{"rendered":"<p><img data-recalc-dims=\"1\" loading=\"lazy\" decoding=\"async\" data-attachment-id=\"12464\" data-permalink=\"http:\/\/blogdalucianaoliveira.com.br\/blog\/2017\/07\/25\/cantor-na-festa-de-um-ano-da-gestao-temer-sergio-reis-e-o-lider-em-emendas-pagas-pelo-governo\/img_2351\/\" data-orig-file=\"https:\/\/i0.wp.com\/blogdalucianaoliveira.com.br\/blog\/wp-content\/uploads\/2017\/07\/IMG_2351.jpg?fit=440%2C220\" data-orig-size=\"440,220\" data-comments-opened=\"0\" data-image-meta=\"{&quot;aperture&quot;:&quot;0&quot;,&quot;credit&quot;:&quot;&quot;,&quot;camera&quot;:&quot;&quot;,&quot;caption&quot;:&quot;&quot;,&quot;created_timestamp&quot;:&quot;0&quot;,&quot;copyright&quot;:&quot;&quot;,&quot;focal_length&quot;:&quot;0&quot;,&quot;iso&quot;:&quot;0&quot;,&quot;shutter_speed&quot;:&quot;0&quot;,&quot;title&quot;:&quot;&quot;,&quot;orientation&quot;:&quot;0&quot;}\" data-image-title=\"IMG_2351\" data-image-description=\"\" data-image-caption=\"\" data-medium-file=\"https:\/\/i0.wp.com\/blogdalucianaoliveira.com.br\/blog\/wp-content\/uploads\/2017\/07\/IMG_2351.jpg?fit=300%2C150\" data-large-file=\"https:\/\/i0.wp.com\/blogdalucianaoliveira.com.br\/blog\/wp-content\/uploads\/2017\/07\/IMG_2351.jpg?fit=440%2C220\" src=\"https:\/\/i0.wp.com\/blogdalucianaoliveira.com.br\/blog\/wp-content\/uploads\/2017\/07\/IMG_2351.jpg?resize=440%2C220\" alt=\"IMG_2351\" width=\"440\" height=\"220\" class=\"alignnone size-full wp-image-12464\" srcset=\"https:\/\/i0.wp.com\/blogdalucianaoliveira.com.br\/blog\/wp-content\/uploads\/2017\/07\/IMG_2351.jpg?w=440 440w, https:\/\/i0.wp.com\/blogdalucianaoliveira.com.br\/blog\/wp-content\/uploads\/2017\/07\/IMG_2351.jpg?resize=300%2C150 300w\" sizes=\"auto, (max-width: 440px) 100vw, 440px\" \/><\/p>\n<p>The Intercept, por George Marques <\/p>\n<p>QUANDO O PRESIDENTE MICHEL Temer comemorou um ano de gest\u00e3o, no \u00faltimo 13 de maio, um grupo de pol\u00edticos, entre eles deputados e ministros, festejou com ele em um refinado restaurante italiano de Bras\u00edlia, o Trattoria do Ros\u00e1rio. <!--more--><\/p>\n<p>Na ocasi\u00e3o, a voz rouca do cantor e deputado S\u00e9rgio Reis (PRB\/SP) entoou o cl\u00e1ssico sertanejo \u201cO menino da porteira\u201d para aplausos do presidente. Na C\u00e2mara, o deputado tamb\u00e9m anda tendo motivos para comemorar: ele foi o que mais teve emendas pagas este ano pelo governo. Foram R$ 8,4 milh\u00f5es no total, segundo levantamento feito por The Intercept Brasil com base nos dados do site Siga Brasil.<\/p>\n<div class=\"jetpack-video-wrapper\"><iframe loading=\"lazy\" title=\"S\u00e9rgio Reis canta para Temer\" width=\"600\" height=\"338\" src=\"https:\/\/www.youtube.com\/embed\/t9B4ZuX1Eg4?feature=oembed\" frameborder=\"0\" allow=\"accelerometer; autoplay; clipboard-write; encrypted-media; gyroscope; picture-in-picture; web-share\" referrerpolicy=\"strict-origin-when-cross-origin\" allowfullscreen><\/iframe><\/div>\n<p>Um ranking feito por TIB mostra que os dez deputados com mais emendas pagas em 2017 receberam um total de R$ 72,5 milh\u00f5es. A maioria deles \u00e9 intimamente alinhado \u00e0s pautas do governo e defende categoricamente Temer pelos corredores do Congresso Nacional. Ainda de acordo com o levantamento, s\u00f3 em 2017 j\u00e1 foram liberados cerca de R$ 1,5 bilh\u00e3o de reais a 737 deputados com e sem mandato.<\/p>\n<p>Na lideran\u00e7a da lista, S\u00e9rgio Reis teve um total de sete emendas pagas pelo governo neste ano. Em fevereiro, houve um pagamento de R$ 252.607,99 destinado a apoio e manuten\u00e7\u00e3o de unidades de sa\u00fade para o estado de S\u00e3o Paulo. Para o mesmo fim, outras quatro emendas totalizando R$ 2.965.541,91 foram liberadas em mar\u00e7o. Em junho, o valor das emendas do deputado cresce, e o governo paga mais duas que, somadas, chegam a R$ 5.188.383,49 tamb\u00e9m para a \u00e1rea da sa\u00fade. Ao todo, nos seis primeiros meses deste ano, o total foi de exatos R$ 8.406.533,39 executados.<\/p>\n<p>O governo vem sofrendo duras cr\u00edticas pela libera\u00e7\u00e3o desenfreada de grandes recursos no m\u00eas mais grave da crise pol\u00edtica, quando o Planalto se via amea\u00e7ado: ou atendia aos interesses dos deputados ou poderia n\u00e3o conseguir maioria para rejeitar a den\u00fancia de corrup\u00e7\u00e3o contra o presidente, com vota\u00e7\u00e3o prevista para a pr\u00f3xima semana, em 2 de agosto.<\/p>\n<p>As emendas parlamentares individuais s\u00e3o dota\u00e7\u00f5es inseridas no Or\u00e7amento da Uni\u00e3o que abastecem os redutos eleitorais dos parlamentares com recursos para obras p\u00fablicas. Em ano pr\u00e9-eleitoral, s\u00e3o essenciais para que os pol\u00edticos beneficiem suas bases nos estados. TIB mostrou recentemente que at\u00e9 o ex-deputado Eduardo Cunha (PMDB-RJ), preso no complexo de Pinhais, em Curitiba, tamb\u00e9m foi agraciado com a libera\u00e7\u00e3o de recursos de mais de R$ 1,6 milh\u00e3o.<\/p>\n<p>Para quem a banda toca, afinal?<\/p>\n<p>Apesar de todo o agrado por parte do governo e mesmo j\u00e1 tendo elogiado Temer num passado recente, o cantor tem se aproximado muito nos \u00faltimos tempos do aspirante ao Planalto \u00c1lvaro Dias (PV-PR), \u00e1rduo cr\u00edtico da atual gest\u00e3o, que chegou a pedir a ren\u00fancia do presidente ap\u00f3s a divulga\u00e7\u00e3o das grava\u00e7\u00f5es comprometedoras feitas pelo dono da JBS, Joesley Batista. S\u00e9rgio Reis figura como \u201cindeciso\u201d no site 342agora, criado para acompanhar o posicionamento dos congressistas sobre a continuidade da den\u00fancia criminal contra Temer.<\/p>\n<p>A reportagem entrou em contato com o deputado S\u00e9rgio Reis para entender a aplica\u00e7\u00e3o dos recursos, mas o deputado ainda n\u00e3o se manifestou.<\/p>\n<p><img data-recalc-dims=\"1\" loading=\"lazy\" decoding=\"async\" data-attachment-id=\"12465\" data-permalink=\"http:\/\/blogdalucianaoliveira.com.br\/blog\/2017\/07\/25\/cantor-na-festa-de-um-ano-da-gestao-temer-sergio-reis-e-o-lider-em-emendas-pagas-pelo-governo\/img_2352\/\" data-orig-file=\"https:\/\/i0.wp.com\/blogdalucianaoliveira.com.br\/blog\/wp-content\/uploads\/2017\/07\/IMG_2352.jpg?fit=1000%2C1000\" data-orig-size=\"1000,1000\" data-comments-opened=\"0\" data-image-meta=\"{&quot;aperture&quot;:&quot;0&quot;,&quot;credit&quot;:&quot;&quot;,&quot;camera&quot;:&quot;&quot;,&quot;caption&quot;:&quot;&quot;,&quot;created_timestamp&quot;:&quot;0&quot;,&quot;copyright&quot;:&quot;&quot;,&quot;focal_length&quot;:&quot;0&quot;,&quot;iso&quot;:&quot;0&quot;,&quot;shutter_speed&quot;:&quot;0&quot;,&quot;title&quot;:&quot;&quot;,&quot;orientation&quot;:&quot;0&quot;}\" data-image-title=\"IMG_2352\" data-image-description=\"\" data-image-caption=\"\" data-medium-file=\"https:\/\/i0.wp.com\/blogdalucianaoliveira.com.br\/blog\/wp-content\/uploads\/2017\/07\/IMG_2352.jpg?fit=300%2C300\" data-large-file=\"https:\/\/i0.wp.com\/blogdalucianaoliveira.com.br\/blog\/wp-content\/uploads\/2017\/07\/IMG_2352.jpg?fit=600%2C600\" src=\"https:\/\/i0.wp.com\/blogdalucianaoliveira.com.br\/blog\/wp-content\/uploads\/2017\/07\/IMG_2352.jpg?resize=600%2C600\" alt=\"IMG_2352\" width=\"600\" height=\"600\" class=\"alignnone size-full wp-image-12465\" \/\n\nEntre os dez deputados mais bem pagos com emendas parlamentares em 2017, a maioria faz parte da tropa de choque de Temer. Em segundo lugar, est\u00e1 o l\u00edder do PMDB na C\u00e2mara Baleia Rossi (SP), com R$ 7.660.534,74. Em seguida, Alexandre Serfiotis (PMDB-RJ), que recebeu R$ 7.553.345,51. Partiu de Rossi a iniciativa de que o PMDB fechasse quest\u00e3o contra a continuidade da den\u00fancia contra Temer. Ele tamb\u00e9m sugeriu que Zveiter fosse retirado da CCJ ap\u00f3s apresenta\u00e7\u00e3o do parecer contra Temer.\n\nOs deputados Laerte Bessa (PR\/DF) e Paulo Maluf (PP\/SP), membros da CCJ e que votaram contra o andamento da den\u00fancia de corrup\u00e7\u00e3o contra Temer, receberam respectivamente R$ 7.039.886 e R$ 6.768.072, ocupando os s\u00e9timo e oitavo lugares do ranking. De acordo com o 342agora, todos se manifestaram contr\u00e1rios \u00e0 continuidade da investiga\u00e7\u00e3o contra Temer.\n\nCoube a Paulo Maluf contar sobre as qualidades at\u00e9 ent\u00e3o desconhecidas de Temer aos presentes que acompanham a sess\u00e3o na CCJ.  \u201cConhe\u00e7o Temer h\u00e1 35 anos e, em 35 anos de conviv\u00eancia, n\u00e3o d\u00e1 para a gente se enganar. Temer \u00e9 um homem honesto, probo, correto e decente que est\u00e1 sendo acusado de maneira absolutamente impr\u00f3pria\u201d, profetizou.\n\n<img loading=\"lazy\" decoding=\"async\" data-attachment-id=\"12465\" data-permalink=\"http:\/\/blogdalucianaoliveira.com.br\/blog\/2017\/07\/25\/cantor-na-festa-de-um-ano-da-gestao-temer-sergio-reis-e-o-lider-em-emendas-pagas-pelo-governo\/img_2352\/\" data-orig-file=\"https:\/\/i0.wp.com\/blogdalucianaoliveira.com.br\/blog\/wp-content\/uploads\/2017\/07\/IMG_2352.jpg?fit=1000%2C1000\" data-orig-size=\"1000,1000\" data-comments-opened=\"0\" data-image-meta=\"{&quot;aperture&quot;:&quot;0&quot;,&quot;credit&quot;:&quot;&quot;,&quot;camera&quot;:&quot;&quot;,&quot;caption&quot;:&quot;&quot;,&quot;created_timestamp&quot;:&quot;0&quot;,&quot;copyright&quot;:&quot;&quot;,&quot;focal_length&quot;:&quot;0&quot;,&quot;iso&quot;:&quot;0&quot;,&quot;shutter_speed&quot;:&quot;0&quot;,&quot;title&quot;:&quot;&quot;,&quot;orientation&quot;:&quot;0&quot;}\" data-image-title=\"IMG_2352\" data-image-description=\"\" data-image-caption=\"\" data-medium-file=\"https:\/\/i0.wp.com\/blogdalucianaoliveira.com.br\/blog\/wp-content\/uploads\/2017\/07\/IMG_2352.jpg?fit=300%2C300\" data-large-file=\"https:\/\/i0.wp.com\/blogdalucianaoliveira.com.br\/blog\/wp-content\/uploads\/2017\/07\/IMG_2352.jpg?fit=600%2C600\" src=\"http:\/\/blogdalucianaoliveira.com.br\/blog\/wp-content\/uploads\/2017\/07\/IMG_2353.jpg\" alt=\"IMG_2353\" width=\"600\" height=\"600\" class=\"alignnone size-full wp-image-12466\" srcset=\"https:\/\/i0.wp.com\/blogdalucianaoliveira.com.br\/blog\/wp-content\/uploads\/2017\/07\/IMG_2352.jpg?w=1000 1000w, https:\/\/i0.wp.com\/blogdalucianaoliveira.com.br\/blog\/wp-content\/uploads\/2017\/07\/IMG_2352.jpg?resize=150%2C150 150w, https:\/\/i0.wp.com\/blogdalucianaoliveira.com.br\/blog\/wp-content\/uploads\/2017\/07\/IMG_2352.jpg?resize=300%2C300 300w, https:\/\/i0.wp.com\/blogdalucianaoliveira.com.br\/blog\/wp-content\/uploads\/2017\/07\/IMG_2352.jpg?resize=768%2C768 768w\" sizes=\"auto, (max-width: 600px) 100vw, 600px\" \/><\/p>\n<p>O cargo que Bessa ocupou na CCJ era anteriormente de Jorginho Melo (PR\/SC), retirado pelo partido por ter uma posi\u00e7\u00e3o favor\u00e1vel \u00e0 continuidade da den\u00fancia. Manobras, promessa de cargos e libera\u00e7\u00e3o de emendas a aliados ajudaram o governo a garantir uma vit\u00f3ria montada na artificialidade parlamentar.<\/p>\n<p>Bessa entrou na comiss\u00e3o sem nem sequer saber o nome dos colegas: se enrolou para citar o sobrenome do relator, S\u00e9rgio Zveiter, chamando-o de \u201cVelter\u201d, e do deputado Wadih Damous (PT\/RJ) de \u201cUadi Vadus\u201d. \u201cN\u00e3o \u00e9 muito estranho uma den\u00fancia nessa hora em que o Brasil come\u00e7a a ver uma luz no fim do t\u00fanel?\u201d, questionou, mostrando por que foi escalado para a CCJ.<\/p>\n","protected":false},"excerpt":{"rendered":"<p>The Intercept, por George Marques QUANDO O PRESIDENTE MICHEL Temer comemorou um ano de gest\u00e3o, no \u00faltimo 13 de maio, um grupo de pol\u00edticos, entre eles deputados e ministros, festejou com ele em um refinado restaurante italiano de Bras\u00edlia, o Trattoria do Ros\u00e1rio.<\/p>\n","protected":false},"author":1,"featured_media":0,"comment_status":"closed","ping_status":"open","sticky":false,"template":"","format":"standard","meta":{"_exactmetrics_skip_tracking":false,"_exactmetrics_sitenote_active":false,"_exactmetrics_sitenote_note":"","_exactmetrics_sitenote_category":0,"jetpack_post_was_ever_published":false,"_jetpack_newsletter_access":"","_jetpack_dont_email_post_to_subs":false,"_jetpack_newsletter_tier_id":0,"_jetpack_memberships_contains_paywalled_content":false,"_jetpack_memberships_contains_paid_content":false,"footnotes":"","jetpack_publicize_message":"","jetpack_publicize_feature_enabled":true,"jetpack_social_post_already_shared":true,"jetpack_social_options":{"image_generator_settings":{"template":"highway","enabled":false},"version":2}},"categories":[1],"tags":[],"class_list":["post-12463","post","type-post","status-publish","format-standard","hentry","category-notas"],"jetpack_publicize_connections":[],"jetpack_sharing_enabled":true,"jetpack_featured_media_url":"","jetpack_shortlink":"https:\/\/wp.me\/p7wKYW-3f1","jetpack-related-posts":[],"_links":{"self":[{"href":"http:\/\/blogdalucianaoliveira.com.br\/blog\/wp-json\/wp\/v2\/posts\/12463","targetHints":{"allow":["GET"]}}],"collection":[{"href":"http:\/\/blogdalucianaoliveira.com.br\/blog\/wp-json\/wp\/v2\/posts"}],"about":[{"href":"http:\/\/blogdalucianaoliveira.com.br\/blog\/wp-json\/wp\/v2\/types\/post"}],"author":[{"embeddable":true,"href":"http:\/\/blogdalucianaoliveira.com.br\/blog\/wp-json\/wp\/v2\/users\/1"}],"replies":[{"embeddable":true,"href":"http:\/\/blogdalucianaoliveira.com.br\/blog\/wp-json\/wp\/v2\/comments?post=12463"}],"version-history":[{"count":1,"href":"http:\/\/blogdalucianaoliveira.com.br\/blog\/wp-json\/wp\/v2\/posts\/12463\/revisions"}],"predecessor-version":[{"id":12467,"href":"http:\/\/blogdalucianaoliveira.com.br\/blog\/wp-json\/wp\/v2\/posts\/12463\/revisions\/12467"}],"wp:attachment":[{"href":"http:\/\/blogdalucianaoliveira.com.br\/blog\/wp-json\/wp\/v2\/media?parent=12463"}],"wp:term":[{"taxonomy":"category","embeddable":true,"href":"http:\/\/blogdalucianaoliveira.com.br\/blog\/wp-json\/wp\/v2\/categories?post=12463"},{"taxonomy":"post_tag","embeddable":true,"href":"http:\/\/blogdalucianaoliveira.com.br\/blog\/wp-json\/wp\/v2\/tags?post=12463"}],"curies":[{"name":"wp","href":"https:\/\/api.w.org\/{rel}","templated":true}]}}