{"id":12474,"date":"2017-07-26T09:34:53","date_gmt":"2017-07-26T13:34:53","guid":{"rendered":"http:\/\/blogdalucianaoliveira.com.br\/blog\/?p=12474"},"modified":"2017-07-26T09:34:53","modified_gmt":"2017-07-26T13:34:53","slug":"trinca-do-golpe-e-a-mais-rejeitada-do-brasil","status":"publish","type":"post","link":"http:\/\/blogdalucianaoliveira.com.br\/blog\/2017\/07\/26\/trinca-do-golpe-e-a-mais-rejeitada-do-brasil\/","title":{"rendered":"TRINCA DO GOLPE \u00c9 A MAIS REJEITADA DO BRASIL"},"content":{"rendered":"<p><img data-recalc-dims=\"1\" loading=\"lazy\" decoding=\"async\" data-attachment-id=\"12475\" data-permalink=\"http:\/\/blogdalucianaoliveira.com.br\/blog\/2017\/07\/26\/trinca-do-golpe-e-a-mais-rejeitada-do-brasil\/reje\/\" data-orig-file=\"https:\/\/i0.wp.com\/blogdalucianaoliveira.com.br\/blog\/wp-content\/uploads\/2017\/07\/reje.jpg?fit=1000%2C357\" data-orig-size=\"1000,357\" data-comments-opened=\"0\" data-image-meta=\"{&quot;aperture&quot;:&quot;0&quot;,&quot;credit&quot;:&quot;&quot;,&quot;camera&quot;:&quot;&quot;,&quot;caption&quot;:&quot;&quot;,&quot;created_timestamp&quot;:&quot;0&quot;,&quot;copyright&quot;:&quot;&quot;,&quot;focal_length&quot;:&quot;0&quot;,&quot;iso&quot;:&quot;0&quot;,&quot;shutter_speed&quot;:&quot;0&quot;,&quot;title&quot;:&quot;&quot;,&quot;orientation&quot;:&quot;0&quot;}\" data-image-title=\"reje\" data-image-description=\"\" data-image-caption=\"\" data-medium-file=\"https:\/\/i0.wp.com\/blogdalucianaoliveira.com.br\/blog\/wp-content\/uploads\/2017\/07\/reje.jpg?fit=300%2C107\" data-large-file=\"https:\/\/i0.wp.com\/blogdalucianaoliveira.com.br\/blog\/wp-content\/uploads\/2017\/07\/reje.jpg?fit=600%2C214\" src=\"https:\/\/i0.wp.com\/blogdalucianaoliveira.com.br\/blog\/wp-content\/uploads\/2017\/07\/reje.jpg?resize=600%2C214\" alt=\"reje\" width=\"600\" height=\"214\" class=\"alignnone size-full wp-image-12475\" srcset=\"https:\/\/i0.wp.com\/blogdalucianaoliveira.com.br\/blog\/wp-content\/uploads\/2017\/07\/reje.jpg?w=1000 1000w, https:\/\/i0.wp.com\/blogdalucianaoliveira.com.br\/blog\/wp-content\/uploads\/2017\/07\/reje.jpg?resize=300%2C107 300w, https:\/\/i0.wp.com\/blogdalucianaoliveira.com.br\/blog\/wp-content\/uploads\/2017\/07\/reje.jpg?resize=768%2C274 768w, https:\/\/i0.wp.com\/blogdalucianaoliveira.com.br\/blog\/wp-content\/uploads\/2017\/07\/reje.jpg?resize=800%2C286 800w\" sizes=\"auto, (max-width: 600px) 100vw, 600px\" \/><\/p>\n<p>247 \u2013 Em v\u00e1rios de seus pronunciamentos recentes, a presidente leg\u00edtima Dilma Rousseff, deposta pelo golpe parlamentar de 2016, tem repetido que a hist\u00f3ria tem sido implac\u00e1vel com os golpistas. <!--more--><\/p>\n<p>Ela tem raz\u00e3o. Pesquisa Ipsos divulgada nesta ter\u00e7a-feira revelou que os tr\u00eas personagens principais da conspira\u00e7\u00e3o que a derrubou s\u00e3o tamb\u00e9m os tr\u00eas pol\u00edticos mais rejeitados do Brasil.<\/p>\n<p>Quem lidera a lista \u00e9 Michel Temer, formalmente denunciado por corrup\u00e7\u00e3o e rejeitado por 94% da popula\u00e7\u00e3o. O segundo \u00e9 o ex-deputado Eduardo Cunha (PMDB-RJ), que acolheu o pedido de impeachment sem crime de responsabilidade e est\u00e1 condenado a 15 anos e quatro meses de pris\u00e3o, com 93%. Em terceiro lugar, aparece o senador A\u00e9cio Neves (PSDB-MG), que liderou o golpe e \u00e9 rejeitado por 90%.<\/p>\n<p>&#8220;Identificamos que os efeitos da crise pol\u00edtica e da dela\u00e7\u00e3o premiada de Joesley Batista ainda se mant\u00eam. Esse quadro tende a se manter nos pr\u00f3ximos meses com a pauta do aumento de impostos&#8221;, comenta Danilo Cersosimo, diretor da Ipsos Public Affairs, respons\u00e1vel pelo Pulso Brasil.  Ou seja: os n\u00fameros de Temer podem piorar ainda mais, depois do tarifa\u00e7o na gasolina. <\/p>\n<p>A pesquisa tamb\u00e9m mediu a popularidade de  33 nomes listados entre pol\u00edticos e personalidades p\u00fablicas. Os mais populares s\u00e3o o juiz S\u00e9rgio Moro (64%), o apresentador Luciano Huck (45%), o ex-presidente do Supremo Tribunal Federal (STF) Joaquim Barbosa (44%), o ex-presidente Luiz In\u00e1cio Lula da Silva (29%), a presidente do STF, C\u00e1rmen L\u00facia (28%), e o procurador-geral da Rep\u00fablica, Rodrigo Janot (24%). <\/p>\n","protected":false},"excerpt":{"rendered":"<p>247 \u2013 Em v\u00e1rios de seus pronunciamentos recentes, a presidente leg\u00edtima Dilma Rousseff, deposta pelo golpe parlamentar de 2016, tem repetido que a hist\u00f3ria tem sido implac\u00e1vel com os golpistas.<\/p>\n","protected":false},"author":1,"featured_media":0,"comment_status":"closed","ping_status":"open","sticky":false,"template":"","format":"standard","meta":{"_exactmetrics_skip_tracking":false,"_exactmetrics_sitenote_active":false,"_exactmetrics_sitenote_note":"","_exactmetrics_sitenote_category":0,"jetpack_post_was_ever_published":false,"_jetpack_newsletter_access":"","_jetpack_dont_email_post_to_subs":false,"_jetpack_newsletter_tier_id":0,"_jetpack_memberships_contains_paywalled_content":false,"_jetpack_memberships_contains_paid_content":false,"footnotes":"","jetpack_publicize_message":"","jetpack_publicize_feature_enabled":true,"jetpack_social_post_already_shared":true,"jetpack_social_options":{"image_generator_settings":{"template":"highway","enabled":false},"version":2}},"categories":[1],"tags":[],"class_list":["post-12474","post","type-post","status-publish","format-standard","hentry","category-notas"],"jetpack_publicize_connections":[],"jetpack_sharing_enabled":true,"jetpack_featured_media_url":"","jetpack_shortlink":"https:\/\/wp.me\/p7wKYW-3fc","jetpack-related-posts":[],"_links":{"self":[{"href":"http:\/\/blogdalucianaoliveira.com.br\/blog\/wp-json\/wp\/v2\/posts\/12474","targetHints":{"allow":["GET"]}}],"collection":[{"href":"http:\/\/blogdalucianaoliveira.com.br\/blog\/wp-json\/wp\/v2\/posts"}],"about":[{"href":"http:\/\/blogdalucianaoliveira.com.br\/blog\/wp-json\/wp\/v2\/types\/post"}],"author":[{"embeddable":true,"href":"http:\/\/blogdalucianaoliveira.com.br\/blog\/wp-json\/wp\/v2\/users\/1"}],"replies":[{"embeddable":true,"href":"http:\/\/blogdalucianaoliveira.com.br\/blog\/wp-json\/wp\/v2\/comments?post=12474"}],"version-history":[{"count":1,"href":"http:\/\/blogdalucianaoliveira.com.br\/blog\/wp-json\/wp\/v2\/posts\/12474\/revisions"}],"predecessor-version":[{"id":12476,"href":"http:\/\/blogdalucianaoliveira.com.br\/blog\/wp-json\/wp\/v2\/posts\/12474\/revisions\/12476"}],"wp:attachment":[{"href":"http:\/\/blogdalucianaoliveira.com.br\/blog\/wp-json\/wp\/v2\/media?parent=12474"}],"wp:term":[{"taxonomy":"category","embeddable":true,"href":"http:\/\/blogdalucianaoliveira.com.br\/blog\/wp-json\/wp\/v2\/categories?post=12474"},{"taxonomy":"post_tag","embeddable":true,"href":"http:\/\/blogdalucianaoliveira.com.br\/blog\/wp-json\/wp\/v2\/tags?post=12474"}],"curies":[{"name":"wp","href":"https:\/\/api.w.org\/{rel}","templated":true}]}}