{"id":12477,"date":"2017-07-26T09:43:23","date_gmt":"2017-07-26T13:43:23","guid":{"rendered":"http:\/\/blogdalucianaoliveira.com.br\/blog\/?p=12477"},"modified":"2017-07-26T09:44:23","modified_gmt":"2017-07-26T13:44:23","slug":"temer-inicia-um-novo-ciclo-de-massacre-aos-povos-indigenas","status":"publish","type":"post","link":"http:\/\/blogdalucianaoliveira.com.br\/blog\/2017\/07\/26\/temer-inicia-um-novo-ciclo-de-massacre-aos-povos-indigenas\/","title":{"rendered":"Temer inicia um novo ciclo de massacre aos povos ind\u00edgenas"},"content":{"rendered":"<p><img data-recalc-dims=\"1\" loading=\"lazy\" decoding=\"async\" data-attachment-id=\"12478\" data-permalink=\"http:\/\/blogdalucianaoliveira.com.br\/blog\/2017\/07\/26\/temer-inicia-um-novo-ciclo-de-massacre-aos-povos-indigenas\/indi-2\/\" data-orig-file=\"https:\/\/i0.wp.com\/blogdalucianaoliveira.com.br\/blog\/wp-content\/uploads\/2017\/07\/indi.jpg?fit=311%2C162\" data-orig-size=\"311,162\" data-comments-opened=\"0\" data-image-meta=\"{&quot;aperture&quot;:&quot;0&quot;,&quot;credit&quot;:&quot;&quot;,&quot;camera&quot;:&quot;&quot;,&quot;caption&quot;:&quot;&quot;,&quot;created_timestamp&quot;:&quot;0&quot;,&quot;copyright&quot;:&quot;&quot;,&quot;focal_length&quot;:&quot;0&quot;,&quot;iso&quot;:&quot;0&quot;,&quot;shutter_speed&quot;:&quot;0&quot;,&quot;title&quot;:&quot;&quot;,&quot;orientation&quot;:&quot;0&quot;}\" data-image-title=\"indi\" data-image-description=\"\" data-image-caption=\"\" data-medium-file=\"https:\/\/i0.wp.com\/blogdalucianaoliveira.com.br\/blog\/wp-content\/uploads\/2017\/07\/indi.jpg?fit=300%2C156\" data-large-file=\"https:\/\/i0.wp.com\/blogdalucianaoliveira.com.br\/blog\/wp-content\/uploads\/2017\/07\/indi.jpg?fit=311%2C162\" src=\"https:\/\/i0.wp.com\/blogdalucianaoliveira.com.br\/blog\/wp-content\/uploads\/2017\/07\/indi.jpg?resize=311%2C162\" alt=\"indi\" width=\"311\" height=\"162\" class=\"alignnone size-full wp-image-12478\" srcset=\"https:\/\/i0.wp.com\/blogdalucianaoliveira.com.br\/blog\/wp-content\/uploads\/2017\/07\/indi.jpg?w=311 311w, https:\/\/i0.wp.com\/blogdalucianaoliveira.com.br\/blog\/wp-content\/uploads\/2017\/07\/indi.jpg?resize=300%2C156 300w\" sizes=\"auto, (max-width: 311px) 100vw, 311px\" \/><\/p>\n<p>Estamos assistindo ao in\u00edcio de um novo ciclo de massacre aos povos ind\u00edgenas, mais uma vez a hist\u00f3ria cobrar\u00e1 e de que isso nos servir\u00e1?<!--more--><\/p>\n<p>No Alerta Social<\/p>\n<p>No \u00faltimo dia 19 de julho, Michel Temer assinou o parecer vinculante da AGU que incorpora a tese do \u201cmarco temporal\u201d como par\u00e2metro de demarca\u00e7\u00e3o de terras ind\u00edgenas para todos os \u00f3rg\u00e3os da administra\u00e7\u00e3o p\u00fablica. Em portugu\u00eas claro, significa que os \u00edndios n\u00e3o t\u00eam direito a reivindicar terras que n\u00e3o ocupavam at\u00e9 a promulga\u00e7\u00e3o da Constitui\u00e7\u00e3o Federal em outubro de 1988. Aos desavisados o parecer pode apresentar um marco justo, j\u00e1 que a Constitui\u00e7\u00e3o Federal \u00e9 o pacto social sob o qual viv\u00edamos at\u00e9 maio de 2016, entretanto o parecer ignora 500 anos de disputas e conflitos que marcam a hist\u00f3ria brasileira. A tese do \u201cmarco temporal\u201d foi usada pelo STF em 2009 no julgamento da demarca\u00e7\u00e3o da reserva Raposa Serra do Sol (Roraima), especialistas na quest\u00e3o ind\u00edgena acreditam que o caso se aplica especificamente \u00e0 Raposa e n\u00e3o como par\u00e2metro para as demais demarca\u00e7\u00f5es.<\/p>\n<p>Ao assumir tal tese, o governo tira dos povos ind\u00edgenas o direito de disputarem terras que foram ocupadas por seus ancestrais e onde desenvolveram suas civiliza\u00e7\u00f5es anterior ao processo de coloniza\u00e7\u00e3o. Al\u00e9m disso, nos leva (mais uma vez) ao retrato do pa\u00eds durante a ditadura militar, um dos per\u00edodos mais duros para os ind\u00edgenas na hist\u00f3ria recente do pa\u00eds, j\u00e1 que em 1988 o cen\u00e1rio da ocupa\u00e7\u00e3o de terras era reflexo do massacre promovidos pela pol\u00edtica predat\u00f3ria executada nos anos de chumbo.<\/p>\n<p>A assinatura do parecer foi antecipada pelo deputado ruralista e membro da Frente Parlamentar da Agricultura, Lu\u00eds Carlos Henzi (PP-RS) em v\u00eddeo publicado nas redes sociais.<\/p>\n<p>A ministra Grace Mendon\u00e7a da AGU declarou que o parecer trar\u00e1 \u201cseguran\u00e7a jur\u00eddica\u201d aos ind\u00edgenas. Realmente, trar\u00e1 a seguran\u00e7a jur\u00eddica de que eles definitivamente n\u00e3o podem disputar seus territ\u00f3rios. Juliana de Paula Batista do ISA, classificou o parecer de \u201cchocante\u201d e \u201cestarrecedor\u201d. Acredita que ele nada tem a ver com mitiga\u00e7\u00e3o de conflitos e sim em atender aos interesses, dos j\u00e1 abastados, ruralistas brasileiros.<\/p>\n<p>Al\u00e9m da tese do \u201cmarco temporal\u201d, o parecer veda a amplia\u00e7\u00e3o de terras j\u00e1 demarcadas e determina que o usufruto das terras pelos ind\u00edgenas n\u00e3o se sobrep\u00f5e \u00e0s quest\u00f5es de soberania nacional, ao uso das For\u00e7as Armadas e da Pol\u00edcia Federal.<\/p>\n<p>N\u00e3o h\u00e1 nenhuma surpresa no fato de Michel Temer atender exclusivamente aos interesses sociais e econ\u00f4micos das elites brasileiras. O parecer materializa o fato de que uma pol\u00edtica indigenista digna e justa \u00e9 uma decis\u00e3o de governo e uma pol\u00edtica de Estado assim como as aberra\u00e7\u00f5es hist\u00f3ricas executadas pelos capit\u00e3es do golpe tamb\u00e9m \u00e9. Estamos assistindo ao in\u00edcio de um novo ciclo de massacre aos povos ind\u00edgenas, mais uma vez a hist\u00f3ria cobrar\u00e1 e de que isso nos servir\u00e1?<\/p>\n","protected":false},"excerpt":{"rendered":"<p>Estamos assistindo ao in\u00edcio de um novo ciclo de massacre aos povos ind\u00edgenas, mais uma vez a hist\u00f3ria cobrar\u00e1 e de que isso nos servir\u00e1?<\/p>\n","protected":false},"author":1,"featured_media":12478,"comment_status":"closed","ping_status":"open","sticky":false,"template":"","format":"standard","meta":{"_exactmetrics_skip_tracking":false,"_exactmetrics_sitenote_active":false,"_exactmetrics_sitenote_note":"","_exactmetrics_sitenote_category":0,"jetpack_post_was_ever_published":false,"_jetpack_newsletter_access":"","_jetpack_dont_email_post_to_subs":false,"_jetpack_newsletter_tier_id":0,"_jetpack_memberships_contains_paywalled_content":false,"_jetpack_memberships_contains_paid_content":false,"footnotes":"","jetpack_publicize_message":"","jetpack_publicize_feature_enabled":true,"jetpack_social_post_already_shared":true,"jetpack_social_options":{"image_generator_settings":{"template":"highway","enabled":false},"version":2}},"categories":[1],"tags":[],"class_list":["post-12477","post","type-post","status-publish","format-standard","has-post-thumbnail","hentry","category-notas"],"jetpack_publicize_connections":[],"jetpack_sharing_enabled":true,"jetpack_featured_media_url":"https:\/\/i0.wp.com\/blogdalucianaoliveira.com.br\/blog\/wp-content\/uploads\/2017\/07\/indi.jpg?fit=311%2C162","jetpack_shortlink":"https:\/\/wp.me\/p7wKYW-3ff","jetpack-related-posts":[],"_links":{"self":[{"href":"http:\/\/blogdalucianaoliveira.com.br\/blog\/wp-json\/wp\/v2\/posts\/12477","targetHints":{"allow":["GET"]}}],"collection":[{"href":"http:\/\/blogdalucianaoliveira.com.br\/blog\/wp-json\/wp\/v2\/posts"}],"about":[{"href":"http:\/\/blogdalucianaoliveira.com.br\/blog\/wp-json\/wp\/v2\/types\/post"}],"author":[{"embeddable":true,"href":"http:\/\/blogdalucianaoliveira.com.br\/blog\/wp-json\/wp\/v2\/users\/1"}],"replies":[{"embeddable":true,"href":"http:\/\/blogdalucianaoliveira.com.br\/blog\/wp-json\/wp\/v2\/comments?post=12477"}],"version-history":[{"count":1,"href":"http:\/\/blogdalucianaoliveira.com.br\/blog\/wp-json\/wp\/v2\/posts\/12477\/revisions"}],"predecessor-version":[{"id":12479,"href":"http:\/\/blogdalucianaoliveira.com.br\/blog\/wp-json\/wp\/v2\/posts\/12477\/revisions\/12479"}],"wp:featuredmedia":[{"embeddable":true,"href":"http:\/\/blogdalucianaoliveira.com.br\/blog\/wp-json\/wp\/v2\/media\/12478"}],"wp:attachment":[{"href":"http:\/\/blogdalucianaoliveira.com.br\/blog\/wp-json\/wp\/v2\/media?parent=12477"}],"wp:term":[{"taxonomy":"category","embeddable":true,"href":"http:\/\/blogdalucianaoliveira.com.br\/blog\/wp-json\/wp\/v2\/categories?post=12477"},{"taxonomy":"post_tag","embeddable":true,"href":"http:\/\/blogdalucianaoliveira.com.br\/blog\/wp-json\/wp\/v2\/tags?post=12477"}],"curies":[{"name":"wp","href":"https:\/\/api.w.org\/{rel}","templated":true}]}}