{"id":12480,"date":"2017-07-26T13:14:44","date_gmt":"2017-07-26T17:14:44","guid":{"rendered":"http:\/\/blogdalucianaoliveira.com.br\/blog\/?p=12480"},"modified":"2017-07-26T13:39:20","modified_gmt":"2017-07-26T17:39:20","slug":"quem-e-ada-dantas","status":"publish","type":"post","link":"http:\/\/blogdalucianaoliveira.com.br\/blog\/2017\/07\/26\/quem-e-ada-dantas\/","title":{"rendered":"QUEM \u00c9 ADA DANTAS?"},"content":{"rendered":"<p><img data-recalc-dims=\"1\" loading=\"lazy\" decoding=\"async\" data-attachment-id=\"12481\" data-permalink=\"http:\/\/blogdalucianaoliveira.com.br\/blog\/2017\/07\/26\/quem-e-ada-dantas\/adadantas\/\" data-orig-file=\"https:\/\/i0.wp.com\/blogdalucianaoliveira.com.br\/blog\/wp-content\/uploads\/2017\/07\/AdaDantas.jpg?fit=700%2C524\" data-orig-size=\"700,524\" data-comments-opened=\"0\" data-image-meta=\"{&quot;aperture&quot;:&quot;0&quot;,&quot;credit&quot;:&quot;&quot;,&quot;camera&quot;:&quot;&quot;,&quot;caption&quot;:&quot;&quot;,&quot;created_timestamp&quot;:&quot;0&quot;,&quot;copyright&quot;:&quot;&quot;,&quot;focal_length&quot;:&quot;0&quot;,&quot;iso&quot;:&quot;0&quot;,&quot;shutter_speed&quot;:&quot;0&quot;,&quot;title&quot;:&quot;&quot;,&quot;orientation&quot;:&quot;1&quot;}\" data-image-title=\"AdaDantas\" data-image-description=\"\" data-image-caption=\"\" data-medium-file=\"https:\/\/i0.wp.com\/blogdalucianaoliveira.com.br\/blog\/wp-content\/uploads\/2017\/07\/AdaDantas.jpg?fit=300%2C225\" data-large-file=\"https:\/\/i0.wp.com\/blogdalucianaoliveira.com.br\/blog\/wp-content\/uploads\/2017\/07\/AdaDantas.jpg?fit=600%2C449\" src=\"https:\/\/i0.wp.com\/blogdalucianaoliveira.com.br\/blog\/wp-content\/uploads\/2017\/07\/AdaDantas.jpg?resize=600%2C449\" alt=\"AdaDantas\" width=\"600\" height=\"449\" class=\"alignnone size-full wp-image-12481\" srcset=\"https:\/\/i0.wp.com\/blogdalucianaoliveira.com.br\/blog\/wp-content\/uploads\/2017\/07\/AdaDantas.jpg?w=700 700w, https:\/\/i0.wp.com\/blogdalucianaoliveira.com.br\/blog\/wp-content\/uploads\/2017\/07\/AdaDantas.jpg?resize=300%2C225 300w, https:\/\/i0.wp.com\/blogdalucianaoliveira.com.br\/blog\/wp-content\/uploads\/2017\/07\/AdaDantas.jpg?resize=401%2C300 401w\" sizes=\"auto, (max-width: 600px) 100vw, 600px\" \/><\/p>\n<p>\u00c9 o que todos se perguntam ap\u00f3s o debate fuleiro que a vereadora do PMN travou com uma professora no facebook.  <\/p>\n<p>Ada Dantas, mais conhecida como esposa do deputado estadual Jesu\u00edno Boabaid do que por qualquer outra coisa, se elegeu com um discurso moralista e com v\u00eddeo de apoio do deputado Jair Bolsonaro, \u00edcone do resgate do lema nacionalista \u2018Deus, P\u00e1tria e Fam\u00edlia\u2019, dos anos de chumbo impostos pela ditadura militar. <!--more--><\/p>\n<p>A vereadora do PMN defende ao lado do marido a militariza\u00e7\u00e3o das escolas p\u00fablicas para garantir \u201cum futuro melhor aos jovens\u201d.<\/p>\n<p>O perfil conservador atraiu eleitores que acham que endurecer normas de conv\u00edvio e padronizar o comportamento de estudantes s\u00e3o alternativas para valorizar institui\u00e7\u00f5es e pr\u00e1ticas tradicionais como forma de minimizar a viol\u00eancia, proteger fam\u00edlias e impor moralidade ao pa\u00eds. <\/p>\n<p>A mulher que ostentou postura firme na defesa de valores morais e que usou a Associa\u00e7\u00e3o dos Pra\u00e7as e Familiares da Pol\u00edcia e Bombeiro Militar de Rond\u00f4nia (Assfapom) como degrau para ocupar uma vaga na C\u00e2mara, escandalizou com a linguagem que utilizou para refutar um coment\u00e1rio.<\/p>\n<p>Puta, vagabunda, maluca e quenga do PT, foi como qualificou a professora que sutilmente criticou a vereadora por defender as f\u00e9rias do prefeito com apenas seis meses de gest\u00e3o.<\/p>\n<p><img data-recalc-dims=\"1\" loading=\"lazy\" decoding=\"async\" data-attachment-id=\"12482\" data-permalink=\"http:\/\/blogdalucianaoliveira.com.br\/blog\/2017\/07\/26\/quem-e-ada-dantas\/puta-5\/\" data-orig-file=\"https:\/\/i0.wp.com\/blogdalucianaoliveira.com.br\/blog\/wp-content\/uploads\/2017\/07\/puta-1.jpg?fit=540%2C960\" data-orig-size=\"540,960\" data-comments-opened=\"0\" data-image-meta=\"{&quot;aperture&quot;:&quot;0&quot;,&quot;credit&quot;:&quot;&quot;,&quot;camera&quot;:&quot;&quot;,&quot;caption&quot;:&quot;&quot;,&quot;created_timestamp&quot;:&quot;0&quot;,&quot;copyright&quot;:&quot;&quot;,&quot;focal_length&quot;:&quot;0&quot;,&quot;iso&quot;:&quot;0&quot;,&quot;shutter_speed&quot;:&quot;0&quot;,&quot;title&quot;:&quot;&quot;,&quot;orientation&quot;:&quot;0&quot;}\" data-image-title=\"puta\" data-image-description=\"\" data-image-caption=\"\" data-medium-file=\"https:\/\/i0.wp.com\/blogdalucianaoliveira.com.br\/blog\/wp-content\/uploads\/2017\/07\/puta-1.jpg?fit=169%2C300\" data-large-file=\"https:\/\/i0.wp.com\/blogdalucianaoliveira.com.br\/blog\/wp-content\/uploads\/2017\/07\/puta-1.jpg?fit=540%2C960\" src=\"https:\/\/i0.wp.com\/blogdalucianaoliveira.com.br\/blog\/wp-content\/uploads\/2017\/07\/puta-1.jpg?resize=540%2C960\" alt=\"puta\" width=\"540\" height=\"960\" class=\"alignnone size-full wp-image-12482\" srcset=\"https:\/\/i0.wp.com\/blogdalucianaoliveira.com.br\/blog\/wp-content\/uploads\/2017\/07\/puta-1.jpg?w=540 540w, https:\/\/i0.wp.com\/blogdalucianaoliveira.com.br\/blog\/wp-content\/uploads\/2017\/07\/puta-1.jpg?resize=169%2C300 169w\" sizes=\"auto, (max-width: 540px) 100vw, 540px\" \/><\/p>\n<p>Convenhamos, qualquer um pode e deve criticar a conduta do prefeito e de quem o apoia. <\/p>\n<p>A cr\u00edtica \u00e9 absolutamente necess\u00e1ria, pois o sal\u00e1rio da vereadora n\u00e3o \u00e9 pago pra que defenda o dolce far niente do prefeito na Europa.<\/p>\n<p><img data-recalc-dims=\"1\" loading=\"lazy\" decoding=\"async\" data-attachment-id=\"12486\" data-permalink=\"http:\/\/blogdalucianaoliveira.com.br\/blog\/2017\/07\/26\/quem-e-ada-dantas\/euo\/\" data-orig-file=\"https:\/\/i0.wp.com\/blogdalucianaoliveira.com.br\/blog\/wp-content\/uploads\/2017\/07\/euo.jpg?fit=480%2C630\" data-orig-size=\"480,630\" data-comments-opened=\"0\" data-image-meta=\"{&quot;aperture&quot;:&quot;0&quot;,&quot;credit&quot;:&quot;&quot;,&quot;camera&quot;:&quot;&quot;,&quot;caption&quot;:&quot;&quot;,&quot;created_timestamp&quot;:&quot;0&quot;,&quot;copyright&quot;:&quot;&quot;,&quot;focal_length&quot;:&quot;0&quot;,&quot;iso&quot;:&quot;0&quot;,&quot;shutter_speed&quot;:&quot;0&quot;,&quot;title&quot;:&quot;&quot;,&quot;orientation&quot;:&quot;0&quot;}\" data-image-title=\"euo\" data-image-description=\"\" data-image-caption=\"\" data-medium-file=\"https:\/\/i0.wp.com\/blogdalucianaoliveira.com.br\/blog\/wp-content\/uploads\/2017\/07\/euo.jpg?fit=229%2C300\" data-large-file=\"https:\/\/i0.wp.com\/blogdalucianaoliveira.com.br\/blog\/wp-content\/uploads\/2017\/07\/euo.jpg?fit=480%2C630\" src=\"https:\/\/i0.wp.com\/blogdalucianaoliveira.com.br\/blog\/wp-content\/uploads\/2017\/07\/euo.jpg?resize=480%2C630\" alt=\"euo\" width=\"480\" height=\"630\" class=\"alignnone size-full wp-image-12486\" srcset=\"https:\/\/i0.wp.com\/blogdalucianaoliveira.com.br\/blog\/wp-content\/uploads\/2017\/07\/euo.jpg?w=480 480w, https:\/\/i0.wp.com\/blogdalucianaoliveira.com.br\/blog\/wp-content\/uploads\/2017\/07\/euo.jpg?resize=229%2C300 229w\" sizes=\"auto, (max-width: 480px) 100vw, 480px\" \/><\/p>\n<p>Quando o prefeito enviou \u00e0 C\u00e2mara o pedido de quase um m\u00eas de afastamento, Ada Dantas foi eloquente na defesa do alcaide.<\/p>\n<p>\u201cQuero parabenizar, quero que tenha boas f\u00e9rias. Eu sei que teve l\u00e1 o per\u00edodo da campanha, o per\u00edodo de transi\u00e7\u00e3o, tudo isso leva sim, leva a gente, n\u00f3s somos sugados na campanha.\u201d <\/p>\n<blockquote class=\"wp-embedded-content\" data-secret=\"lhE7nOIPCN\"><p><a href=\"https:\/\/blogdalucianaoliveira.com.br\/blog\/2017\/07\/03\/gente-olha-essa-vergonha\/\">Gente, olha essa vergonha<\/a><\/p><\/blockquote>\n<p><iframe loading=\"lazy\" class=\"wp-embedded-content\" sandbox=\"allow-scripts\" security=\"restricted\" style=\"position: absolute; clip: rect(1px, 1px, 1px, 1px);\" title=\"&#8220;Gente, olha essa vergonha&#8221; &#8212; Blog da Luciana Oliveira\" src=\"https:\/\/blogdalucianaoliveira.com.br\/blog\/2017\/07\/03\/gente-olha-essa-vergonha\/embed\/#?secret=lwFe6L1KOm#?secret=lhE7nOIPCN\" data-secret=\"lhE7nOIPCN\" width=\"600\" height=\"338\" frameborder=\"0\" marginwidth=\"0\" marginheight=\"0\" scrolling=\"no\"><\/iframe><\/p>\n<p>Ao ser questionada pela declara\u00e7\u00e3o na internet, a vereadora reagiu de forma desproporcional por deduzir que houve dano moral e pra isso deve buscar repara\u00e7\u00e3o na justi\u00e7a, o que \u00e9 um direito.<\/p>\n<p>Formada em Direito, consciente de que deveria buscar meios judiciais e n\u00e3o virtuais pra coibir o que considera que ultrapassou o limite das liberdade de express\u00e3o, Ada usou uma linguagem de ambiente lupanar, praticando cal\u00fanias ainda mais graves contra a professora.<\/p>\n<p>Pediu desculpas, mas n\u00e3o colou.<\/p>\n<p>\u201cAda Dantas vem a p\u00fablico se desculpar pelo infeliz fato ocorrido na noite de domingo.\u201d<\/p>\n<p>Ela escandalizou os colegas de parlamento, a imprensa e seus eleitores, mas quem a conhece diz que sua postura sempre foi marcada por excessos quando submetida a press\u00e3o.<\/p>\n<p>Uma coisa \u00e9 uma pessoa comum proferir palavr\u00f5es nas redes sociais, outra bem diferente \u00e9 uma figura p\u00fablica, embora todos se submetam \u00e0 responsabiliza\u00e7\u00e3o por danos morais.<\/p>\n<p>O j\u00fari virtual condenou a conduta da vereadora imediatamente, transformando o assunto e um dos mais comentados nas redes sociais. O destempero com linguagem chula e ofensiva \u00e9 incompat\u00edvel com a fun\u00e7\u00e3o que exerce gra\u00e7as ao voto popular.<\/p>\n<p>S\u00f3 o tempo dir\u00e1 se Ada Dantas conseguir\u00e1 recuperar a postura \u2018pacificadora\u2019 de campanha ou manter a agressividade que revelou em t\u00e3o pouco tempo de mandato.<\/p>\n<p>At\u00e9 l\u00e1, um vers\u00edculo b\u00edblico sustenta a d\u00favida: \u201cPode algu\u00e9m colher uvas de um espinheiro ou figos de ervas daninhas?\u201d<\/p>\n","protected":false},"excerpt":{"rendered":"<p>\u00c9 o que todos se perguntam ap\u00f3s o debate fuleiro que a vereadora do PMN travou com uma professora no facebook. Ada Dantas, mais conhecida como esposa do deputado estadual Jesu\u00edno Boabaid do que por qualquer outra coisa, se elegeu com um discurso moralista e com v\u00eddeo de apoio do deputado Jair Bolsonaro, \u00edcone do&#8230;<a class=\"more-link\" href=\"http:\/\/blogdalucianaoliveira.com.br\/blog\/2017\/07\/26\/quem-e-ada-dantas\/\">Continue a leitura <span class=\"meta-nav\">&raquo;<\/span><\/a><\/p>\n","protected":false},"author":1,"featured_media":0,"comment_status":"closed","ping_status":"open","sticky":false,"template":"","format":"standard","meta":{"_exactmetrics_skip_tracking":false,"_exactmetrics_sitenote_active":false,"_exactmetrics_sitenote_note":"","_exactmetrics_sitenote_category":0,"jetpack_post_was_ever_published":false,"_jetpack_newsletter_access":"","_jetpack_dont_email_post_to_subs":false,"_jetpack_newsletter_tier_id":0,"_jetpack_memberships_contains_paywalled_content":false,"_jetpack_memberships_contains_paid_content":false,"footnotes":"","jetpack_publicize_message":"","jetpack_publicize_feature_enabled":true,"jetpack_social_post_already_shared":true,"jetpack_social_options":{"image_generator_settings":{"template":"highway","enabled":false},"version":2}},"categories":[1],"tags":[],"class_list":["post-12480","post","type-post","status-publish","format-standard","hentry","category-notas"],"jetpack_publicize_connections":[],"jetpack_sharing_enabled":true,"jetpack_featured_media_url":"","jetpack_shortlink":"https:\/\/wp.me\/p7wKYW-3fi","jetpack-related-posts":[],"_links":{"self":[{"href":"http:\/\/blogdalucianaoliveira.com.br\/blog\/wp-json\/wp\/v2\/posts\/12480","targetHints":{"allow":["GET"]}}],"collection":[{"href":"http:\/\/blogdalucianaoliveira.com.br\/blog\/wp-json\/wp\/v2\/posts"}],"about":[{"href":"http:\/\/blogdalucianaoliveira.com.br\/blog\/wp-json\/wp\/v2\/types\/post"}],"author":[{"embeddable":true,"href":"http:\/\/blogdalucianaoliveira.com.br\/blog\/wp-json\/wp\/v2\/users\/1"}],"replies":[{"embeddable":true,"href":"http:\/\/blogdalucianaoliveira.com.br\/blog\/wp-json\/wp\/v2\/comments?post=12480"}],"version-history":[{"count":8,"href":"http:\/\/blogdalucianaoliveira.com.br\/blog\/wp-json\/wp\/v2\/posts\/12480\/revisions"}],"predecessor-version":[{"id":12491,"href":"http:\/\/blogdalucianaoliveira.com.br\/blog\/wp-json\/wp\/v2\/posts\/12480\/revisions\/12491"}],"wp:attachment":[{"href":"http:\/\/blogdalucianaoliveira.com.br\/blog\/wp-json\/wp\/v2\/media?parent=12480"}],"wp:term":[{"taxonomy":"category","embeddable":true,"href":"http:\/\/blogdalucianaoliveira.com.br\/blog\/wp-json\/wp\/v2\/categories?post=12480"},{"taxonomy":"post_tag","embeddable":true,"href":"http:\/\/blogdalucianaoliveira.com.br\/blog\/wp-json\/wp\/v2\/tags?post=12480"}],"curies":[{"name":"wp","href":"https:\/\/api.w.org\/{rel}","templated":true}]}}