{"id":12495,"date":"2017-07-26T16:50:30","date_gmt":"2017-07-26T20:50:30","guid":{"rendered":"http:\/\/blogdalucianaoliveira.com.br\/blog\/?p=12495"},"modified":"2017-07-26T16:50:30","modified_gmt":"2017-07-26T20:50:30","slug":"expedicao-vale-das-cachoeiras","status":"publish","type":"post","link":"http:\/\/blogdalucianaoliveira.com.br\/blog\/2017\/07\/26\/expedicao-vale-das-cachoeiras\/","title":{"rendered":"Expedi\u00e7\u00e3o Vale das Cachoeiras"},"content":{"rendered":"<p><img data-recalc-dims=\"1\" loading=\"lazy\" decoding=\"async\" data-attachment-id=\"12496\" data-permalink=\"http:\/\/blogdalucianaoliveira.com.br\/blog\/2017\/07\/26\/expedicao-vale-das-cachoeiras\/img_2382-2\/\" data-orig-file=\"https:\/\/i0.wp.com\/blogdalucianaoliveira.com.br\/blog\/wp-content\/uploads\/2017\/07\/IMG_2382.jpg?fit=470%2C313\" data-orig-size=\"470,313\" data-comments-opened=\"0\" data-image-meta=\"{&quot;aperture&quot;:&quot;0&quot;,&quot;credit&quot;:&quot;&quot;,&quot;camera&quot;:&quot;&quot;,&quot;caption&quot;:&quot;&quot;,&quot;created_timestamp&quot;:&quot;0&quot;,&quot;copyright&quot;:&quot;&quot;,&quot;focal_length&quot;:&quot;0&quot;,&quot;iso&quot;:&quot;0&quot;,&quot;shutter_speed&quot;:&quot;0&quot;,&quot;title&quot;:&quot;&quot;,&quot;orientation&quot;:&quot;1&quot;}\" data-image-title=\"IMG_2382\" data-image-description=\"\" data-image-caption=\"\" data-medium-file=\"https:\/\/i0.wp.com\/blogdalucianaoliveira.com.br\/blog\/wp-content\/uploads\/2017\/07\/IMG_2382.jpg?fit=300%2C200\" data-large-file=\"https:\/\/i0.wp.com\/blogdalucianaoliveira.com.br\/blog\/wp-content\/uploads\/2017\/07\/IMG_2382.jpg?fit=470%2C313\" src=\"https:\/\/i0.wp.com\/blogdalucianaoliveira.com.br\/blog\/wp-content\/uploads\/2017\/07\/IMG_2382.jpg?resize=470%2C313\" alt=\"IMG_2382\" width=\"470\" height=\"313\" class=\"alignnone size-full wp-image-12496\" srcset=\"https:\/\/i0.wp.com\/blogdalucianaoliveira.com.br\/blog\/wp-content\/uploads\/2017\/07\/IMG_2382.jpg?w=470 470w, https:\/\/i0.wp.com\/blogdalucianaoliveira.com.br\/blog\/wp-content\/uploads\/2017\/07\/IMG_2382.jpg?resize=300%2C200 300w, https:\/\/i0.wp.com\/blogdalucianaoliveira.com.br\/blog\/wp-content\/uploads\/2017\/07\/IMG_2382.jpg?resize=450%2C300 450w\" sizes=\"auto, (max-width: 470px) 100vw, 470px\" \/><\/p>\n<p>Aproveite o fim das f\u00e9rias e venha conhecer o Vale das Cachoeiras em Ouro Preto do Oeste com a Amaz\u00f4nia Adventure. <!--more--><\/p>\n<p>Sa\u00edda dia 05 de Agosto em Van Executiva com retorno dia 06. Venha se divertir e ter um Pacote completo recheado de emo\u00e7\u00f5es!<\/p>\n<p><img data-recalc-dims=\"1\" loading=\"lazy\" decoding=\"async\" data-attachment-id=\"12497\" data-permalink=\"http:\/\/blogdalucianaoliveira.com.br\/blog\/2017\/07\/26\/expedicao-vale-das-cachoeiras\/img_2383\/\" data-orig-file=\"https:\/\/i0.wp.com\/blogdalucianaoliveira.com.br\/blog\/wp-content\/uploads\/2017\/07\/IMG_2383.jpg?fit=443%2C332\" data-orig-size=\"443,332\" data-comments-opened=\"0\" data-image-meta=\"{&quot;aperture&quot;:&quot;0&quot;,&quot;credit&quot;:&quot;&quot;,&quot;camera&quot;:&quot;&quot;,&quot;caption&quot;:&quot;&quot;,&quot;created_timestamp&quot;:&quot;0&quot;,&quot;copyright&quot;:&quot;&quot;,&quot;focal_length&quot;:&quot;0&quot;,&quot;iso&quot;:&quot;0&quot;,&quot;shutter_speed&quot;:&quot;0&quot;,&quot;title&quot;:&quot;&quot;,&quot;orientation&quot;:&quot;1&quot;}\" data-image-title=\"IMG_2383\" data-image-description=\"\" data-image-caption=\"\" data-medium-file=\"https:\/\/i0.wp.com\/blogdalucianaoliveira.com.br\/blog\/wp-content\/uploads\/2017\/07\/IMG_2383.jpg?fit=300%2C225\" data-large-file=\"https:\/\/i0.wp.com\/blogdalucianaoliveira.com.br\/blog\/wp-content\/uploads\/2017\/07\/IMG_2383.jpg?fit=443%2C332\" src=\"https:\/\/i0.wp.com\/blogdalucianaoliveira.com.br\/blog\/wp-content\/uploads\/2017\/07\/IMG_2383.jpg?resize=443%2C332\" alt=\"IMG_2383\" width=\"443\" height=\"332\" class=\"alignnone size-full wp-image-12497\" srcset=\"https:\/\/i0.wp.com\/blogdalucianaoliveira.com.br\/blog\/wp-content\/uploads\/2017\/07\/IMG_2383.jpg?w=443 443w, https:\/\/i0.wp.com\/blogdalucianaoliveira.com.br\/blog\/wp-content\/uploads\/2017\/07\/IMG_2383.jpg?resize=300%2C225 300w, https:\/\/i0.wp.com\/blogdalucianaoliveira.com.br\/blog\/wp-content\/uploads\/2017\/07\/IMG_2383.jpg?resize=400%2C300 400w\" sizes=\"auto, (max-width: 443px) 100vw, 443px\" \/><\/p>\n<p>Programa\u00e7\u00e3o:<\/p>\n<p>S\u00c1BADO 05\/08<\/p>\n<p>00h &#8211; sa\u00edda de PVH (Van)<br \/>\n06h &#8211; caf\u00e9 da manh\u00e3 em Ouro Preto<br \/>\n09h &#8211; Entrada no Vale (manh\u00e3 livre)<br \/>\n17h &#8211; retorno para Ouro Preto (hotel Domenique)<br \/>\n19h &#8211; sa\u00edda para jantar<\/p>\n<p>DOMINGO 06\/08<\/p>\n<p>7h &#8211; caf\u00e9 da manh\u00e3<br \/>\n9h &#8211; visita ao Grauna Resort<br \/>\n10h &#8211; Visita ao Morro Chico Mendes (paraglider*)<br \/>\n12h &#8211; Retorno para Vale<br \/>\n13h &#8211; Tarde livre<br \/>\n17h -Retorno para Porto Velho<\/p>\n<p>Inclui:<br \/>\n#transporte em Van<br \/>\n#entrada no Vale<br \/>\n#hospedagem em hotel<br \/>\n#cafe da manh\u00e3<br \/>\n#visita ao Grauna Resort<br \/>\n#visita ao Morro Chico Mendes<\/p>\n<p>N\u00e3o inclui:<br \/>\n#almo\u00e7o e jantar<br \/>\n#seguro viagem<br \/>\n#voo paraglider<\/p>\n<p>VAGAS LIMITADAS!!!<\/p>\n<p>Valor parcelado no cart\u00e3o em at\u00e9 3x ou \u00e0 vista casal ganha 13% de desconto <\/p>\n<p>Reservas 99256-0007 \ud83d\udcf2<\/p>\n","protected":false},"excerpt":{"rendered":"<p>Aproveite o fim das f\u00e9rias e venha conhecer o Vale das Cachoeiras em Ouro Preto do Oeste com a Amaz\u00f4nia Adventure.<\/p>\n","protected":false},"author":1,"featured_media":0,"comment_status":"closed","ping_status":"open","sticky":false,"template":"","format":"standard","meta":{"_exactmetrics_skip_tracking":false,"_exactmetrics_sitenote_active":false,"_exactmetrics_sitenote_note":"","_exactmetrics_sitenote_category":0,"jetpack_post_was_ever_published":false,"_jetpack_newsletter_access":"","_jetpack_dont_email_post_to_subs":false,"_jetpack_newsletter_tier_id":0,"_jetpack_memberships_contains_paywalled_content":false,"_jetpack_memberships_contains_paid_content":false,"footnotes":"","jetpack_publicize_message":"","jetpack_publicize_feature_enabled":true,"jetpack_social_post_already_shared":true,"jetpack_social_options":{"image_generator_settings":{"template":"highway","enabled":false},"version":2}},"categories":[1],"tags":[],"class_list":["post-12495","post","type-post","status-publish","format-standard","hentry","category-notas"],"jetpack_publicize_connections":[],"jetpack_sharing_enabled":true,"jetpack_featured_media_url":"","jetpack_shortlink":"https:\/\/wp.me\/p7wKYW-3fx","jetpack-related-posts":[],"_links":{"self":[{"href":"http:\/\/blogdalucianaoliveira.com.br\/blog\/wp-json\/wp\/v2\/posts\/12495","targetHints":{"allow":["GET"]}}],"collection":[{"href":"http:\/\/blogdalucianaoliveira.com.br\/blog\/wp-json\/wp\/v2\/posts"}],"about":[{"href":"http:\/\/blogdalucianaoliveira.com.br\/blog\/wp-json\/wp\/v2\/types\/post"}],"author":[{"embeddable":true,"href":"http:\/\/blogdalucianaoliveira.com.br\/blog\/wp-json\/wp\/v2\/users\/1"}],"replies":[{"embeddable":true,"href":"http:\/\/blogdalucianaoliveira.com.br\/blog\/wp-json\/wp\/v2\/comments?post=12495"}],"version-history":[{"count":1,"href":"http:\/\/blogdalucianaoliveira.com.br\/blog\/wp-json\/wp\/v2\/posts\/12495\/revisions"}],"predecessor-version":[{"id":12498,"href":"http:\/\/blogdalucianaoliveira.com.br\/blog\/wp-json\/wp\/v2\/posts\/12495\/revisions\/12498"}],"wp:attachment":[{"href":"http:\/\/blogdalucianaoliveira.com.br\/blog\/wp-json\/wp\/v2\/media?parent=12495"}],"wp:term":[{"taxonomy":"category","embeddable":true,"href":"http:\/\/blogdalucianaoliveira.com.br\/blog\/wp-json\/wp\/v2\/categories?post=12495"},{"taxonomy":"post_tag","embeddable":true,"href":"http:\/\/blogdalucianaoliveira.com.br\/blog\/wp-json\/wp\/v2\/tags?post=12495"}],"curies":[{"name":"wp","href":"https:\/\/api.w.org\/{rel}","templated":true}]}}