{"id":12499,"date":"2017-07-26T17:01:25","date_gmt":"2017-07-26T21:01:25","guid":{"rendered":"http:\/\/blogdalucianaoliveira.com.br\/blog\/?p=12499"},"modified":"2017-07-26T17:01:25","modified_gmt":"2017-07-26T21:01:25","slug":"financial-times-comprem-o-brasil-esta-barato","status":"publish","type":"post","link":"http:\/\/blogdalucianaoliveira.com.br\/blog\/2017\/07\/26\/financial-times-comprem-o-brasil-esta-barato\/","title":{"rendered":"FINANCIAL TIMES: \u201cCOMPREM O BRASIL, EST\u00c1 BARATO\u201d"},"content":{"rendered":"<p><img data-recalc-dims=\"1\" loading=\"lazy\" decoding=\"async\" data-attachment-id=\"12500\" data-permalink=\"http:\/\/blogdalucianaoliveira.com.br\/blog\/2017\/07\/26\/financial-times-comprem-o-brasil-esta-barato\/img_2384\/\" data-orig-file=\"https:\/\/i0.wp.com\/blogdalucianaoliveira.com.br\/blog\/wp-content\/uploads\/2017\/07\/IMG_2384.jpg?fit=480%2C240\" data-orig-size=\"480,240\" data-comments-opened=\"0\" data-image-meta=\"{&quot;aperture&quot;:&quot;0&quot;,&quot;credit&quot;:&quot;&quot;,&quot;camera&quot;:&quot;&quot;,&quot;caption&quot;:&quot;&quot;,&quot;created_timestamp&quot;:&quot;0&quot;,&quot;copyright&quot;:&quot;&quot;,&quot;focal_length&quot;:&quot;0&quot;,&quot;iso&quot;:&quot;0&quot;,&quot;shutter_speed&quot;:&quot;0&quot;,&quot;title&quot;:&quot;&quot;,&quot;orientation&quot;:&quot;0&quot;}\" data-image-title=\"IMG_2384\" data-image-description=\"\" data-image-caption=\"\" data-medium-file=\"https:\/\/i0.wp.com\/blogdalucianaoliveira.com.br\/blog\/wp-content\/uploads\/2017\/07\/IMG_2384.jpg?fit=300%2C150\" data-large-file=\"https:\/\/i0.wp.com\/blogdalucianaoliveira.com.br\/blog\/wp-content\/uploads\/2017\/07\/IMG_2384.jpg?fit=480%2C240\" src=\"https:\/\/i0.wp.com\/blogdalucianaoliveira.com.br\/blog\/wp-content\/uploads\/2017\/07\/IMG_2384.jpg?resize=480%2C240\" alt=\"IMG_2384\" width=\"480\" height=\"240\" class=\"alignnone size-full wp-image-12500\" srcset=\"https:\/\/i0.wp.com\/blogdalucianaoliveira.com.br\/blog\/wp-content\/uploads\/2017\/07\/IMG_2384.jpg?w=480 480w, https:\/\/i0.wp.com\/blogdalucianaoliveira.com.br\/blog\/wp-content\/uploads\/2017\/07\/IMG_2384.jpg?resize=300%2C150 300w\" sizes=\"auto, (max-width: 480px) 100vw, 480px\" \/><\/p>\n<p>Por Fernando Brito, do Tijola\u00e7o &#8211; N\u00e9lson de S\u00e1, na Folha hoje, resume os \u201cconselhos\u201d do Financial Times, com grifo meu:<\/p>\n<p>No \u201cFinancial Times\u201d, com uma foto de plataforma da Petrobras, acima, \u201cInvestidores estrangeiros sustentam o Brasil a atravessar recess\u00e3o\u201d.<!--more--><\/p>\n<p>\u00c9 que, \u201ccomparado com outros pa\u00edses, o Brasil tem recebido bastante investimento porque tem um monte de ativos \u00e0 venda\u201d, afirma um analista do Bank of America Merrill Lynch. E eles est\u00e3o \u201cbaratos\u201d, acrescenta um analista do Goldman Sachs.<\/p>\n<p>O \u201cFT\u201c destaca, entre eles, os \u201cdesinvestimentos for\u00e7ados\u201d pela Opera\u00e7\u00e3o Lava Jato na Petrobras e na Odebrecht. E avisa que \u201ca pr\u00f3xima na fila para a venda de ativos \u00e9 a JBS\u201d.<\/p>\n<p>Acrescenta por\u00e9m que parte dos supostos investimentos \u00e9 empr\u00e9stimo das empresas para as suas pr\u00f3prias subsidi\u00e1rias no pa\u00eds,\u201cefetivamente neg\u00f3cios cambiais que visam tirar proveito das altas taxas de juros do Brasil\u201d.<\/p>\n<p>E vem mais por a\u00ed. Segundo a ag\u00eancia Reuters, citando fontes an\u00f4nimas, o governo anunciar\u00e1 novas regras para a minera\u00e7\u00e3o no Brasil, que \u201caumentar\u00e3o o limite de participa\u00e7\u00e3o de empresas estrangeiras em empreendimentos no pa\u00eds, hoje em 40%\u201d.<\/p>\n<p>\u00c9 preciso mais para nos sentirmos os \u201cot\u00e1rios do mundo\u201d?<\/p>\n","protected":false},"excerpt":{"rendered":"<p>Por Fernando Brito, do Tijola\u00e7o &#8211; N\u00e9lson de S\u00e1, na Folha hoje, resume os \u201cconselhos\u201d do Financial Times, com grifo meu: No \u201cFinancial Times\u201d, com uma foto de plataforma da Petrobras, acima, \u201cInvestidores estrangeiros sustentam o Brasil a atravessar recess\u00e3o\u201d.<\/p>\n","protected":false},"author":1,"featured_media":0,"comment_status":"closed","ping_status":"open","sticky":false,"template":"","format":"standard","meta":{"_exactmetrics_skip_tracking":false,"_exactmetrics_sitenote_active":false,"_exactmetrics_sitenote_note":"","_exactmetrics_sitenote_category":0,"jetpack_post_was_ever_published":false,"_jetpack_newsletter_access":"","_jetpack_dont_email_post_to_subs":false,"_jetpack_newsletter_tier_id":0,"_jetpack_memberships_contains_paywalled_content":false,"_jetpack_memberships_contains_paid_content":false,"footnotes":"","jetpack_publicize_message":"","jetpack_publicize_feature_enabled":true,"jetpack_social_post_already_shared":true,"jetpack_social_options":{"image_generator_settings":{"template":"highway","enabled":false},"version":2}},"categories":[1],"tags":[],"class_list":["post-12499","post","type-post","status-publish","format-standard","hentry","category-notas"],"jetpack_publicize_connections":[],"jetpack_sharing_enabled":true,"jetpack_featured_media_url":"","jetpack_shortlink":"https:\/\/wp.me\/p7wKYW-3fB","jetpack-related-posts":[],"_links":{"self":[{"href":"http:\/\/blogdalucianaoliveira.com.br\/blog\/wp-json\/wp\/v2\/posts\/12499","targetHints":{"allow":["GET"]}}],"collection":[{"href":"http:\/\/blogdalucianaoliveira.com.br\/blog\/wp-json\/wp\/v2\/posts"}],"about":[{"href":"http:\/\/blogdalucianaoliveira.com.br\/blog\/wp-json\/wp\/v2\/types\/post"}],"author":[{"embeddable":true,"href":"http:\/\/blogdalucianaoliveira.com.br\/blog\/wp-json\/wp\/v2\/users\/1"}],"replies":[{"embeddable":true,"href":"http:\/\/blogdalucianaoliveira.com.br\/blog\/wp-json\/wp\/v2\/comments?post=12499"}],"version-history":[{"count":1,"href":"http:\/\/blogdalucianaoliveira.com.br\/blog\/wp-json\/wp\/v2\/posts\/12499\/revisions"}],"predecessor-version":[{"id":12501,"href":"http:\/\/blogdalucianaoliveira.com.br\/blog\/wp-json\/wp\/v2\/posts\/12499\/revisions\/12501"}],"wp:attachment":[{"href":"http:\/\/blogdalucianaoliveira.com.br\/blog\/wp-json\/wp\/v2\/media?parent=12499"}],"wp:term":[{"taxonomy":"category","embeddable":true,"href":"http:\/\/blogdalucianaoliveira.com.br\/blog\/wp-json\/wp\/v2\/categories?post=12499"},{"taxonomy":"post_tag","embeddable":true,"href":"http:\/\/blogdalucianaoliveira.com.br\/blog\/wp-json\/wp\/v2\/tags?post=12499"}],"curies":[{"name":"wp","href":"https:\/\/api.w.org\/{rel}","templated":true}]}}