{"id":12502,"date":"2017-07-27T09:31:43","date_gmt":"2017-07-27T13:31:43","guid":{"rendered":"http:\/\/blogdalucianaoliveira.com.br\/blog\/?p=12502"},"modified":"2017-07-27T09:31:43","modified_gmt":"2017-07-27T13:31:43","slug":"duvido-que-vereadora-perca-mandato-por-xingamentos-nas-redes-sociais","status":"publish","type":"post","link":"http:\/\/blogdalucianaoliveira.com.br\/blog\/2017\/07\/27\/duvido-que-vereadora-perca-mandato-por-xingamentos-nas-redes-sociais\/","title":{"rendered":"Duvido que vereadora perca mandato por xingamentos nas redes sociais"},"content":{"rendered":"<p><img data-recalc-dims=\"1\" loading=\"lazy\" decoding=\"async\" data-attachment-id=\"12504\" data-permalink=\"http:\/\/blogdalucianaoliveira.com.br\/blog\/2017\/07\/27\/duvido-que-vereadora-perca-mandato-por-xingamentos-nas-redes-sociais\/ada1-2\/\" data-orig-file=\"https:\/\/i0.wp.com\/blogdalucianaoliveira.com.br\/blog\/wp-content\/uploads\/2017\/07\/ada1.jpg?fit=473%2C311\" data-orig-size=\"473,311\" data-comments-opened=\"0\" data-image-meta=\"{&quot;aperture&quot;:&quot;0&quot;,&quot;credit&quot;:&quot;&quot;,&quot;camera&quot;:&quot;&quot;,&quot;caption&quot;:&quot;&quot;,&quot;created_timestamp&quot;:&quot;0&quot;,&quot;copyright&quot;:&quot;&quot;,&quot;focal_length&quot;:&quot;0&quot;,&quot;iso&quot;:&quot;0&quot;,&quot;shutter_speed&quot;:&quot;0&quot;,&quot;title&quot;:&quot;&quot;,&quot;orientation&quot;:&quot;0&quot;}\" data-image-title=\"ada1\" data-image-description=\"\" data-image-caption=\"\" data-medium-file=\"https:\/\/i0.wp.com\/blogdalucianaoliveira.com.br\/blog\/wp-content\/uploads\/2017\/07\/ada1.jpg?fit=300%2C197\" data-large-file=\"https:\/\/i0.wp.com\/blogdalucianaoliveira.com.br\/blog\/wp-content\/uploads\/2017\/07\/ada1.jpg?fit=473%2C311\" src=\"https:\/\/i0.wp.com\/blogdalucianaoliveira.com.br\/blog\/wp-content\/uploads\/2017\/07\/ada1.jpg?resize=473%2C311\" alt=\"ada1\" width=\"473\" height=\"311\" class=\"alignnone size-full wp-image-12504\" srcset=\"https:\/\/i0.wp.com\/blogdalucianaoliveira.com.br\/blog\/wp-content\/uploads\/2017\/07\/ada1.jpg?w=473 473w, https:\/\/i0.wp.com\/blogdalucianaoliveira.com.br\/blog\/wp-content\/uploads\/2017\/07\/ada1.jpg?resize=300%2C197 300w, https:\/\/i0.wp.com\/blogdalucianaoliveira.com.br\/blog\/wp-content\/uploads\/2017\/07\/ada1.jpg?resize=456%2C300 456w\" sizes=\"auto, (max-width: 473px) 100vw, 473px\" \/><\/p>\n<p>N\u00e3o acho que Ada Dantas vai\/deva perder mandato por ter praticado ofensas grav\u00edssimas contra uma professora nas redes sociais.<!--more--><\/p>\n<p>E sabe por que?<br \/>\nPorque o conceito de decoro parlamentar foi vulgarizado, desprezado.<\/p>\n<p>Vou citar s\u00f3 2 casos que provocam curto circuito nos miolos quando penso em quebra de decoro parlamentar.<br \/>\nO Bolsonaro, \u00eddolo da vereadora, n\u00e3o foi punido por fazer apologia ao estupro. Disse \u00e0 colega que era um privil\u00e9gio ser estuprada.<\/p>\n<p>O A\u00e9cio Neves n\u00e3o foi punido ao ser flagrado combinando entrega de propina e dizendo que mandaria matar algu\u00e9m antes que o delatasse.<\/p>\n<p>Aqui, a C\u00e2mara j\u00e1 arquivou pedidos contra vereadores que foram presos e respondem a acusa\u00e7\u00f5es por crimes muito mais graves que o de cal\u00fania.<\/p>\n<p><img data-recalc-dims=\"1\" loading=\"lazy\" decoding=\"async\" data-attachment-id=\"12503\" data-permalink=\"http:\/\/blogdalucianaoliveira.com.br\/blog\/2017\/07\/27\/duvido-que-vereadora-perca-mandato-por-xingamentos-nas-redes-sociais\/coco\/\" data-orig-file=\"https:\/\/i0.wp.com\/blogdalucianaoliveira.com.br\/blog\/wp-content\/uploads\/2017\/07\/coco.jpg?fit=489%2C262\" data-orig-size=\"489,262\" data-comments-opened=\"0\" data-image-meta=\"{&quot;aperture&quot;:&quot;0&quot;,&quot;credit&quot;:&quot;&quot;,&quot;camera&quot;:&quot;&quot;,&quot;caption&quot;:&quot;&quot;,&quot;created_timestamp&quot;:&quot;0&quot;,&quot;copyright&quot;:&quot;&quot;,&quot;focal_length&quot;:&quot;0&quot;,&quot;iso&quot;:&quot;0&quot;,&quot;shutter_speed&quot;:&quot;0&quot;,&quot;title&quot;:&quot;&quot;,&quot;orientation&quot;:&quot;0&quot;}\" data-image-title=\"coco\" data-image-description=\"\" data-image-caption=\"\" data-medium-file=\"https:\/\/i0.wp.com\/blogdalucianaoliveira.com.br\/blog\/wp-content\/uploads\/2017\/07\/coco.jpg?fit=300%2C161\" data-large-file=\"https:\/\/i0.wp.com\/blogdalucianaoliveira.com.br\/blog\/wp-content\/uploads\/2017\/07\/coco.jpg?fit=489%2C262\" src=\"https:\/\/i0.wp.com\/blogdalucianaoliveira.com.br\/blog\/wp-content\/uploads\/2017\/07\/coco.jpg?resize=489%2C262\" alt=\"coco\" width=\"489\" height=\"262\" class=\"alignnone size-full wp-image-12503\" srcset=\"https:\/\/i0.wp.com\/blogdalucianaoliveira.com.br\/blog\/wp-content\/uploads\/2017\/07\/coco.jpg?w=489 489w, https:\/\/i0.wp.com\/blogdalucianaoliveira.com.br\/blog\/wp-content\/uploads\/2017\/07\/coco.jpg?resize=300%2C161 300w\" sizes=\"auto, (max-width: 489px) 100vw, 489px\" \/><\/p>\n<p>Pra quem sonha com a perda de mandato da vereadora Ada Dantas por ter ofendido gravemente uma professora nas redes sociais, lembro fato recente.<br \/>\nOs cinco vereadores envolvidos na Opera\u00e7\u00e3o Apocalipse, Jair Montes (Sem partido), Cabo Anjos (PDT), Pastor Delso (PRB), Marcelo Reis (PV) e Eduardo Rodrigues (PV), foram julgados pela C\u00e2mara Municipal de Porto Velho e foram ABSOLVIDOS.<\/p>\n<p>A Opera\u00e7\u00e3o Apocalipse, investigava o envolvimento de parlamentares nos crimes de tr\u00e1fico de drogas e financiamento de campanhas com verba il\u00edcita.<\/p>\n<p>S\u00e9rio&#8230; seria at\u00e9 injusto com Ada.<br \/>\nMas, o requerimento do PT cumpre uma finalidade, a de desmoralizar a vereadora desbocada.<br \/>\nE, olha&#8230;<br \/>\nO preju\u00edzo foi grande.<br \/>\nO requerimento do PT enfia Ada no Anais.<\/p>\n","protected":false},"excerpt":{"rendered":"<p>N\u00e3o acho que Ada Dantas vai\/deva perder mandato por ter praticado ofensas grav\u00edssimas contra uma professora nas redes sociais.<\/p>\n","protected":false},"author":1,"featured_media":0,"comment_status":"closed","ping_status":"open","sticky":false,"template":"","format":"standard","meta":{"_exactmetrics_skip_tracking":false,"_exactmetrics_sitenote_active":false,"_exactmetrics_sitenote_note":"","_exactmetrics_sitenote_category":0,"jetpack_post_was_ever_published":false,"_jetpack_newsletter_access":"","_jetpack_dont_email_post_to_subs":false,"_jetpack_newsletter_tier_id":0,"_jetpack_memberships_contains_paywalled_content":false,"_jetpack_memberships_contains_paid_content":false,"footnotes":"","jetpack_publicize_message":"","jetpack_publicize_feature_enabled":true,"jetpack_social_post_already_shared":true,"jetpack_social_options":{"image_generator_settings":{"template":"highway","enabled":false},"version":2}},"categories":[1],"tags":[],"class_list":["post-12502","post","type-post","status-publish","format-standard","hentry","category-notas"],"jetpack_publicize_connections":[],"jetpack_sharing_enabled":true,"jetpack_featured_media_url":"","jetpack_shortlink":"https:\/\/wp.me\/p7wKYW-3fE","jetpack-related-posts":[],"_links":{"self":[{"href":"http:\/\/blogdalucianaoliveira.com.br\/blog\/wp-json\/wp\/v2\/posts\/12502","targetHints":{"allow":["GET"]}}],"collection":[{"href":"http:\/\/blogdalucianaoliveira.com.br\/blog\/wp-json\/wp\/v2\/posts"}],"about":[{"href":"http:\/\/blogdalucianaoliveira.com.br\/blog\/wp-json\/wp\/v2\/types\/post"}],"author":[{"embeddable":true,"href":"http:\/\/blogdalucianaoliveira.com.br\/blog\/wp-json\/wp\/v2\/users\/1"}],"replies":[{"embeddable":true,"href":"http:\/\/blogdalucianaoliveira.com.br\/blog\/wp-json\/wp\/v2\/comments?post=12502"}],"version-history":[{"count":1,"href":"http:\/\/blogdalucianaoliveira.com.br\/blog\/wp-json\/wp\/v2\/posts\/12502\/revisions"}],"predecessor-version":[{"id":12505,"href":"http:\/\/blogdalucianaoliveira.com.br\/blog\/wp-json\/wp\/v2\/posts\/12502\/revisions\/12505"}],"wp:attachment":[{"href":"http:\/\/blogdalucianaoliveira.com.br\/blog\/wp-json\/wp\/v2\/media?parent=12502"}],"wp:term":[{"taxonomy":"category","embeddable":true,"href":"http:\/\/blogdalucianaoliveira.com.br\/blog\/wp-json\/wp\/v2\/categories?post=12502"},{"taxonomy":"post_tag","embeddable":true,"href":"http:\/\/blogdalucianaoliveira.com.br\/blog\/wp-json\/wp\/v2\/tags?post=12502"}],"curies":[{"name":"wp","href":"https:\/\/api.w.org\/{rel}","templated":true}]}}