{"id":12509,"date":"2017-07-27T09:56:21","date_gmt":"2017-07-27T13:56:21","guid":{"rendered":"http:\/\/blogdalucianaoliveira.com.br\/blog\/?p=12509"},"modified":"2017-07-27T09:56:21","modified_gmt":"2017-07-27T13:56:21","slug":"para-casal-de-agricultores-e-assassinado-mortes-aumentam-367-em-2017-diz-entidade","status":"publish","type":"post","link":"http:\/\/blogdalucianaoliveira.com.br\/blog\/2017\/07\/27\/para-casal-de-agricultores-e-assassinado-mortes-aumentam-367-em-2017-diz-entidade\/","title":{"rendered":"Par\u00e1: Casal de agricultores \u00e9 assassinado; mortes aumentam 367% em 2017, diz entidade"},"content":{"rendered":"<p><img data-recalc-dims=\"1\" loading=\"lazy\" decoding=\"async\" data-attachment-id=\"12510\" data-permalink=\"http:\/\/blogdalucianaoliveira.com.br\/blog\/2017\/07\/27\/para-casal-de-agricultores-e-assassinado-mortes-aumentam-367-em-2017-diz-entidade\/cruz-2\/\" data-orig-file=\"https:\/\/i0.wp.com\/blogdalucianaoliveira.com.br\/blog\/wp-content\/uploads\/2017\/07\/cruz.jpg?fit=640%2C416\" data-orig-size=\"640,416\" data-comments-opened=\"0\" data-image-meta=\"{&quot;aperture&quot;:&quot;0&quot;,&quot;credit&quot;:&quot;&quot;,&quot;camera&quot;:&quot;&quot;,&quot;caption&quot;:&quot;&quot;,&quot;created_timestamp&quot;:&quot;0&quot;,&quot;copyright&quot;:&quot;&quot;,&quot;focal_length&quot;:&quot;0&quot;,&quot;iso&quot;:&quot;0&quot;,&quot;shutter_speed&quot;:&quot;0&quot;,&quot;title&quot;:&quot;&quot;,&quot;orientation&quot;:&quot;0&quot;}\" data-image-title=\"cruz\" data-image-description=\"\" data-image-caption=\"\" data-medium-file=\"https:\/\/i0.wp.com\/blogdalucianaoliveira.com.br\/blog\/wp-content\/uploads\/2017\/07\/cruz.jpg?fit=300%2C195\" data-large-file=\"https:\/\/i0.wp.com\/blogdalucianaoliveira.com.br\/blog\/wp-content\/uploads\/2017\/07\/cruz.jpg?fit=600%2C390\" src=\"https:\/\/i0.wp.com\/blogdalucianaoliveira.com.br\/blog\/wp-content\/uploads\/2017\/07\/cruz.jpg?resize=600%2C390\" alt=\"cruz\" width=\"600\" height=\"390\" class=\"alignnone size-full wp-image-12510\" srcset=\"https:\/\/i0.wp.com\/blogdalucianaoliveira.com.br\/blog\/wp-content\/uploads\/2017\/07\/cruz.jpg?w=640 640w, https:\/\/i0.wp.com\/blogdalucianaoliveira.com.br\/blog\/wp-content\/uploads\/2017\/07\/cruz.jpg?resize=300%2C195 300w, https:\/\/i0.wp.com\/blogdalucianaoliveira.com.br\/blog\/wp-content\/uploads\/2017\/07\/cruz.jpg?resize=462%2C300 462w\" sizes=\"auto, (max-width: 600px) 100vw, 600px\" \/><\/p>\n<p>De acordo com a Comiss\u00e3o Pastoral da Terra, v\u00edtimas estavam numa lista de amea\u00e7ados para morrer<\/p>\n<p>Lilian Campelo<br \/>\nBrasil de Fato | Bel\u00e9m (PA)<\/p>\n<p>Um casal de agricultores foi encontrado morto na manh\u00e3 desta quarta-feira (26), no Par\u00e1. Eles moravam no projeto de Assentamento Uxi, localizado em Itupiranga, no sudeste do Par\u00e1. <!--more--><\/p>\n<p>Segundo informa\u00e7\u00f5es preliminares, Manoel \u00cdndio Arruda e Maria da Luz Fernandes da Silva procuravam o Instituto Nacional de Coloniza\u00e7\u00e3o e Reforma Agr\u00e1ria (INCRA) e outros \u00f3rg\u00e3os para denunciar e solicitar provid\u00eancias sobre reconcentra\u00e7\u00e3o de lotes no assentamento e problemas com limites de lotes.<\/p>\n<p>Uma equipe da pol\u00edcia foi destacada para a \u00e1rea. De acordo com informa\u00e7\u00f5es da corpora\u00e7\u00e3o, o casal j\u00e1 havia denunciado o conflito entre posseiros que discordavam dos limites dos lotes de terra.<\/p>\n<p>Segundo dados da Federa\u00e7\u00e3o dos Trabalhadores na Agricultura (Fetagri-PA), at\u00e9 o momento, 22 pessoas foram assassinadas no campo esse ano, o que representa um aumento de 366,7% em rela\u00e7\u00e3o a 2016. Os dados foram apurados a partir da contabiliza\u00e7\u00e3o feita pela Comiss\u00e3o Pastoral da Terra (CPT).<\/p>\n<p>De acordo com a comiss\u00e3o, at\u00e9 o momento j\u00e1 ocorreram 48 mortes no campo em todo o pa\u00eds.<\/p>\n<p>Edi\u00e7\u00e3o: Vanessa Martina Silva<\/p>\n","protected":false},"excerpt":{"rendered":"<p>De acordo com a Comiss\u00e3o Pastoral da Terra, v\u00edtimas estavam numa lista de amea\u00e7ados para morrer Lilian Campelo Brasil de Fato | Bel\u00e9m (PA) Um casal de agricultores foi encontrado morto na manh\u00e3 desta quarta-feira (26), no Par\u00e1. Eles moravam no projeto de Assentamento Uxi, localizado em Itupiranga, no sudeste do Par\u00e1.<\/p>\n","protected":false},"author":1,"featured_media":0,"comment_status":"closed","ping_status":"open","sticky":false,"template":"","format":"standard","meta":{"_exactmetrics_skip_tracking":false,"_exactmetrics_sitenote_active":false,"_exactmetrics_sitenote_note":"","_exactmetrics_sitenote_category":0,"jetpack_post_was_ever_published":false,"_jetpack_newsletter_access":"","_jetpack_dont_email_post_to_subs":false,"_jetpack_newsletter_tier_id":0,"_jetpack_memberships_contains_paywalled_content":false,"_jetpack_memberships_contains_paid_content":false,"footnotes":"","jetpack_publicize_message":"","jetpack_publicize_feature_enabled":true,"jetpack_social_post_already_shared":true,"jetpack_social_options":{"image_generator_settings":{"template":"highway","enabled":false},"version":2}},"categories":[1],"tags":[],"class_list":["post-12509","post","type-post","status-publish","format-standard","hentry","category-notas"],"jetpack_publicize_connections":[],"jetpack_sharing_enabled":true,"jetpack_featured_media_url":"","jetpack_shortlink":"https:\/\/wp.me\/p7wKYW-3fL","jetpack-related-posts":[],"_links":{"self":[{"href":"http:\/\/blogdalucianaoliveira.com.br\/blog\/wp-json\/wp\/v2\/posts\/12509","targetHints":{"allow":["GET"]}}],"collection":[{"href":"http:\/\/blogdalucianaoliveira.com.br\/blog\/wp-json\/wp\/v2\/posts"}],"about":[{"href":"http:\/\/blogdalucianaoliveira.com.br\/blog\/wp-json\/wp\/v2\/types\/post"}],"author":[{"embeddable":true,"href":"http:\/\/blogdalucianaoliveira.com.br\/blog\/wp-json\/wp\/v2\/users\/1"}],"replies":[{"embeddable":true,"href":"http:\/\/blogdalucianaoliveira.com.br\/blog\/wp-json\/wp\/v2\/comments?post=12509"}],"version-history":[{"count":1,"href":"http:\/\/blogdalucianaoliveira.com.br\/blog\/wp-json\/wp\/v2\/posts\/12509\/revisions"}],"predecessor-version":[{"id":12511,"href":"http:\/\/blogdalucianaoliveira.com.br\/blog\/wp-json\/wp\/v2\/posts\/12509\/revisions\/12511"}],"wp:attachment":[{"href":"http:\/\/blogdalucianaoliveira.com.br\/blog\/wp-json\/wp\/v2\/media?parent=12509"}],"wp:term":[{"taxonomy":"category","embeddable":true,"href":"http:\/\/blogdalucianaoliveira.com.br\/blog\/wp-json\/wp\/v2\/categories?post=12509"},{"taxonomy":"post_tag","embeddable":true,"href":"http:\/\/blogdalucianaoliveira.com.br\/blog\/wp-json\/wp\/v2\/tags?post=12509"}],"curies":[{"name":"wp","href":"https:\/\/api.w.org\/{rel}","templated":true}]}}