{"id":12512,"date":"2017-07-27T10:00:44","date_gmt":"2017-07-27T14:00:44","guid":{"rendered":"http:\/\/blogdalucianaoliveira.com.br\/blog\/?p=12512"},"modified":"2017-07-27T10:00:44","modified_gmt":"2017-07-27T14:00:44","slug":"a-doenca-da-privatizacao","status":"publish","type":"post","link":"http:\/\/blogdalucianaoliveira.com.br\/blog\/2017\/07\/27\/a-doenca-da-privatizacao\/","title":{"rendered":"A Doen\u00e7a da Privatiza\u00e7\u00e3o"},"content":{"rendered":"<p><img data-recalc-dims=\"1\" loading=\"lazy\" decoding=\"async\" data-attachment-id=\"12513\" data-permalink=\"http:\/\/blogdalucianaoliveira.com.br\/blog\/2017\/07\/27\/a-doenca-da-privatizacao\/doen\/\" data-orig-file=\"https:\/\/i0.wp.com\/blogdalucianaoliveira.com.br\/blog\/wp-content\/uploads\/2017\/07\/doen.jpg?fit=640%2C427\" data-orig-size=\"640,427\" data-comments-opened=\"0\" data-image-meta=\"{&quot;aperture&quot;:&quot;0&quot;,&quot;credit&quot;:&quot;&quot;,&quot;camera&quot;:&quot;&quot;,&quot;caption&quot;:&quot;&quot;,&quot;created_timestamp&quot;:&quot;0&quot;,&quot;copyright&quot;:&quot;&quot;,&quot;focal_length&quot;:&quot;0&quot;,&quot;iso&quot;:&quot;0&quot;,&quot;shutter_speed&quot;:&quot;0&quot;,&quot;title&quot;:&quot;&quot;,&quot;orientation&quot;:&quot;0&quot;}\" data-image-title=\"doen\" data-image-description=\"\" data-image-caption=\"\" data-medium-file=\"https:\/\/i0.wp.com\/blogdalucianaoliveira.com.br\/blog\/wp-content\/uploads\/2017\/07\/doen.jpg?fit=300%2C200\" data-large-file=\"https:\/\/i0.wp.com\/blogdalucianaoliveira.com.br\/blog\/wp-content\/uploads\/2017\/07\/doen.jpg?fit=600%2C400\" src=\"https:\/\/i0.wp.com\/blogdalucianaoliveira.com.br\/blog\/wp-content\/uploads\/2017\/07\/doen.jpg?resize=600%2C400\" alt=\"doen\" width=\"600\" height=\"400\" class=\"alignnone size-full wp-image-12513\" srcset=\"https:\/\/i0.wp.com\/blogdalucianaoliveira.com.br\/blog\/wp-content\/uploads\/2017\/07\/doen.jpg?w=640 640w, https:\/\/i0.wp.com\/blogdalucianaoliveira.com.br\/blog\/wp-content\/uploads\/2017\/07\/doen.jpg?resize=300%2C200 300w, https:\/\/i0.wp.com\/blogdalucianaoliveira.com.br\/blog\/wp-content\/uploads\/2017\/07\/doen.jpg?resize=450%2C300 450w\" sizes=\"auto, (max-width: 600px) 100vw, 600px\" \/><\/p>\n<p>Quem \u00e9 mais novo talvez nem tenha vivido isso. Mas o povo mais velho deve se lembrar da crise que vivemos no pais na d\u00e9cada de 1990. <!--more--><\/p>\n<p>No Brasil De Fato, por Arist\u00f3teles Cardona J\u00fanior<\/p>\n<p>\u00c9 poss\u00edvel inclusive comparar este per\u00edodo como uma dolorosa e demorada doen\u00e7a que se abateu sobre o nosso pa\u00eds. Recess\u00e3o, sal\u00e1rios baixos, desemprego s\u00e3o como sintomas desta doen\u00e7a que fizeram feridas. E estas feridas, apesar de cicatrizadas, n\u00e3o deixaram de marcar o corpo e os sentimentos da popula\u00e7\u00e3o que viveu aquilo naquele per\u00edodo. Que sentiu na pele os sinais e sintomas desta doen\u00e7a chamada neoliberalismo.<\/p>\n<p>Um outro elemento caracter\u00edstico deste per\u00edodo foram as privatiza\u00e7\u00f5es. Foi a entrega de nosso patrim\u00f4nio, do patrim\u00f4nio do povo brasileiro para empresas poderem lucrar. E este processo \u00e9 sempre destruidor. Age, na verdade, como um verdadeiro v\u00edrus. O v\u00edrus da Privatiza\u00e7\u00e3o.<\/p>\n<p>Vivemos de maneira intensa na d\u00e9cada de 1990 as consequ\u00eancias das vendas do patrim\u00f4nio brasileiro. Fernando Henrique Cardoso e seu governo do PSDB foram respons\u00e1veis por alguns dos maiores preju\u00edzos causados ao povo brasileiro por este v\u00edrus. Um dos \u00f3rg\u00e3os afetados foi a Companhia Vale do Rio Doce, a principal empresa estrat\u00e9gica brasileira foi vendida por apenas R$ 3,3 bilh\u00f5es de reais. Lendo assim pode at\u00e9 parecer muito dinheiro, n\u00e3o \u00e9? Mas para ter uma ideia do tamanho do preju\u00edzo, as suas reservas minerais eram calculadas em mais de R$ 100 bilh\u00f5es \u00e0 \u00e9poca.<\/p>\n<p>E por que retomo esta hist\u00f3ria? Porque apesar do per\u00edodo de tempo em que aparentemente t\u00ednhamos criado uma imunidade a este v\u00edrus, ele volta a assolar com for\u00e7a o nosso pa\u00eds. Em Pernambuco, o governo de Paulo C\u00e2mara quer entregar para o setor privado a Coperg\u00e1s, uma das principais empresas sob controle do Estado de Pernambuco. O per\u00edodo \u00e9 outro, mas o discurso \u00e9 sempre o mesmo: de que o estado n\u00e3o tem condi\u00e7\u00f5es de investir e de manter a empresa.<\/p>\n<p>Com crescimento importante a cada ano, a Coperg\u00e1s gerou um lucro R$ 70 milh\u00f5es somente em 2016. E as perspectivas s\u00e3o ainda de grande crescimento nos pr\u00f3ximos 10 anos. Ent\u00e3o fica uma grande pergunta: Qual a necessidade de se desfazer de um patrim\u00f4nio t\u00e3o importante para o povo de Pernambuco e que tem gerado cada vez mais lucro ao estado? O governador Paulo C\u00e2mara precisa dar respostas ao povo.<\/p>\n","protected":false},"excerpt":{"rendered":"<p>Quem \u00e9 mais novo talvez nem tenha vivido isso. Mas o povo mais velho deve se lembrar da crise que vivemos no pais na d\u00e9cada de 1990.<\/p>\n","protected":false},"author":1,"featured_media":12513,"comment_status":"closed","ping_status":"open","sticky":false,"template":"","format":"standard","meta":{"_exactmetrics_skip_tracking":false,"_exactmetrics_sitenote_active":false,"_exactmetrics_sitenote_note":"","_exactmetrics_sitenote_category":0,"jetpack_post_was_ever_published":false,"_jetpack_newsletter_access":"","_jetpack_dont_email_post_to_subs":false,"_jetpack_newsletter_tier_id":0,"_jetpack_memberships_contains_paywalled_content":false,"_jetpack_memberships_contains_paid_content":false,"footnotes":"","jetpack_publicize_message":"","jetpack_publicize_feature_enabled":true,"jetpack_social_post_already_shared":true,"jetpack_social_options":{"image_generator_settings":{"template":"highway","enabled":false},"version":2}},"categories":[1],"tags":[],"class_list":["post-12512","post","type-post","status-publish","format-standard","has-post-thumbnail","hentry","category-notas"],"jetpack_publicize_connections":[],"jetpack_sharing_enabled":true,"jetpack_featured_media_url":"https:\/\/i0.wp.com\/blogdalucianaoliveira.com.br\/blog\/wp-content\/uploads\/2017\/07\/doen.jpg?fit=640%2C427","jetpack_shortlink":"https:\/\/wp.me\/p7wKYW-3fO","jetpack-related-posts":[],"_links":{"self":[{"href":"http:\/\/blogdalucianaoliveira.com.br\/blog\/wp-json\/wp\/v2\/posts\/12512","targetHints":{"allow":["GET"]}}],"collection":[{"href":"http:\/\/blogdalucianaoliveira.com.br\/blog\/wp-json\/wp\/v2\/posts"}],"about":[{"href":"http:\/\/blogdalucianaoliveira.com.br\/blog\/wp-json\/wp\/v2\/types\/post"}],"author":[{"embeddable":true,"href":"http:\/\/blogdalucianaoliveira.com.br\/blog\/wp-json\/wp\/v2\/users\/1"}],"replies":[{"embeddable":true,"href":"http:\/\/blogdalucianaoliveira.com.br\/blog\/wp-json\/wp\/v2\/comments?post=12512"}],"version-history":[{"count":1,"href":"http:\/\/blogdalucianaoliveira.com.br\/blog\/wp-json\/wp\/v2\/posts\/12512\/revisions"}],"predecessor-version":[{"id":12514,"href":"http:\/\/blogdalucianaoliveira.com.br\/blog\/wp-json\/wp\/v2\/posts\/12512\/revisions\/12514"}],"wp:featuredmedia":[{"embeddable":true,"href":"http:\/\/blogdalucianaoliveira.com.br\/blog\/wp-json\/wp\/v2\/media\/12513"}],"wp:attachment":[{"href":"http:\/\/blogdalucianaoliveira.com.br\/blog\/wp-json\/wp\/v2\/media?parent=12512"}],"wp:term":[{"taxonomy":"category","embeddable":true,"href":"http:\/\/blogdalucianaoliveira.com.br\/blog\/wp-json\/wp\/v2\/categories?post=12512"},{"taxonomy":"post_tag","embeddable":true,"href":"http:\/\/blogdalucianaoliveira.com.br\/blog\/wp-json\/wp\/v2\/tags?post=12512"}],"curies":[{"name":"wp","href":"https:\/\/api.w.org\/{rel}","templated":true}]}}