{"id":1252,"date":"2016-05-25T18:07:19","date_gmt":"2016-05-25T22:07:19","guid":{"rendered":"http:\/\/blogdalucianaoliveira.com.br\/blog\/?p=1252"},"modified":"2016-05-25T18:07:19","modified_gmt":"2016-05-25T22:07:19","slug":"sarney-advogado-e-perigoso-com-a-palavra-a-oab","status":"publish","type":"post","link":"http:\/\/blogdalucianaoliveira.com.br\/blog\/2016\/05\/25\/sarney-advogado-e-perigoso-com-a-palavra-a-oab\/","title":{"rendered":"Sarney: &#8220;advogado \u00e9 perigoso!&#8221; Com a palavra, a OAB"},"content":{"rendered":"<p><img data-recalc-dims=\"1\" loading=\"lazy\" decoding=\"async\" data-attachment-id=\"1253\" data-permalink=\"http:\/\/blogdalucianaoliveira.com.br\/blog\/2016\/05\/25\/sarney-advogado-e-perigoso-com-a-palavra-a-oab\/image-278\/\" data-orig-file=\"https:\/\/i0.wp.com\/blogdalucianaoliveira.com.br\/blog\/wp-content\/uploads\/2016\/05\/image-244.jpeg?fit=750%2C571\" data-orig-size=\"750,571\" data-comments-opened=\"0\" data-image-meta=\"{&quot;aperture&quot;:&quot;0&quot;,&quot;credit&quot;:&quot;&quot;,&quot;camera&quot;:&quot;&quot;,&quot;caption&quot;:&quot;&quot;,&quot;created_timestamp&quot;:&quot;0&quot;,&quot;copyright&quot;:&quot;&quot;,&quot;focal_length&quot;:&quot;0&quot;,&quot;iso&quot;:&quot;0&quot;,&quot;shutter_speed&quot;:&quot;0&quot;,&quot;title&quot;:&quot;&quot;,&quot;orientation&quot;:&quot;0&quot;}\" data-image-title=\"image\" data-image-description=\"\" data-image-caption=\"\" data-medium-file=\"https:\/\/i0.wp.com\/blogdalucianaoliveira.com.br\/blog\/wp-content\/uploads\/2016\/05\/image-244.jpeg?fit=300%2C228\" data-large-file=\"https:\/\/i0.wp.com\/blogdalucianaoliveira.com.br\/blog\/wp-content\/uploads\/2016\/05\/image-244.jpeg?fit=600%2C457\" src=\"https:\/\/i0.wp.com\/blogdalucianaoliveira.com.br\/blog\/wp-content\/uploads\/2016\/05\/image-244.jpeg?resize=600%2C457\" alt=\"image\" width=\"600\" height=\"457\" class=\"alignnone size-full wp-image-1253\" srcset=\"https:\/\/i0.wp.com\/blogdalucianaoliveira.com.br\/blog\/wp-content\/uploads\/2016\/05\/image-244.jpeg?w=750 750w, https:\/\/i0.wp.com\/blogdalucianaoliveira.com.br\/blog\/wp-content\/uploads\/2016\/05\/image-244.jpeg?resize=300%2C228 300w, https:\/\/i0.wp.com\/blogdalucianaoliveira.com.br\/blog\/wp-content\/uploads\/2016\/05\/image-244.jpeg?resize=394%2C300 394w\" sizes=\"auto, (max-width: 600px) 100vw, 600px\" \/><\/p>\n<p>Em grava\u00e7\u00e3o, Sarney promete ajudar S\u00e9rgio Machado, mas &#8216;sem advogado no meio&#8217;.<!--more--><\/p>\n<p>Jornal do Brasil<\/p>\n<p>Em conversa gravada pelo ex-presidente da Transpetro S\u00e9rgio Machado, o ex-presidente Jos\u00e9 Sarney (PMDB-AP) prometeu a ele que poderia ajud\u00e1-lo a evitar que seu caso fosse transferido para a vara do juiz federal S\u00e9rgio Moro, em Curitiba (PR), mas &#8220;sem meter advogado no meio&#8221;. As informa\u00e7\u00f5es s\u00e3o do jornal Folha de S. Paulo. Machado \u00e9 investigado pela Opera\u00e7\u00e3o Lava Jato e fechou acordo de dela\u00e7\u00e3o premiada no Supremo Tribuna Federal.<\/p>\n<p>Em um dos di\u00e1logos, gravados em mar\u00e7o, Sarney manifestou preocupa\u00e7\u00e3o sobre uma eventual dela\u00e7\u00e3o de Machado. &#8220;N\u00f3s temos \u00e9 que fazer o nosso neg\u00f3cio e ver como \u00e9 que est\u00e1 o teu advogado, at\u00e9 onde eles falando com ele em dela\u00e7\u00e3o premiada&#8221;, disse o ex-presidente.<\/p>\n<p>De acordo com a Folha, Machado respondeu que havia insinua\u00e7\u00f5es, provavelmente da Procuradoria-Geral da Rep\u00fablica (PGR), por uma dela\u00e7\u00e3o. Sarney explicou a estrat\u00e9gia: &#8220;Mas n\u00f3s temos \u00e9 que conseguir isso [o pleito de Machado]. Sem meter advogado no meio&#8221;.<\/p>\n<p>Conversa entre o ex-presidente Jos\u00e9 Sarney e o ex-presidente da Transpetro S\u00e9rgio Machado foi gravada<br \/>\nConversa entre o ex-presidente Jos\u00e9 Sarney e o ex-presidente da Transpetro S\u00e9rgio Machado foi gravada<br \/>\nMachado concordou: &#8220;Advogado n\u00e3o pode participar disso&#8221;, &#8220;de jeito nenhum&#8221; e que &#8220;advogado \u00e9 perigoso&#8221;. Sarney repetiu tr\u00eas vezes: &#8220;Sem meter advogado&#8221;.<\/p>\n<p>Ao final de uma das conversas, segundo a Folha, Machado pediu que Sarney entrasse em contato com ele assim que estabelecesse um hor\u00e1rio e local para reuni\u00e3o entre eles e Renan.<\/p>\n<p>&#8220;E o Romero tamb\u00e9m est\u00e1 aguardando, se o senhor achar conveniente&#8221;, acrescentou Machado. Sarney respondeu que n\u00e3o achava conveniente.<\/p>\n<p>&#8220;N\u00e3o? O senhor d\u00e1 o tom&#8221;, respondeu Machado.<\/p>\n<p>O ex-presidente disse que n\u00e3o achava &#8220;conveniente, a gente n\u00e3o p\u00f5e muita gente&#8221;. Ainda segundo a Folha, em seguida ele contou que o ex-senador e ex-ministro Amaral Peixoto (1905-1989) costumava dizer que &#8220;duas pessoas pessoas j\u00e1 \u00e9 reuni\u00e3o. Tr\u00eas \u00e9 com\u00edcio&#8221;. Segundo o jornal, nas conversas, Sarney deixou claro que concordava com a iniciativa de impedir que o caso de S\u00e9rgio Machado fosse enviado para a vara de Moro em Curitiba.<\/p>\n<p>&#8220;O tempo \u00e9 a seu favor. Aquele neg\u00f3cio que voc\u00ea disse ontem \u00e9 muito procedente. N\u00e3o deixar voc\u00ea voltar para l\u00e1 [Curitiba]&#8221;, disse o ex-presidente.<\/p>\n<p>Em nota divulgada na tarde desta quarta-feira (25), o ex-presidente Jos\u00e9 Sarney afirmou que, n\u00e3o tendo tempo nem conhecimento do teor das grava\u00e7\u00f5es&#8221;, n\u00e3o tem &#8220;como responder \u00e0s perguntas pontuais&#8221; feitas pela Folha.<\/p>\n<p>Sarney disse que conhece o ex-senador &#8220;S\u00e9rgio Machado h\u00e1 muitos anos. Fomos colegas no Senado Federal e tivemos uma rela\u00e7\u00e3o de amizade, que continuou depois que deixei o Parlamento&#8221;.<\/p>\n<p>&#8220;As conversas que tive com ele nos \u00faltimos tempos foram sempre marcadas, de minha parte, pelo sentimento de solidariedade, caracter\u00edstica de minha personalidade. Nesse sentido, expressei sempre minha solidariedade na esperan\u00e7a de superar as acusa\u00e7\u00f5es que enfrentava. Lamento que conversas privadas tornem-se p\u00fablicas, pois podem ferir outras pessoas que nunca desejar\u00edamos alcan\u00e7ar&#8221;, diz a nota assinada pelo ex-presidente.<\/p>\n<p>Esta \u00e9 a terceira conversa de S\u00e9rgio Machado cujas grava\u00e7\u00f5es vazam para a imprensa. Na primeira, ele conversa com o ex-ministro Romero Juc\u00e1, que acabou perdendo o cargo justamente pelo teor das conversas. Nesta quarta-feira, foram divulgadas as grava\u00e7\u00f5es das conversas com o presidente do Senado, Renan Calheiros. E agora, com o ex-presidente Jos\u00e9 Sarney. <\/p>\n<p>>> Renan defende mudar lei da dela\u00e7\u00e3o em conversa com S\u00e9rgio Machado<\/p>\n<p>>> \u00c1udio mostra que &#8220;sangria&#8221; da qual fala Juc\u00e1 \u00e9 sobre Lava Jato, e n\u00e3o sobre economia<\/p>\n<p>>> Em conversas gravadas, Juc\u00e1 fala em pacto para deter Lava Jato<\/p>\n<p>>> &#8220;Caiu a ficha do PSDB&#8221;, diz Romero Juc\u00e1 sobre a Opera\u00e7\u00e3o Lava Jato<\/p>\n<p>Machado concordou: &#8220;Advogado n\u00e3o pode participar disso&#8221;, &#8220;de jeito nenhum&#8221; e que &#8220;advogado \u00e9 perigoso&#8221;. Sarney repetiu tr\u00eas vezes: &#8220;Sem meter advogado&#8221;.<\/p>\n<p>Ao final de uma das conversas, segundo a Folha, Machado pediu que Sarney entrasse em contato com ele assim que estabelecesse um hor\u00e1rio e local para reuni\u00e3o entre eles e Renan.<\/p>\n<p>&#8220;E o Romero tamb\u00e9m est\u00e1 aguardando, se o senhor achar conveniente&#8221;, acrescentou Machado. Sarney respondeu que n\u00e3o achava conveniente.<\/p>\n<p>&#8220;N\u00e3o? O senhor d\u00e1 o tom&#8221;, respondeu Machado.<\/p>\n<p>O ex-presidente disse que n\u00e3o achava &#8220;conveniente, a gente n\u00e3o p\u00f5e muita gente&#8221;. Ainda segundo a Folha, em seguida ele contou que o ex-senador e ex-ministro Amaral Peixoto (1905-1989) costumava dizer que &#8220;duas pessoas pessoas j\u00e1 \u00e9 reuni\u00e3o. Tr\u00eas \u00e9 com\u00edcio&#8221;. Segundo o jornal, nas conversas, Sarney deixou claro que concordava com a iniciativa de impedir que o caso de S\u00e9rgio Machado fosse enviado para a vara de Moro em Curitiba.<\/p>\n<p>&#8220;O tempo \u00e9 a seu favor. Aquele neg\u00f3cio que voc\u00ea disse ontem \u00e9 muito procedente. N\u00e3o deixar voc\u00ea voltar para l\u00e1 [Curitiba]&#8221;, disse o ex-presidente.<\/p>\n<p>Em nota divulgada na tarde desta quarta-feira (25), o ex-presidente Jos\u00e9 Sarney afirmou que, n\u00e3o tendo tempo nem conhecimento do teor das grava\u00e7\u00f5es&#8221;, n\u00e3o tem &#8220;como responder \u00e0s perguntas pontuais&#8221; feitas pela Folha.<\/p>\n<p>Sarney disse que conhece o ex-senador &#8220;S\u00e9rgio Machado h\u00e1 muitos anos. Fomos colegas no Senado Federal e tivemos uma rela\u00e7\u00e3o de amizade, que continuou depois que deixei o Parlamento&#8221;.<\/p>\n<p>&#8220;As conversas que tive com ele nos \u00faltimos tempos foram sempre marcadas, de minha parte, pelo sentimento de solidariedade, caracter\u00edstica de minha personalidade. Nesse sentido, expressei sempre minha solidariedade na esperan\u00e7a de superar as acusa\u00e7\u00f5es que enfrentava. Lamento que conversas privadas tornem-se p\u00fablicas, pois podem ferir outras pessoas que nunca desejar\u00edamos alcan\u00e7ar&#8221;, diz a nota assinada pelo ex-presidente.<\/p>\n<p>Esta \u00e9 a terceira conversa de S\u00e9rgio Machado cujas grava\u00e7\u00f5es vazam para a imprensa. Na primeira, ele conversa com o ex-ministro Romero Juc\u00e1, que acabou perdendo o cargo justamente pelo teor das conversas. Nesta quarta-feira, foram divulgadas as grava\u00e7\u00f5es das conversas com o presidente do Senado, Renan Calheiros. E agora, com o ex-presidente Jos\u00e9 Sarney. <\/p>\n","protected":false},"excerpt":{"rendered":"<p>Em grava\u00e7\u00e3o, Sarney promete ajudar S\u00e9rgio Machado, mas &#8216;sem advogado no meio&#8217;.<\/p>\n","protected":false},"author":1,"featured_media":0,"comment_status":"closed","ping_status":"open","sticky":false,"template":"","format":"standard","meta":{"_exactmetrics_skip_tracking":false,"_exactmetrics_sitenote_active":false,"_exactmetrics_sitenote_note":"","_exactmetrics_sitenote_category":0,"jetpack_post_was_ever_published":false,"_jetpack_newsletter_access":"","_jetpack_dont_email_post_to_subs":false,"_jetpack_newsletter_tier_id":0,"_jetpack_memberships_contains_paywalled_content":false,"_jetpack_memberships_contains_paid_content":false,"footnotes":"","jetpack_publicize_message":"","jetpack_publicize_feature_enabled":true,"jetpack_social_post_already_shared":true,"jetpack_social_options":{"image_generator_settings":{"template":"highway","enabled":false},"version":2}},"categories":[1],"tags":[],"class_list":["post-1252","post","type-post","status-publish","format-standard","hentry","category-notas"],"jetpack_publicize_connections":[],"jetpack_sharing_enabled":true,"jetpack_featured_media_url":"","jetpack_shortlink":"https:\/\/wp.me\/p7wKYW-kc","jetpack-related-posts":[],"_links":{"self":[{"href":"http:\/\/blogdalucianaoliveira.com.br\/blog\/wp-json\/wp\/v2\/posts\/1252","targetHints":{"allow":["GET"]}}],"collection":[{"href":"http:\/\/blogdalucianaoliveira.com.br\/blog\/wp-json\/wp\/v2\/posts"}],"about":[{"href":"http:\/\/blogdalucianaoliveira.com.br\/blog\/wp-json\/wp\/v2\/types\/post"}],"author":[{"embeddable":true,"href":"http:\/\/blogdalucianaoliveira.com.br\/blog\/wp-json\/wp\/v2\/users\/1"}],"replies":[{"embeddable":true,"href":"http:\/\/blogdalucianaoliveira.com.br\/blog\/wp-json\/wp\/v2\/comments?post=1252"}],"version-history":[{"count":1,"href":"http:\/\/blogdalucianaoliveira.com.br\/blog\/wp-json\/wp\/v2\/posts\/1252\/revisions"}],"predecessor-version":[{"id":1254,"href":"http:\/\/blogdalucianaoliveira.com.br\/blog\/wp-json\/wp\/v2\/posts\/1252\/revisions\/1254"}],"wp:attachment":[{"href":"http:\/\/blogdalucianaoliveira.com.br\/blog\/wp-json\/wp\/v2\/media?parent=1252"}],"wp:term":[{"taxonomy":"category","embeddable":true,"href":"http:\/\/blogdalucianaoliveira.com.br\/blog\/wp-json\/wp\/v2\/categories?post=1252"},{"taxonomy":"post_tag","embeddable":true,"href":"http:\/\/blogdalucianaoliveira.com.br\/blog\/wp-json\/wp\/v2\/tags?post=1252"}],"curies":[{"name":"wp","href":"https:\/\/api.w.org\/{rel}","templated":true}]}}