{"id":12544,"date":"2017-07-28T09:46:33","date_gmt":"2017-07-28T13:46:33","guid":{"rendered":"http:\/\/blogdalucianaoliveira.com.br\/blog\/?p=12544"},"modified":"2017-07-28T15:48:46","modified_gmt":"2017-07-28T19:48:46","slug":"mp-nega-investigacao-contra-show-gospel","status":"publish","type":"post","link":"http:\/\/blogdalucianaoliveira.com.br\/blog\/2017\/07\/28\/mp-nega-investigacao-contra-show-gospel\/","title":{"rendered":"MP nega investiga\u00e7\u00e3o contra show gospel"},"content":{"rendered":"<p><img data-recalc-dims=\"1\" loading=\"lazy\" decoding=\"async\" data-attachment-id=\"12545\" data-permalink=\"http:\/\/blogdalucianaoliveira.com.br\/blog\/2017\/07\/28\/mp-nega-investigacao-contra-show-gospel\/img_2445\/\" data-orig-file=\"https:\/\/i0.wp.com\/blogdalucianaoliveira.com.br\/blog\/wp-content\/uploads\/2017\/07\/IMG_2445.png?fit=1100%2C600\" data-orig-size=\"1100,600\" data-comments-opened=\"0\" data-image-meta=\"{&quot;aperture&quot;:&quot;0&quot;,&quot;credit&quot;:&quot;&quot;,&quot;camera&quot;:&quot;&quot;,&quot;caption&quot;:&quot;&quot;,&quot;created_timestamp&quot;:&quot;0&quot;,&quot;copyright&quot;:&quot;&quot;,&quot;focal_length&quot;:&quot;0&quot;,&quot;iso&quot;:&quot;0&quot;,&quot;shutter_speed&quot;:&quot;0&quot;,&quot;title&quot;:&quot;&quot;,&quot;orientation&quot;:&quot;0&quot;}\" data-image-title=\"IMG_2445\" data-image-description=\"\" data-image-caption=\"\" data-medium-file=\"https:\/\/i0.wp.com\/blogdalucianaoliveira.com.br\/blog\/wp-content\/uploads\/2017\/07\/IMG_2445.png?fit=300%2C164\" data-large-file=\"https:\/\/i0.wp.com\/blogdalucianaoliveira.com.br\/blog\/wp-content\/uploads\/2017\/07\/IMG_2445.png?fit=600%2C328\" src=\"https:\/\/i0.wp.com\/blogdalucianaoliveira.com.br\/blog\/wp-content\/uploads\/2017\/07\/IMG_2445.png?resize=600%2C327\" alt=\"IMG_2445\" width=\"600\" height=\"327\" class=\"alignnone size-full wp-image-12545\" srcset=\"https:\/\/i0.wp.com\/blogdalucianaoliveira.com.br\/blog\/wp-content\/uploads\/2017\/07\/IMG_2445.png?w=1100 1100w, https:\/\/i0.wp.com\/blogdalucianaoliveira.com.br\/blog\/wp-content\/uploads\/2017\/07\/IMG_2445.png?resize=300%2C164 300w, https:\/\/i0.wp.com\/blogdalucianaoliveira.com.br\/blog\/wp-content\/uploads\/2017\/07\/IMG_2445.png?resize=768%2C419 768w, https:\/\/i0.wp.com\/blogdalucianaoliveira.com.br\/blog\/wp-content\/uploads\/2017\/07\/IMG_2445.png?resize=1024%2C559 1024w, https:\/\/i0.wp.com\/blogdalucianaoliveira.com.br\/blog\/wp-content\/uploads\/2017\/07\/IMG_2445.png?resize=550%2C300 550w\" sizes=\"auto, (max-width: 600px) 100vw, 600px\" \/><\/p>\n<p>A Promotoria de Chapada dos Guimar\u00e3es indeferiu um pedido feito jurista, ex membro da ONG Livremente e da Comiss\u00e3o de Diversidade e Inclus\u00e3o do Tribunal Regional do Trabalho, Amarildo Bezerra da Silva que questiona o custeio de um show gospel que ser\u00e1 realizado no \u00faltimo dia do Festival de Inverno em Chapada dos Guimar\u00e3es. <!--more--><\/p>\n<p>A suspeita do jurista \u00e9 que a contrata\u00e7\u00e3o do show tenha sido para beneficiar um evento organizado por igrejas evang\u00e9licas, a Marcha para Jesus.<\/p>\n<p>&#8220;N\u00e3o h\u00e1 informa\u00e7\u00f5es, nem sequer evidenciou o requerente, que o show gospel ser\u00e1 realizado por igreja. Isto porque, a\u00ed sim, a Lei Federal n. 12.590\/12 proibiria a utiliza\u00e7\u00e3o de recursos p\u00fablicos. Por fim, n\u00e3o \u00e9 o Minist\u00e9rio P\u00fablico o \u00fanico \u00f3rg\u00e3o legitimado \u00e0 prote\u00e7\u00e3o do patrim\u00f4nio p\u00fablico, podendo ele tamb\u00e9m ser feito por associa\u00e7\u00f5es ou, ainda melhor, pelo pr\u00f3prio cidad\u00e3o ao utilizar a Lei de A\u00e7\u00e3o Popular&#8221;, diz trecho da decis\u00e3o.<\/p>\n<p>O autor do requerimento ir\u00e1 recorrer da decis\u00e3o. Ele acredita que o custeio da apresenta\u00e7\u00e3o possa ofender a laicidade do patrim\u00f4nio p\u00fablico.Amarildo defende uma apura\u00e7\u00e3o detalhada da contrata\u00e7\u00e3o da banda Louvor e Alian\u00e7a no \u00faltimo dia do 32\u00b0 Festival de Inverno, dia 6 de agosto.<\/p>\n<p>Al\u00e9m do MP, ele ingressou com representa\u00e7\u00e3o no Tribunal de Contas do Estado (TCE) para que se verifique poss\u00edvel m\u00e1 utiliza\u00e7\u00e3o de recursos p\u00fablicos, inclusive da Lei Rouanet para beneficiar a Marcha para Jesus que ser\u00e1 realizado no mesmo dia da apresenta\u00e7\u00e3o de uma banda gospel.<\/p>\n<p>Amarildo pede para que os \u00f3rg\u00e3os investiguem essa poss\u00edvel m\u00e1 aplica\u00e7\u00e3o do recurso federal. Ele pontua que no artigo 31 da Lei Rouanet, par\u00e1grafo A, \u00e9 reconhecido como manifesta\u00e7\u00e3o cultural a m\u00fasica gospel e eventos a ela relacionado, exceto aqueles promovidos por igrejas.<\/p>\n<p>Ele ainda acrescenta que os participantes do ato religioso do munic\u00edpio poder\u00e3o ser diretamente beneficiados com a utiliza\u00e7\u00e3o da estrutura de palco, som e ilumina\u00e7\u00e3o do evento que \u00e9 pago com recursos p\u00fablicos.<\/p>\n<p>\u201cN\u00e3o tenho nada contra as igrejas e nem a realiza\u00e7\u00e3o de eventos religiosos, mas o que n\u00e3o pode acontecer \u00e9 a utiliza\u00e7\u00e3o errada de um recurso p\u00fablico para beneficiar determinados grupos. Na divulga\u00e7\u00e3o que \u00e9 feita nos meios de comunica\u00e7\u00e3o vemos a men\u00e7\u00e3o do show e da marcha no mesmo dia, o meu objetivo \u00e9 que isso seja investigado. Al\u00e9m disso, tem a utiliza\u00e7\u00e3o dos equipamentos e palcos. Vivemos em um pa\u00eds laico, n\u00e3o podemos transformar a pra\u00e7a do festival em um palco para realiza\u00e7\u00e3o de um evento religioso\u201d, defende.<\/p>\n<p>Outro lado<\/p>\n<p>A equipe do Isso \u00e9 Not\u00edcia entrou em contato com o setor de Comunica\u00e7\u00e3o e Marketing da Prefeitura de Chapada dos Guimar\u00e3es que informou que o show da banda n\u00e3o tem liga\u00e7\u00e3o com a Marcha para Jesus e que ele faz parte apenas da programa\u00e7\u00e3o do Festival do Inverno.<\/p>\n<p>Sobre a utiliza\u00e7\u00e3o dos equipamentos p\u00fablicos pagos com recursos p\u00fablicos no show, a Prefeitura refor\u00e7ou novamente que os equipamentos ser\u00e3o utilizados apenas para o evento. O Executivo tamb\u00e9m n\u00e3o soube responder se no festival h\u00e1 recursos da Lei Rouanet.<\/p>\n<p>O blog n\u00e3o conseguiu contato com a equipe que organiza a marcha para Jesus. <\/p>\n<p>Fonte: Isso \u00e9 Not\u00edcia <\/p>\n","protected":false},"excerpt":{"rendered":"<p>A Promotoria de Chapada dos Guimar\u00e3es indeferiu um pedido feito jurista, ex membro da ONG Livremente e da Comiss\u00e3o de Diversidade e Inclus\u00e3o do Tribunal Regional do Trabalho, Amarildo Bezerra da Silva que questiona o custeio de um show gospel que ser\u00e1 realizado no \u00faltimo dia do Festival de Inverno em Chapada dos Guimar\u00e3es.<\/p>\n","protected":false},"author":1,"featured_media":12545,"comment_status":"closed","ping_status":"open","sticky":false,"template":"","format":"standard","meta":{"_exactmetrics_skip_tracking":false,"_exactmetrics_sitenote_active":false,"_exactmetrics_sitenote_note":"","_exactmetrics_sitenote_category":0,"jetpack_post_was_ever_published":false,"_jetpack_newsletter_access":"","_jetpack_dont_email_post_to_subs":false,"_jetpack_newsletter_tier_id":0,"_jetpack_memberships_contains_paywalled_content":false,"_jetpack_memberships_contains_paid_content":false,"footnotes":"","jetpack_publicize_message":"","jetpack_publicize_feature_enabled":true,"jetpack_social_post_already_shared":true,"jetpack_social_options":{"image_generator_settings":{"template":"highway","enabled":false},"version":2}},"categories":[1],"tags":[],"class_list":["post-12544","post","type-post","status-publish","format-standard","has-post-thumbnail","hentry","category-notas"],"jetpack_publicize_connections":[],"jetpack_sharing_enabled":true,"jetpack_featured_media_url":"https:\/\/i0.wp.com\/blogdalucianaoliveira.com.br\/blog\/wp-content\/uploads\/2017\/07\/IMG_2445.png?fit=1100%2C600","jetpack_shortlink":"https:\/\/wp.me\/p7wKYW-3gk","jetpack-related-posts":[],"_links":{"self":[{"href":"http:\/\/blogdalucianaoliveira.com.br\/blog\/wp-json\/wp\/v2\/posts\/12544","targetHints":{"allow":["GET"]}}],"collection":[{"href":"http:\/\/blogdalucianaoliveira.com.br\/blog\/wp-json\/wp\/v2\/posts"}],"about":[{"href":"http:\/\/blogdalucianaoliveira.com.br\/blog\/wp-json\/wp\/v2\/types\/post"}],"author":[{"embeddable":true,"href":"http:\/\/blogdalucianaoliveira.com.br\/blog\/wp-json\/wp\/v2\/users\/1"}],"replies":[{"embeddable":true,"href":"http:\/\/blogdalucianaoliveira.com.br\/blog\/wp-json\/wp\/v2\/comments?post=12544"}],"version-history":[{"count":2,"href":"http:\/\/blogdalucianaoliveira.com.br\/blog\/wp-json\/wp\/v2\/posts\/12544\/revisions"}],"predecessor-version":[{"id":12555,"href":"http:\/\/blogdalucianaoliveira.com.br\/blog\/wp-json\/wp\/v2\/posts\/12544\/revisions\/12555"}],"wp:featuredmedia":[{"embeddable":true,"href":"http:\/\/blogdalucianaoliveira.com.br\/blog\/wp-json\/wp\/v2\/media\/12545"}],"wp:attachment":[{"href":"http:\/\/blogdalucianaoliveira.com.br\/blog\/wp-json\/wp\/v2\/media?parent=12544"}],"wp:term":[{"taxonomy":"category","embeddable":true,"href":"http:\/\/blogdalucianaoliveira.com.br\/blog\/wp-json\/wp\/v2\/categories?post=12544"},{"taxonomy":"post_tag","embeddable":true,"href":"http:\/\/blogdalucianaoliveira.com.br\/blog\/wp-json\/wp\/v2\/tags?post=12544"}],"curies":[{"name":"wp","href":"https:\/\/api.w.org\/{rel}","templated":true}]}}