{"id":12549,"date":"2017-07-28T10:20:39","date_gmt":"2017-07-28T14:20:39","guid":{"rendered":"http:\/\/blogdalucianaoliveira.com.br\/blog\/?p=12549"},"modified":"2017-07-28T10:20:39","modified_gmt":"2017-07-28T14:20:39","slug":"irritado-com-maduro-lembre-se-de-temer","status":"publish","type":"post","link":"http:\/\/blogdalucianaoliveira.com.br\/blog\/2017\/07\/28\/irritado-com-maduro-lembre-se-de-temer\/","title":{"rendered":"IRRITADO COM MADURO? LEMBRE-SE DE TEMER"},"content":{"rendered":"<p><img data-recalc-dims=\"1\" loading=\"lazy\" decoding=\"async\" data-attachment-id=\"12550\" data-permalink=\"http:\/\/blogdalucianaoliveira.com.br\/blog\/2017\/07\/28\/irritado-com-maduro-lembre-se-de-temer\/img_2447\/\" data-orig-file=\"https:\/\/i0.wp.com\/blogdalucianaoliveira.com.br\/blog\/wp-content\/uploads\/2017\/07\/IMG_2447.jpg?fit=490%2C280\" data-orig-size=\"490,280\" data-comments-opened=\"0\" data-image-meta=\"{&quot;aperture&quot;:&quot;0&quot;,&quot;credit&quot;:&quot;&quot;,&quot;camera&quot;:&quot;&quot;,&quot;caption&quot;:&quot;&quot;,&quot;created_timestamp&quot;:&quot;0&quot;,&quot;copyright&quot;:&quot;&quot;,&quot;focal_length&quot;:&quot;0&quot;,&quot;iso&quot;:&quot;0&quot;,&quot;shutter_speed&quot;:&quot;0&quot;,&quot;title&quot;:&quot;&quot;,&quot;orientation&quot;:&quot;0&quot;}\" data-image-title=\"IMG_2447\" data-image-description=\"\" data-image-caption=\"\" data-medium-file=\"https:\/\/i0.wp.com\/blogdalucianaoliveira.com.br\/blog\/wp-content\/uploads\/2017\/07\/IMG_2447.jpg?fit=300%2C171\" data-large-file=\"https:\/\/i0.wp.com\/blogdalucianaoliveira.com.br\/blog\/wp-content\/uploads\/2017\/07\/IMG_2447.jpg?fit=490%2C280\" src=\"https:\/\/i0.wp.com\/blogdalucianaoliveira.com.br\/blog\/wp-content\/uploads\/2017\/07\/IMG_2447.jpg?resize=490%2C280\" alt=\"IMG_2447\" width=\"490\" height=\"280\" class=\"alignnone size-full wp-image-12550\" srcset=\"https:\/\/i0.wp.com\/blogdalucianaoliveira.com.br\/blog\/wp-content\/uploads\/2017\/07\/IMG_2447.jpg?w=490 490w, https:\/\/i0.wp.com\/blogdalucianaoliveira.com.br\/blog\/wp-content\/uploads\/2017\/07\/IMG_2447.jpg?resize=300%2C171 300w\" sizes=\"auto, (max-width: 490px) 100vw, 490px\" \/><\/p>\n<p>A indigna\u00e7\u00e3o do conservadorismo verde-amarelo diante Assembl\u00e9ia Constituinte Venezuelana s\u00f3 pode ser vista como um insulto aos brasileiros. <!--more--><\/p>\n<p>No 247, por Paulo Moreira Leite <\/p>\n<p>Do ponto de vista de democracia, n\u00e3o tem nenhuma reserva moral ou pol\u00edtica para reclamar da situa\u00e7\u00e3o. <\/p>\n<p> Neste domingo, os venezuelanos ir\u00e3o  \u00e0s urnas para escolher 545 membros de uma Assembl\u00e9ia Constituinte, que ser\u00e3o encarregados de formular uma nova carta de leis para o pa\u00eds.<\/p>\n<p>Voc\u00ea deve ter lido e ouvido cr\u00edticas ao processo, e eu aconselho a leitura de uma entrevista do jurista Luiz Moreira, aqui neste espa\u00e7o, para alguns esclarecimentos.<\/p>\n<p>  Em qualquer caso, n\u00e3o vamos perder de vista o principal: enquanto o pa\u00eds vizinho, descrito como uma &#8220;ditadura&#8221;,  matriz do &#8220;populismo&#8221; bolivariano, realiza elei\u00e7\u00f5es para permitir que a popula\u00e7\u00e3o possa escolher, no voto em urna, direto, como ficar\u00e1 a ordem econ\u00f4mica, social e pol\u00edtica do pa\u00eds, os brasileiros est\u00e3o reduzidos a uma posi\u00e7\u00e3o de cativeiro pol\u00edtico. Alguma d\u00favida?<\/p>\n<p> S\u00e3o parlamentares, escolhidos pelas elei\u00e7\u00f5es mais corruptas de nossa hist\u00f3ria, que est\u00e3o definindo o futuro de uma popula\u00e7\u00e3o de 200 milh\u00f5es de pessoas, numa escandalosa Constituinte sem voto. Descaradamente, jamais submeteram seus projetos a qualquer tipo de consulta popular. Sabem que seriam rejeitados por margens gigantescas, como mostram pesquisas com \u00edndices de reprova\u00e7\u00e3o na base se cinco contra um ou at\u00e9 mais. Foi assim que se enterrou   uma legisla\u00e7\u00e3o trabalhista de mais de 70 anos. \u00c9 assim que se pretende passar a faca na Previd\u00eancia Social. Tamb\u00e9m se aprovou  uma lei de limites de gastos que ir\u00e1 cortar pela raiz o embri\u00e3o de Estado de bem-estar social e impor ao pa\u00eds um regime de austeridade que pretende bloquear investimentos necess\u00e1rios ao desenvolvimento por duas d\u00e9cadas.<\/p>\n<p>N\u00e3o custa lembrar que eles afastaram uma presidente sem crime de responsabilidade configurado e, mais uma vez em troca de mais dinheiro, pretendem manter em seu cargo um sucessor  comprometido definitivamente em den\u00fancias de corrup\u00e7\u00e3o.<\/p>\n<p> Temer \u00e9, na pr\u00e1tica, o  Constituinte do Brasil 2017. Henrique Meirelles, aquele que recebeu R$ 217 milh\u00f5es em cinco anos, preferindo deixar tudo depositado no exterior, \u00e9 seu relator.<\/p>\n<p>Eles n\u00e3o enfrentam opera\u00e7\u00f5es da CIA. Nem uma oposi\u00e7\u00e3o que comete atos terroristas que a imprensa amiga acoberta. Seu primeiro ato de governo foi repassar a riqueza do pr\u00e9-sal para os padrinhos do Norte. Recusando-se a fazer o mesmo, o governo Maduro resiste. Aos trancos, em muitos barrancos. Mas n\u00e3o entrega. \u00c9 por essa raz\u00e3o &#8212; que nada tem de nobre &#8212; que pretendem derrot\u00e1-lo de qualquer maneira, sob qualquer pretexto. <\/p>\n<p>A Venezuela enfrenta uma situa\u00e7\u00e3o de conflagra\u00e7\u00e3o pol\u00edtica aberta &#8212; e \u00e9 preciso ser muito desonesto para apontar erros cometidos pelo governo Maduro como principal causa da situa\u00e7\u00e3o.<\/p>\n<p>Conhecido por uma elite que mant\u00e9m reservas, no exterior, infinitamente superiores aos investimentos e dep\u00f3sitos que realiza no territ\u00f3rio nacional, a Venezuela encara conspira\u00e7\u00f5es e atos sucessivos de sabotagem pol\u00edtica e econ\u00f4mica, desde a posse de Hugo Ch\u00e1vez, eleito em 1999, num pleito que rompeu um esquema caf\u00e9-com-leite que os brasileiros conheceram muito tem at\u00e9 1930. Ele foi reeleito mais duas vezes, sempre por margens jamais contestadas, ainda que enfrentasse uma oposi\u00e7\u00e3o cada vez mais ousada e inescrupulosa do ponto de vista dos valores democr\u00e1ticos.<\/p>\n<p>Recordando: em 1999, uma primeira Constituinte foi simplesmente boicotada pela oposi\u00e7\u00e3o, na esperan\u00e7a de que a maioria arrasadora do governo &#8212; 121 votos num plen\u00e1rio de 130 &#8212; levaria a  uma crise e uma interven\u00e7\u00e3o militar norte-americana. Nada. Tr\u00eas anos depois,  tentou-se derrubar o governo eleito pela  paralisa\u00e7\u00e3o da PEDEVESA, a empresa de petr\u00f3leo, principal e quase \u00fanica fonte nacional de riqueza. A seguir, ocorreu um golpe de Estado, que incluiu o sequestro de Hugo Ch\u00e1vez. A rea\u00e7\u00e3o popular impediu que o presidente fosse executado, garantiu o reetorno de Ch\u00e1vez ao pal\u00e1cio  consolidou o apoio das For\u00e7as Armadas ao governo.<\/p>\n<p>Quando algu\u00e9m reclamar de Maduro, lembre-se de Temer. Aqui, a oposi\u00e7\u00e3o venezuelana chegou ao poder. <\/p>\n","protected":false},"excerpt":{"rendered":"<p>A indigna\u00e7\u00e3o do conservadorismo verde-amarelo diante Assembl\u00e9ia Constituinte Venezuelana s\u00f3 pode ser vista como um insulto aos brasileiros.<\/p>\n","protected":false},"author":1,"featured_media":0,"comment_status":"closed","ping_status":"open","sticky":false,"template":"","format":"standard","meta":{"_exactmetrics_skip_tracking":false,"_exactmetrics_sitenote_active":false,"_exactmetrics_sitenote_note":"","_exactmetrics_sitenote_category":0,"jetpack_post_was_ever_published":false,"_jetpack_newsletter_access":"","_jetpack_dont_email_post_to_subs":false,"_jetpack_newsletter_tier_id":0,"_jetpack_memberships_contains_paywalled_content":false,"_jetpack_memberships_contains_paid_content":false,"footnotes":"","jetpack_publicize_message":"","jetpack_publicize_feature_enabled":true,"jetpack_social_post_already_shared":true,"jetpack_social_options":{"image_generator_settings":{"template":"highway","enabled":false},"version":2}},"categories":[1],"tags":[],"class_list":["post-12549","post","type-post","status-publish","format-standard","hentry","category-notas"],"jetpack_publicize_connections":[],"jetpack_sharing_enabled":true,"jetpack_featured_media_url":"","jetpack_shortlink":"https:\/\/wp.me\/p7wKYW-3gp","jetpack-related-posts":[],"_links":{"self":[{"href":"http:\/\/blogdalucianaoliveira.com.br\/blog\/wp-json\/wp\/v2\/posts\/12549","targetHints":{"allow":["GET"]}}],"collection":[{"href":"http:\/\/blogdalucianaoliveira.com.br\/blog\/wp-json\/wp\/v2\/posts"}],"about":[{"href":"http:\/\/blogdalucianaoliveira.com.br\/blog\/wp-json\/wp\/v2\/types\/post"}],"author":[{"embeddable":true,"href":"http:\/\/blogdalucianaoliveira.com.br\/blog\/wp-json\/wp\/v2\/users\/1"}],"replies":[{"embeddable":true,"href":"http:\/\/blogdalucianaoliveira.com.br\/blog\/wp-json\/wp\/v2\/comments?post=12549"}],"version-history":[{"count":1,"href":"http:\/\/blogdalucianaoliveira.com.br\/blog\/wp-json\/wp\/v2\/posts\/12549\/revisions"}],"predecessor-version":[{"id":12551,"href":"http:\/\/blogdalucianaoliveira.com.br\/blog\/wp-json\/wp\/v2\/posts\/12549\/revisions\/12551"}],"wp:attachment":[{"href":"http:\/\/blogdalucianaoliveira.com.br\/blog\/wp-json\/wp\/v2\/media?parent=12549"}],"wp:term":[{"taxonomy":"category","embeddable":true,"href":"http:\/\/blogdalucianaoliveira.com.br\/blog\/wp-json\/wp\/v2\/categories?post=12549"},{"taxonomy":"post_tag","embeddable":true,"href":"http:\/\/blogdalucianaoliveira.com.br\/blog\/wp-json\/wp\/v2\/tags?post=12549"}],"curies":[{"name":"wp","href":"https:\/\/api.w.org\/{rel}","templated":true}]}}