{"id":12556,"date":"2017-07-29T11:28:55","date_gmt":"2017-07-29T15:28:55","guid":{"rendered":"http:\/\/blogdalucianaoliveira.com.br\/blog\/?p=12556"},"modified":"2017-07-29T15:18:30","modified_gmt":"2017-07-29T19:18:30","slug":"temer-vai-se-safar-com-pais-na-camada-mais-profunda-da-sem-vergonhice","status":"publish","type":"post","link":"http:\/\/blogdalucianaoliveira.com.br\/blog\/2017\/07\/29\/temer-vai-se-safar-com-pais-na-camada-mais-profunda-da-sem-vergonhice\/","title":{"rendered":"Temer vai se safar com pa\u00eds na camada mais profunda da sem-vergonhice"},"content":{"rendered":"<p> <img data-recalc-dims=\"1\" loading=\"lazy\" decoding=\"async\" data-attachment-id=\"12557\" data-permalink=\"http:\/\/blogdalucianaoliveira.com.br\/blog\/2017\/07\/29\/temer-vai-se-safar-com-pais-na-camada-mais-profunda-da-sem-vergonhice\/ordem\/\" data-orig-file=\"https:\/\/i0.wp.com\/blogdalucianaoliveira.com.br\/blog\/wp-content\/uploads\/2017\/07\/ordem.jpg?fit=470%2C313\" data-orig-size=\"470,313\" data-comments-opened=\"0\" data-image-meta=\"{&quot;aperture&quot;:&quot;0&quot;,&quot;credit&quot;:&quot;&quot;,&quot;camera&quot;:&quot;&quot;,&quot;caption&quot;:&quot;&quot;,&quot;created_timestamp&quot;:&quot;0&quot;,&quot;copyright&quot;:&quot;&quot;,&quot;focal_length&quot;:&quot;0&quot;,&quot;iso&quot;:&quot;0&quot;,&quot;shutter_speed&quot;:&quot;0&quot;,&quot;title&quot;:&quot;&quot;,&quot;orientation&quot;:&quot;0&quot;}\" data-image-title=\"ordem\" data-image-description=\"\" data-image-caption=\"\" data-medium-file=\"https:\/\/i0.wp.com\/blogdalucianaoliveira.com.br\/blog\/wp-content\/uploads\/2017\/07\/ordem.jpg?fit=300%2C200\" data-large-file=\"https:\/\/i0.wp.com\/blogdalucianaoliveira.com.br\/blog\/wp-content\/uploads\/2017\/07\/ordem.jpg?fit=470%2C313\" src=\"https:\/\/i0.wp.com\/blogdalucianaoliveira.com.br\/blog\/wp-content\/uploads\/2017\/07\/ordem.jpg?resize=470%2C313\" alt=\"ordem\" width=\"470\" height=\"313\" class=\"alignnone size-full wp-image-12557\" srcset=\"https:\/\/i0.wp.com\/blogdalucianaoliveira.com.br\/blog\/wp-content\/uploads\/2017\/07\/ordem.jpg?w=470 470w, https:\/\/i0.wp.com\/blogdalucianaoliveira.com.br\/blog\/wp-content\/uploads\/2017\/07\/ordem.jpg?resize=300%2C200 300w, https:\/\/i0.wp.com\/blogdalucianaoliveira.com.br\/blog\/wp-content\/uploads\/2017\/07\/ordem.jpg?resize=450%2C300 450w\" sizes=\"auto, (max-width: 470px) 100vw, 470px\" \/><\/p>\n<p>N\u00e3o espere no pr\u00f3ximo dia 2, que deputados votem pelo prosseguimento da den\u00fancia por corrup\u00e7\u00e3o contra Michel Temer. A estrat\u00e9gia de aus\u00eancias da oposi\u00e7\u00e3o para impedir o qu\u00f3rum necess\u00e1rio e adiar a vota\u00e7\u00e3o, \u00e9 um mau press\u00e1gio.<br \/>\nAo contr\u00e1rio dos dias que antecederam a autoriza\u00e7\u00e3o da C\u00e2mara para a abertura do processo de impeachment de Dilma Rousseff, deputados se declaram indecisos e as vozes das ruas calaram.<!--more--><\/p>\n<p>Sem rea\u00e7\u00e3o popular, os golpistas v\u00e3o votar \u00e9 pelo prosseguimento do golpe.<\/p>\n<p>V\u00e3o quebrar a rep\u00fablica para manter o \u201cgrande pacto nacional\u201d que beneficia s\u00f3 corruptos e a parcela mais indecente da elite brasileira.<\/p>\n<p>V\u00e3o proteger Temer, porque a sociedade desbundou geral, acomodando-se \u00e0 imoralidade na pol\u00edtica.<\/p>\n<p>Se tantos pol\u00edticos se corromperam apostando que nunca seriam descobertos, calcule o que vem pela frente agora que viram que a sociedade de um modo geral n\u00e3o reage proporcionalmente aos esc\u00e2ndalos.<\/p>\n<p>\u00c9 mais dif\u00edcil compreender esse estado de inconsci\u00eancia da sociedade, porque as medidas de austeridade anunciadas pelo ministro da Fazenda Henrique Meirelles, se contrastam com as medidas de salva\u00e7\u00e3o para Michel Temer.<\/p>\n<p>O generoso parcelamento de d\u00e9bitos por meio do Refis que pode chegar a R$ 12,5 bilh\u00f5es \u00e9 maior que o que o governo espera arrecadar com o aumento dos combust\u00edveis em torno de 10,5 bilh\u00f5es de reais.<\/p>\n<p>Faz algum sentido a benevol\u00eancia com os mais ricos na imin\u00eancia de um apag\u00e3o fiscal?<\/p>\n<p>E a compra descarada de votos por meio de distribui\u00e7\u00e3o de emendas parlamentares para salvar Temer, admitida como estrat\u00e9gia normal? <\/p>\n<p>Segundo a ONG Contas Abertas, \u201cQuase toda a verba para emendas empenhada entre janeiro e julho deste ano foi liberada nos \u00faltimos dois meses\u201d, o que coincide com a rejei\u00e7\u00e3o da den\u00fancia contra Temer na Comiss\u00e3o de Constitui\u00e7\u00e3o e Justi\u00e7a (CCJ) da C\u00e2mara.<\/p>\n<p>Se chegamos at\u00e9 aqui, na camada mais profunda da sem-vergonhice na pol\u00edtica brasileira, a culpa \u00e9 da parcela da sociedade que se manteve indecisa em lutar por moralidade. <\/p>\n<p>Neste momento, inverto a pir\u00e2mide para qualificar os piores filhos da p\u00e1tria e n\u00e3o s\u00e3o os abastados desonestos, mas dos humilhados indiferentes.<\/p>\n<p>Os golpistas v\u00e3o seguir espoliando a rep\u00fablica, porque com indiferen\u00e7a n\u00e3o se escreve nada novo.<\/p>\n<p>Ignoraram demais e golpistas sabem como destruir um pa\u00eds.<\/p>\n","protected":false},"excerpt":{"rendered":"<p>N\u00e3o espere no pr\u00f3ximo dia 2, que deputados votem pelo prosseguimento da den\u00fancia por corrup\u00e7\u00e3o contra Michel Temer. A estrat\u00e9gia de aus\u00eancias da oposi\u00e7\u00e3o para impedir o qu\u00f3rum necess\u00e1rio e adiar a vota\u00e7\u00e3o, \u00e9 um mau press\u00e1gio. Ao contr\u00e1rio dos dias que antecederam a autoriza\u00e7\u00e3o da C\u00e2mara para a abertura do processo de impeachment de&#8230;<a class=\"more-link\" href=\"http:\/\/blogdalucianaoliveira.com.br\/blog\/2017\/07\/29\/temer-vai-se-safar-com-pais-na-camada-mais-profunda-da-sem-vergonhice\/\">Continue a leitura <span class=\"meta-nav\">&raquo;<\/span><\/a><\/p>\n","protected":false},"author":1,"featured_media":0,"comment_status":"closed","ping_status":"open","sticky":false,"template":"","format":"standard","meta":{"_exactmetrics_skip_tracking":false,"_exactmetrics_sitenote_active":false,"_exactmetrics_sitenote_note":"","_exactmetrics_sitenote_category":0,"jetpack_post_was_ever_published":false,"_jetpack_newsletter_access":"","_jetpack_dont_email_post_to_subs":false,"_jetpack_newsletter_tier_id":0,"_jetpack_memberships_contains_paywalled_content":false,"_jetpack_memberships_contains_paid_content":false,"footnotes":"","jetpack_publicize_message":"","jetpack_publicize_feature_enabled":true,"jetpack_social_post_already_shared":true,"jetpack_social_options":{"image_generator_settings":{"template":"highway","enabled":false},"version":2}},"categories":[1],"tags":[],"class_list":["post-12556","post","type-post","status-publish","format-standard","hentry","category-notas"],"jetpack_publicize_connections":[],"jetpack_sharing_enabled":true,"jetpack_featured_media_url":"","jetpack_shortlink":"https:\/\/wp.me\/p7wKYW-3gw","jetpack-related-posts":[],"_links":{"self":[{"href":"http:\/\/blogdalucianaoliveira.com.br\/blog\/wp-json\/wp\/v2\/posts\/12556","targetHints":{"allow":["GET"]}}],"collection":[{"href":"http:\/\/blogdalucianaoliveira.com.br\/blog\/wp-json\/wp\/v2\/posts"}],"about":[{"href":"http:\/\/blogdalucianaoliveira.com.br\/blog\/wp-json\/wp\/v2\/types\/post"}],"author":[{"embeddable":true,"href":"http:\/\/blogdalucianaoliveira.com.br\/blog\/wp-json\/wp\/v2\/users\/1"}],"replies":[{"embeddable":true,"href":"http:\/\/blogdalucianaoliveira.com.br\/blog\/wp-json\/wp\/v2\/comments?post=12556"}],"version-history":[{"count":5,"href":"http:\/\/blogdalucianaoliveira.com.br\/blog\/wp-json\/wp\/v2\/posts\/12556\/revisions"}],"predecessor-version":[{"id":12565,"href":"http:\/\/blogdalucianaoliveira.com.br\/blog\/wp-json\/wp\/v2\/posts\/12556\/revisions\/12565"}],"wp:attachment":[{"href":"http:\/\/blogdalucianaoliveira.com.br\/blog\/wp-json\/wp\/v2\/media?parent=12556"}],"wp:term":[{"taxonomy":"category","embeddable":true,"href":"http:\/\/blogdalucianaoliveira.com.br\/blog\/wp-json\/wp\/v2\/categories?post=12556"},{"taxonomy":"post_tag","embeddable":true,"href":"http:\/\/blogdalucianaoliveira.com.br\/blog\/wp-json\/wp\/v2\/tags?post=12556"}],"curies":[{"name":"wp","href":"https:\/\/api.w.org\/{rel}","templated":true}]}}