{"id":12562,"date":"2017-07-29T12:07:41","date_gmt":"2017-07-29T16:07:41","guid":{"rendered":"http:\/\/blogdalucianaoliveira.com.br\/blog\/?p=12562"},"modified":"2017-07-29T12:07:41","modified_gmt":"2017-07-29T16:07:41","slug":"trabalho-em-defesa-do-povo-cinta-larga-e-finalista-do-premio-cnmp-2017","status":"publish","type":"post","link":"http:\/\/blogdalucianaoliveira.com.br\/blog\/2017\/07\/29\/trabalho-em-defesa-do-povo-cinta-larga-e-finalista-do-premio-cnmp-2017\/","title":{"rendered":"Trabalho em defesa do povo Cinta Larga \u00e9 finalista do Pr\u00eamio CNMP 2017"},"content":{"rendered":"<p>\u200b\u200b\u200b\u200b\u200b\u200b\u200b<img data-recalc-dims=\"1\" loading=\"lazy\" decoding=\"async\" data-attachment-id=\"12563\" data-permalink=\"http:\/\/blogdalucianaoliveira.com.br\/blog\/2017\/07\/29\/trabalho-em-defesa-do-povo-cinta-larga-e-finalista-do-premio-cnmp-2017\/img_2474\/\" data-orig-file=\"https:\/\/i0.wp.com\/blogdalucianaoliveira.com.br\/blog\/wp-content\/uploads\/2017\/07\/IMG_2474.jpg?fit=800%2C480\" data-orig-size=\"800,480\" data-comments-opened=\"0\" data-image-meta=\"{&quot;aperture&quot;:&quot;0&quot;,&quot;credit&quot;:&quot;&quot;,&quot;camera&quot;:&quot;&quot;,&quot;caption&quot;:&quot;&quot;,&quot;created_timestamp&quot;:&quot;0&quot;,&quot;copyright&quot;:&quot;&quot;,&quot;focal_length&quot;:&quot;0&quot;,&quot;iso&quot;:&quot;0&quot;,&quot;shutter_speed&quot;:&quot;0&quot;,&quot;title&quot;:&quot;&quot;,&quot;orientation&quot;:&quot;0&quot;}\" data-image-title=\"IMG_2474\" data-image-description=\"\" data-image-caption=\"\" data-medium-file=\"https:\/\/i0.wp.com\/blogdalucianaoliveira.com.br\/blog\/wp-content\/uploads\/2017\/07\/IMG_2474.jpg?fit=300%2C180\" data-large-file=\"https:\/\/i0.wp.com\/blogdalucianaoliveira.com.br\/blog\/wp-content\/uploads\/2017\/07\/IMG_2474.jpg?fit=600%2C360\" src=\"https:\/\/i0.wp.com\/blogdalucianaoliveira.com.br\/blog\/wp-content\/uploads\/2017\/07\/IMG_2474.jpg?resize=600%2C360\" alt=\"IMG_2474\" width=\"600\" height=\"360\" class=\"alignnone size-full wp-image-12563\" srcset=\"https:\/\/i0.wp.com\/blogdalucianaoliveira.com.br\/blog\/wp-content\/uploads\/2017\/07\/IMG_2474.jpg?w=800 800w, https:\/\/i0.wp.com\/blogdalucianaoliveira.com.br\/blog\/wp-content\/uploads\/2017\/07\/IMG_2474.jpg?resize=300%2C180 300w, https:\/\/i0.wp.com\/blogdalucianaoliveira.com.br\/blog\/wp-content\/uploads\/2017\/07\/IMG_2474.jpg?resize=768%2C461 768w, https:\/\/i0.wp.com\/blogdalucianaoliveira.com.br\/blog\/wp-content\/uploads\/2017\/07\/IMG_2474.jpg?resize=500%2C300 500w\" sizes=\"auto, (max-width: 600px) 100vw, 600px\" \/><\/p>\n<p>Divulga\u00e7\u00e3o do trabalho vencedor ser\u00e1 na pr\u00f3xima ter\u00e7a-feira, em Bras\u00edlia.<!--more--><\/p>\n<p>Assessoria MP\/RO <\/p>\n<p>Trabalho em defesa do povo Cinta Larga \u00e9 finalista do Pr\u00eamio CNMP 2017<br \/>\nO trabalho &#8216;A luta para salvar uma comunidade ind\u00edgena da Amaz\u00f4nia Brasileira&#8217;, do Minist\u00e9rio P\u00fablico Federal em Rond\u00f4nia (MPF\/RO), \u00e9 um dos finalistas do Pr\u00eamio do Conselho Nacional do Minist\u00e9rio P\u00fablico (CNMP) 2017. Desenvolvido pelo procurador da Rep\u00fablica Reginaldo Trindade, o trabalho foi classificado entre os tr\u00eas que disputar\u00e3o o primeiro lugar. O trabalho vencedor ser\u00e1 conhecido na pr\u00f3xima quarta-feira, 2 de agosto, durante a solenidade de abertura do 8\u00ba Congresso Brasileiro de Gest\u00e3o do Minist\u00e9rio P\u00fablico, em Bras\u00edlia\/DF.<\/p>\n<p>Foram inscritos, inicialmente, 1077 projetos nos v\u00e1rios Minist\u00e9rios P\u00fablicos de todo o pa\u00eds. Deste n\u00famero, foram selecionados 27 projetos finalistas em nove diferentes categorias do Pr\u00eamio CNMP 2017. O trabalho sobre o povo Cinta Larga concorre na categoria &#8216;Defesa dos Direitos Fundamentais&#8217;. Para Trindade, \u201co s\u00f3 fato de o trabalho estar entre os finalistas j\u00e1 \u00e9, por si s\u00f3, um grande reconhecimento do esfor\u00e7o para tentar tirar a comunidade ind\u00edgena da situa\u00e7\u00e3o em que se encontra &#8211; ref\u00e9m do descaso do Governo Federal e acuada pelo crime organizado&#8221;.<\/p>\n<p>Integram a Comiss\u00e3o Julgadora desta edi\u00e7\u00e3o os conselheiros do CNMP, a Ordem dos Advogados do Brasil (OAB), as associa\u00e7\u00f5es de classe do MP, as escolas do MP, representantes da comunidade acad\u00eamica, do Poder Judici\u00e1rio, do Senado Federal, da C\u00e2mara dos Deputados, do Minist\u00e9rio dos Direitos Humanos, do Conselho Nacional de Justi\u00e7a (CNJ), de organiza\u00e7\u00f5es dos movimentos sociais, de organiza\u00e7\u00f5es n\u00e3o-governamentais e da Associa\u00e7\u00e3o Brasileira de Imprensa (ABI).<\/p>\n<p>O Pr\u00eamio CNMP foi criado para dar visibilidade aos programas e projetos do Minist\u00e9rio P\u00fablico brasileiro que mais se destacaram na concretiza\u00e7\u00e3o dos objetivos do Planejamento Estrat\u00e9gico Nacional do MP.<\/p>\n","protected":false},"excerpt":{"rendered":"<p>\u200b\u200b\u200b\u200b\u200b\u200b\u200b Divulga\u00e7\u00e3o do trabalho vencedor ser\u00e1 na pr\u00f3xima ter\u00e7a-feira, em Bras\u00edlia.<\/p>\n","protected":false},"author":1,"featured_media":0,"comment_status":"closed","ping_status":"open","sticky":false,"template":"","format":"standard","meta":{"_exactmetrics_skip_tracking":false,"_exactmetrics_sitenote_active":false,"_exactmetrics_sitenote_note":"","_exactmetrics_sitenote_category":0,"jetpack_post_was_ever_published":false,"_jetpack_newsletter_access":"","_jetpack_dont_email_post_to_subs":false,"_jetpack_newsletter_tier_id":0,"_jetpack_memberships_contains_paywalled_content":false,"_jetpack_memberships_contains_paid_content":false,"footnotes":"","jetpack_publicize_message":"","jetpack_publicize_feature_enabled":true,"jetpack_social_post_already_shared":true,"jetpack_social_options":{"image_generator_settings":{"template":"highway","enabled":false},"version":2}},"categories":[1],"tags":[],"class_list":["post-12562","post","type-post","status-publish","format-standard","hentry","category-notas"],"jetpack_publicize_connections":[],"jetpack_sharing_enabled":true,"jetpack_featured_media_url":"","jetpack_shortlink":"https:\/\/wp.me\/p7wKYW-3gC","jetpack-related-posts":[],"_links":{"self":[{"href":"http:\/\/blogdalucianaoliveira.com.br\/blog\/wp-json\/wp\/v2\/posts\/12562","targetHints":{"allow":["GET"]}}],"collection":[{"href":"http:\/\/blogdalucianaoliveira.com.br\/blog\/wp-json\/wp\/v2\/posts"}],"about":[{"href":"http:\/\/blogdalucianaoliveira.com.br\/blog\/wp-json\/wp\/v2\/types\/post"}],"author":[{"embeddable":true,"href":"http:\/\/blogdalucianaoliveira.com.br\/blog\/wp-json\/wp\/v2\/users\/1"}],"replies":[{"embeddable":true,"href":"http:\/\/blogdalucianaoliveira.com.br\/blog\/wp-json\/wp\/v2\/comments?post=12562"}],"version-history":[{"count":1,"href":"http:\/\/blogdalucianaoliveira.com.br\/blog\/wp-json\/wp\/v2\/posts\/12562\/revisions"}],"predecessor-version":[{"id":12564,"href":"http:\/\/blogdalucianaoliveira.com.br\/blog\/wp-json\/wp\/v2\/posts\/12562\/revisions\/12564"}],"wp:attachment":[{"href":"http:\/\/blogdalucianaoliveira.com.br\/blog\/wp-json\/wp\/v2\/media?parent=12562"}],"wp:term":[{"taxonomy":"category","embeddable":true,"href":"http:\/\/blogdalucianaoliveira.com.br\/blog\/wp-json\/wp\/v2\/categories?post=12562"},{"taxonomy":"post_tag","embeddable":true,"href":"http:\/\/blogdalucianaoliveira.com.br\/blog\/wp-json\/wp\/v2\/tags?post=12562"}],"curies":[{"name":"wp","href":"https:\/\/api.w.org\/{rel}","templated":true}]}}