{"id":1257,"date":"2016-05-26T09:09:28","date_gmt":"2016-05-26T13:09:28","guid":{"rendered":"http:\/\/blogdalucianaoliveira.com.br\/blog\/?p=1257"},"modified":"2016-05-26T09:10:42","modified_gmt":"2016-05-26T13:10:42","slug":"o-crime-e-a-espetacularizacao-do-crime","status":"publish","type":"post","link":"http:\/\/blogdalucianaoliveira.com.br\/blog\/2016\/05\/26\/o-crime-e-a-espetacularizacao-do-crime\/","title":{"rendered":"O crime e a banaliza\u00e7\u00e3o do crime"},"content":{"rendered":"<p><img data-recalc-dims=\"1\" loading=\"lazy\" decoding=\"async\" data-attachment-id=\"1258\" data-permalink=\"http:\/\/blogdalucianaoliveira.com.br\/blog\/2016\/05\/26\/o-crime-e-a-espetacularizacao-do-crime\/image-280\/\" data-orig-file=\"https:\/\/i0.wp.com\/blogdalucianaoliveira.com.br\/blog\/wp-content\/uploads\/2016\/05\/image-246.jpeg?fit=720%2C830\" data-orig-size=\"720,830\" data-comments-opened=\"0\" data-image-meta=\"{&quot;aperture&quot;:&quot;0&quot;,&quot;credit&quot;:&quot;&quot;,&quot;camera&quot;:&quot;&quot;,&quot;caption&quot;:&quot;&quot;,&quot;created_timestamp&quot;:&quot;0&quot;,&quot;copyright&quot;:&quot;&quot;,&quot;focal_length&quot;:&quot;0&quot;,&quot;iso&quot;:&quot;0&quot;,&quot;shutter_speed&quot;:&quot;0&quot;,&quot;title&quot;:&quot;&quot;,&quot;orientation&quot;:&quot;1&quot;}\" data-image-title=\"image\" data-image-description=\"\" data-image-caption=\"\" data-medium-file=\"https:\/\/i0.wp.com\/blogdalucianaoliveira.com.br\/blog\/wp-content\/uploads\/2016\/05\/image-246.jpeg?fit=260%2C300\" data-large-file=\"https:\/\/i0.wp.com\/blogdalucianaoliveira.com.br\/blog\/wp-content\/uploads\/2016\/05\/image-246.jpeg?fit=600%2C692\" src=\"https:\/\/i0.wp.com\/blogdalucianaoliveira.com.br\/blog\/wp-content\/uploads\/2016\/05\/image-246.jpeg?resize=600%2C692\" alt=\"image\" width=\"600\" height=\"692\" class=\"alignnone size-full wp-image-1258\" srcset=\"https:\/\/i0.wp.com\/blogdalucianaoliveira.com.br\/blog\/wp-content\/uploads\/2016\/05\/image-246.jpeg?w=720 720w, https:\/\/i0.wp.com\/blogdalucianaoliveira.com.br\/blog\/wp-content\/uploads\/2016\/05\/image-246.jpeg?resize=260%2C300 260w\" sizes=\"auto, (max-width: 600px) 100vw, 600px\" \/><\/p>\n<p>Esta madrugada no Rio de Janeiro, uma jovem foi brutalmente agredida e estuprada por 30 (TRINTA) homens. N\u00e3o satisfeitos, os desgra\u00e7ados a expuseram e divulgaram o v\u00eddeo da brutalidade no Twitter.<!--more--><\/p>\n<p>O mais revoltante \u00e9 que houve &#8220;pessoas&#8221; que tentaram relativizar ou culpar a v\u00edtima por ter sofrido tamanha viol\u00eancia. Chega!<\/p>\n<p>NADA, ABSOLUTAMENTE NADA JUSTIFICA TAMANHA MONSTRUOSIDADE.<\/p>\n<p>E fica aqui o recado: para cada infeliz que relativizou este caso e tantos outros casos, haver\u00e1 sempre 10, 100, 1000 pessoas para repudiar. Ningu\u00e9m calar\u00e1 as vozes delas. Elas n\u00e3o est\u00e3o sozinhas, elas t\u00eam umas \u00e0s outras, elas t\u00eam muitas e muitos com elas. <\/p>\n<p>MACHISTAS, FASCISTAS N\u00c3O PASSAR\u00c3O!<\/p>\n","protected":false},"excerpt":{"rendered":"<p>Esta madrugada no Rio de Janeiro, uma jovem foi brutalmente agredida e estuprada por 30 (TRINTA) homens. N\u00e3o satisfeitos, os desgra\u00e7ados a expuseram e divulgaram o v\u00eddeo da brutalidade no Twitter.<\/p>\n","protected":false},"author":1,"featured_media":0,"comment_status":"closed","ping_status":"open","sticky":false,"template":"","format":"standard","meta":{"_exactmetrics_skip_tracking":false,"_exactmetrics_sitenote_active":false,"_exactmetrics_sitenote_note":"","_exactmetrics_sitenote_category":0,"jetpack_post_was_ever_published":false,"_jetpack_newsletter_access":"","_jetpack_dont_email_post_to_subs":false,"_jetpack_newsletter_tier_id":0,"_jetpack_memberships_contains_paywalled_content":false,"_jetpack_memberships_contains_paid_content":false,"footnotes":"","jetpack_publicize_message":"","jetpack_publicize_feature_enabled":true,"jetpack_social_post_already_shared":true,"jetpack_social_options":{"image_generator_settings":{"template":"highway","enabled":false},"version":2}},"categories":[1],"tags":[],"class_list":["post-1257","post","type-post","status-publish","format-standard","hentry","category-notas"],"jetpack_publicize_connections":[],"jetpack_sharing_enabled":true,"jetpack_featured_media_url":"","jetpack_shortlink":"https:\/\/wp.me\/p7wKYW-kh","jetpack-related-posts":[],"_links":{"self":[{"href":"http:\/\/blogdalucianaoliveira.com.br\/blog\/wp-json\/wp\/v2\/posts\/1257","targetHints":{"allow":["GET"]}}],"collection":[{"href":"http:\/\/blogdalucianaoliveira.com.br\/blog\/wp-json\/wp\/v2\/posts"}],"about":[{"href":"http:\/\/blogdalucianaoliveira.com.br\/blog\/wp-json\/wp\/v2\/types\/post"}],"author":[{"embeddable":true,"href":"http:\/\/blogdalucianaoliveira.com.br\/blog\/wp-json\/wp\/v2\/users\/1"}],"replies":[{"embeddable":true,"href":"http:\/\/blogdalucianaoliveira.com.br\/blog\/wp-json\/wp\/v2\/comments?post=1257"}],"version-history":[{"count":2,"href":"http:\/\/blogdalucianaoliveira.com.br\/blog\/wp-json\/wp\/v2\/posts\/1257\/revisions"}],"predecessor-version":[{"id":1260,"href":"http:\/\/blogdalucianaoliveira.com.br\/blog\/wp-json\/wp\/v2\/posts\/1257\/revisions\/1260"}],"wp:attachment":[{"href":"http:\/\/blogdalucianaoliveira.com.br\/blog\/wp-json\/wp\/v2\/media?parent=1257"}],"wp:term":[{"taxonomy":"category","embeddable":true,"href":"http:\/\/blogdalucianaoliveira.com.br\/blog\/wp-json\/wp\/v2\/categories?post=1257"},{"taxonomy":"post_tag","embeddable":true,"href":"http:\/\/blogdalucianaoliveira.com.br\/blog\/wp-json\/wp\/v2\/tags?post=1257"}],"curies":[{"name":"wp","href":"https:\/\/api.w.org\/{rel}","templated":true}]}}