{"id":12579,"date":"2017-07-31T10:06:48","date_gmt":"2017-07-31T14:06:48","guid":{"rendered":"http:\/\/blogdalucianaoliveira.com.br\/blog\/?p=12579"},"modified":"2017-07-31T10:06:48","modified_gmt":"2017-07-31T14:06:48","slug":"precisamos-combater-a-islamofobia","status":"publish","type":"post","link":"http:\/\/blogdalucianaoliveira.com.br\/blog\/2017\/07\/31\/precisamos-combater-a-islamofobia\/","title":{"rendered":"Precisamos combater a islamofobia"},"content":{"rendered":"<p><img data-recalc-dims=\"1\" loading=\"lazy\" decoding=\"async\" data-attachment-id=\"12580\" data-permalink=\"http:\/\/blogdalucianaoliveira.com.br\/blog\/2017\/07\/31\/precisamos-combater-a-islamofobia\/isla-2\/\" data-orig-file=\"https:\/\/i0.wp.com\/blogdalucianaoliveira.com.br\/blog\/wp-content\/uploads\/2017\/07\/isla.jpg?fit=488%2C260\" data-orig-size=\"488,260\" data-comments-opened=\"0\" data-image-meta=\"{&quot;aperture&quot;:&quot;0&quot;,&quot;credit&quot;:&quot;&quot;,&quot;camera&quot;:&quot;&quot;,&quot;caption&quot;:&quot;&quot;,&quot;created_timestamp&quot;:&quot;0&quot;,&quot;copyright&quot;:&quot;&quot;,&quot;focal_length&quot;:&quot;0&quot;,&quot;iso&quot;:&quot;0&quot;,&quot;shutter_speed&quot;:&quot;0&quot;,&quot;title&quot;:&quot;&quot;,&quot;orientation&quot;:&quot;0&quot;}\" data-image-title=\"isla\" data-image-description=\"\" data-image-caption=\"\" data-medium-file=\"https:\/\/i0.wp.com\/blogdalucianaoliveira.com.br\/blog\/wp-content\/uploads\/2017\/07\/isla.jpg?fit=300%2C160\" data-large-file=\"https:\/\/i0.wp.com\/blogdalucianaoliveira.com.br\/blog\/wp-content\/uploads\/2017\/07\/isla.jpg?fit=488%2C260\" src=\"https:\/\/i0.wp.com\/blogdalucianaoliveira.com.br\/blog\/wp-content\/uploads\/2017\/07\/isla.jpg?resize=488%2C260\" alt=\"isla\" width=\"488\" height=\"260\" class=\"alignnone size-full wp-image-12580\" srcset=\"https:\/\/i0.wp.com\/blogdalucianaoliveira.com.br\/blog\/wp-content\/uploads\/2017\/07\/isla.jpg?w=488 488w, https:\/\/i0.wp.com\/blogdalucianaoliveira.com.br\/blog\/wp-content\/uploads\/2017\/07\/isla.jpg?resize=300%2C160 300w\" sizes=\"auto, (max-width: 488px) 100vw, 488px\" \/><\/p>\n<p>O relat\u00f3rio divulgado pelo Conselho para as Rela\u00e7\u00f5es Islamo-Americanas (CAIR) aponta que o n\u00famero de crimes de \u00f3dio contra mu\u00e7ulmanos aumentou 40% em 2016 em compara\u00e7\u00e3o com 2015.<br \/>\nNos Estados Unidos aumentou 91 por cento no primeiro semestre do ano, em compara\u00e7\u00e3o com 2016.<br \/>\nEm 20% dos casos, s\u00f3 pelo fato do indiv\u00edduo ser mu\u00e7ulmano.<br \/>\nEm 15%\u201d, s\u00f3 pelo uso do len\u00e7o em mulheres.<\/p>\n","protected":false},"excerpt":{"rendered":"<p>O relat\u00f3rio divulgado pelo Conselho para as Rela\u00e7\u00f5es Islamo-Americanas (CAIR) aponta que o n\u00famero de crimes de \u00f3dio contra mu\u00e7ulmanos aumentou 40% em 2016 em compara\u00e7\u00e3o com 2015. Nos Estados Unidos aumentou 91 por cento no primeiro semestre do ano, em compara\u00e7\u00e3o com 2016. Em 20% dos casos, s\u00f3 pelo fato do indiv\u00edduo ser mu\u00e7ulmano&#8230;.<a class=\"more-link\" href=\"http:\/\/blogdalucianaoliveira.com.br\/blog\/2017\/07\/31\/precisamos-combater-a-islamofobia\/\">Continue a leitura <span class=\"meta-nav\">&raquo;<\/span><\/a><\/p>\n","protected":false},"author":1,"featured_media":0,"comment_status":"closed","ping_status":"open","sticky":false,"template":"","format":"standard","meta":{"_exactmetrics_skip_tracking":false,"_exactmetrics_sitenote_active":false,"_exactmetrics_sitenote_note":"","_exactmetrics_sitenote_category":0,"jetpack_post_was_ever_published":false,"_jetpack_newsletter_access":"","_jetpack_dont_email_post_to_subs":false,"_jetpack_newsletter_tier_id":0,"_jetpack_memberships_contains_paywalled_content":false,"_jetpack_memberships_contains_paid_content":false,"footnotes":"","jetpack_publicize_message":"","jetpack_publicize_feature_enabled":true,"jetpack_social_post_already_shared":true,"jetpack_social_options":{"image_generator_settings":{"template":"highway","enabled":false},"version":2}},"categories":[1],"tags":[],"class_list":["post-12579","post","type-post","status-publish","format-standard","hentry","category-notas"],"jetpack_publicize_connections":[],"jetpack_sharing_enabled":true,"jetpack_featured_media_url":"","jetpack_shortlink":"https:\/\/wp.me\/p7wKYW-3gT","jetpack-related-posts":[],"_links":{"self":[{"href":"http:\/\/blogdalucianaoliveira.com.br\/blog\/wp-json\/wp\/v2\/posts\/12579","targetHints":{"allow":["GET"]}}],"collection":[{"href":"http:\/\/blogdalucianaoliveira.com.br\/blog\/wp-json\/wp\/v2\/posts"}],"about":[{"href":"http:\/\/blogdalucianaoliveira.com.br\/blog\/wp-json\/wp\/v2\/types\/post"}],"author":[{"embeddable":true,"href":"http:\/\/blogdalucianaoliveira.com.br\/blog\/wp-json\/wp\/v2\/users\/1"}],"replies":[{"embeddable":true,"href":"http:\/\/blogdalucianaoliveira.com.br\/blog\/wp-json\/wp\/v2\/comments?post=12579"}],"version-history":[{"count":1,"href":"http:\/\/blogdalucianaoliveira.com.br\/blog\/wp-json\/wp\/v2\/posts\/12579\/revisions"}],"predecessor-version":[{"id":12581,"href":"http:\/\/blogdalucianaoliveira.com.br\/blog\/wp-json\/wp\/v2\/posts\/12579\/revisions\/12581"}],"wp:attachment":[{"href":"http:\/\/blogdalucianaoliveira.com.br\/blog\/wp-json\/wp\/v2\/media?parent=12579"}],"wp:term":[{"taxonomy":"category","embeddable":true,"href":"http:\/\/blogdalucianaoliveira.com.br\/blog\/wp-json\/wp\/v2\/categories?post=12579"},{"taxonomy":"post_tag","embeddable":true,"href":"http:\/\/blogdalucianaoliveira.com.br\/blog\/wp-json\/wp\/v2\/tags?post=12579"}],"curies":[{"name":"wp","href":"https:\/\/api.w.org\/{rel}","templated":true}]}}