{"id":12585,"date":"2017-07-31T10:12:17","date_gmt":"2017-07-31T14:12:17","guid":{"rendered":"http:\/\/blogdalucianaoliveira.com.br\/blog\/?p=12585"},"modified":"2017-07-31T10:12:17","modified_gmt":"2017-07-31T14:12:17","slug":"com-pais-afundado-na-crise-temer-e-aliados-vivem-em-realidade-paralela-em-que-tudo-da-certo","status":"publish","type":"post","link":"http:\/\/blogdalucianaoliveira.com.br\/blog\/2017\/07\/31\/com-pais-afundado-na-crise-temer-e-aliados-vivem-em-realidade-paralela-em-que-tudo-da-certo\/","title":{"rendered":"COM PA\u00cdS AFUNDADO NA CRISE, TEMER E ALIADOS VIVEM EM REALIDADE PARALELA EM QUE TUDO D\u00c1 CERTO"},"content":{"rendered":"<p><img data-recalc-dims=\"1\" loading=\"lazy\" decoding=\"async\" data-attachment-id=\"12586\" data-permalink=\"http:\/\/blogdalucianaoliveira.com.br\/blog\/2017\/07\/31\/com-pais-afundado-na-crise-temer-e-aliados-vivem-em-realidade-paralela-em-que-tudo-da-certo\/alia\/\" data-orig-file=\"https:\/\/i0.wp.com\/blogdalucianaoliveira.com.br\/blog\/wp-content\/uploads\/2017\/07\/alia.jpg?fit=1000%2C564\" data-orig-size=\"1000,564\" data-comments-opened=\"0\" data-image-meta=\"{&quot;aperture&quot;:&quot;0&quot;,&quot;credit&quot;:&quot;&quot;,&quot;camera&quot;:&quot;&quot;,&quot;caption&quot;:&quot;&quot;,&quot;created_timestamp&quot;:&quot;0&quot;,&quot;copyright&quot;:&quot;&quot;,&quot;focal_length&quot;:&quot;0&quot;,&quot;iso&quot;:&quot;0&quot;,&quot;shutter_speed&quot;:&quot;0&quot;,&quot;title&quot;:&quot;&quot;,&quot;orientation&quot;:&quot;0&quot;}\" data-image-title=\"alia\" data-image-description=\"\" data-image-caption=\"\" data-medium-file=\"https:\/\/i0.wp.com\/blogdalucianaoliveira.com.br\/blog\/wp-content\/uploads\/2017\/07\/alia.jpg?fit=300%2C169\" data-large-file=\"https:\/\/i0.wp.com\/blogdalucianaoliveira.com.br\/blog\/wp-content\/uploads\/2017\/07\/alia.jpg?fit=600%2C338\" src=\"https:\/\/i0.wp.com\/blogdalucianaoliveira.com.br\/blog\/wp-content\/uploads\/2017\/07\/alia.jpg?resize=600%2C338\" alt=\"alia\" width=\"600\" height=\"338\" class=\"alignnone size-full wp-image-12586\" srcset=\"https:\/\/i0.wp.com\/blogdalucianaoliveira.com.br\/blog\/wp-content\/uploads\/2017\/07\/alia.jpg?w=1000 1000w, https:\/\/i0.wp.com\/blogdalucianaoliveira.com.br\/blog\/wp-content\/uploads\/2017\/07\/alia.jpg?resize=300%2C169 300w, https:\/\/i0.wp.com\/blogdalucianaoliveira.com.br\/blog\/wp-content\/uploads\/2017\/07\/alia.jpg?resize=768%2C433 768w, https:\/\/i0.wp.com\/blogdalucianaoliveira.com.br\/blog\/wp-content\/uploads\/2017\/07\/alia.jpg?resize=532%2C300 532w\" sizes=\"auto, (max-width: 600px) 100vw, 600px\" \/><\/p>\n<p>ERAM 12H10M da quarta (12), quando Michel Temer ocupou o p\u00falpito no Pal\u00e1cio do Planalto para fazer o an\u00fancio de um repasse bilion\u00e1rio de recursos para investimentos em infraestrutura de estados e munic\u00edpios.<!--more--><\/p>\n<p>No The Intercept, por Ruben Berta<\/p>\n<p>\u201cEsta ousadia vem dando certo. Vem sendo apadrinhada pela sociedade brasileira e, especialmente, pelo Congresso Nacional\u201d, disse o presidente dos 7% de aprova\u00e7\u00e3o.<\/p>\n<p>Uma hora antes, no mesmo dia, a Comiss\u00e3o de Constitui\u00e7\u00e3o e Justi\u00e7a (CCJ) da C\u00e2mara havia iniciado as discuss\u00f5es sobre o relat\u00f3rio de S\u00e9rgio Zveiter(PMDB\/RJ), que recomendaria o prosseguimento da den\u00fancia contra o presidente por corrup\u00e7\u00e3o passiva e que acabou derrubada pelos demais deputados.  Entre inacredit\u00e1veis trechos de discuss\u00f5es na CCJ e os discursos de Temer em pelo menos tr\u00eas cerim\u00f4nias no Planalto a pergunta que fica da semana que passou \u00e9: em que mundo vivem essas pessoas?<\/p>\n<p>Para montar um cen\u00e1rio perfeito em que tudo parece bem, Temer contou com plateias lotadas. O auge foi na tarde de quinta (13), quando foi canetada a Reforma Trabalhista. Segundo o pr\u00f3prio presidente, pelas suas contas, foram quase 20 ministros presentes, que repetiram entusiasmadas \u201cpalmas de cora\u00e7\u00e3o\u201d ao ouvirem o presidente falar sobre uma \u201csuposta crise\u201d:<\/p>\n<p>\u201cNessas \u00faltimas semanas, em fun\u00e7\u00e3o de uma \u2018suposta crise\u2019, o que tem acontecido \u00e9 um entusiasmo extraordin\u00e1rio. Hoje de manh\u00e3, quando n\u00f3s lan\u00e7\u00e1vamos um plano para a \u00e1rea de sa\u00fade, quando entreg\u00e1vamos 9 mil ve\u00edculos para a Sa\u00fade, mais de R$ 1 bilh\u00e3o em custeio, os aplausos que recebi do Ricardo Barros (ministro da Sa\u00fade) e dos que estavam presentes eram uma coisa entusiasmada. E eram palmas que, como digo eu de vez em quando, n\u00e3o eram cerimoniais e formosas. Eram verdadeiras. Na vida p\u00fablica, aprendemos que h\u00e1 palmas que v\u00eam do cora\u00e7\u00e3o. Hoje de manh\u00e3 e aqui encontrei palmas que v\u00eam do cora\u00e7\u00e3o.\u201d<\/p>\n<p>\u201cO Brasil do amanh\u00e3 n\u00e3o viver\u00e1 mais com essa triste realidade que n\u00f3s vivemos, a realidade do desemprego\u201d<br \/>\nO primeiro a discursar no evento da reforma trabalhista havia sido o titular da pasta do Trabalho, Ronaldo Nogueira (PTB), que, se n\u00e3o conseguiu cravar que o pa\u00eds vive um grande momento, garantiu que logo, logo, amanh\u00e3, tudo ser\u00e1 diferente:<\/p>\n<p>\u201cO Brasil do amanh\u00e3 n\u00e3o viver\u00e1 mais com essa triste realidade que n\u00f3s vivemos, a realidade do desemprego\u201d, afirmou o ministro do governo que viu crescer em 2,6 milh\u00f5es o n\u00famero de desempregados em um ano de gest\u00e3o.<\/p>\n<p>Nas cerim\u00f4nias, Temer teve ainda a companhia do fiel escudeiro e queridinho do mercado Henrique Meirelles que, como todo ministro da Fazenda sempre faz, acalmou a todos dizendo que est\u00e1 tudo bem com as nossas finan\u00e7as:<\/p>\n<p>\u201cA economia brasileira, eu gostaria de enfatizar, com a recupera\u00e7\u00e3o da confian\u00e7a dos consumidores e dos produtores, e o resultado do aumento da produ\u00e7\u00e3o, do com\u00e9rcio, do consumo, que come\u00e7a cada vez mais a apresentar resultados positivos, vem como consequ\u00eancia dessas reformas fundamentais\u201d, comentou o homem forte da economia do pa\u00eds que amargou o \u00faltimo lugar num ranking de crescimento divulgado em junho.<\/p>\n<p>Enquanto se cerca de gente que diz que tudo est\u00e1 bem, Temer tamb\u00e9m \u00e9 o presidente denunciado pela Procuradoria Geral da Rep\u00fablica (PGR). Mas isso n\u00e3o interfere no cen\u00e1rio perfeito se olharmos para os discursos de deputados que deram os 40 votos necess\u00e1rios para derrubar o parecer de Zveiter a favor da continuidade do processo na CCJ. E n\u00e3o se limitou ao ultraprocessado Paulo Maluf (PP-SP), que chamou Temer de probo, honesto, pobre n\u00e3o s\u00f3 uma, mas v\u00e1rias vezes, at\u00e9 aos berros.<\/p>\n<p>O \u201cpovo\u201d sabe que a crise ficou para tr\u00e1s<\/p>\n<p>O deputado Evandro Roman (PSD-PR), por exemplo, conseguiu at\u00e9 fazer uma \u201cpesquisa\u201d com o \u201cpovo\u201d para chegar \u00e0 conclus\u00e3o de que o pa\u00eds est\u00e1 mesmo andando nos trilhos. Numa manobra do Planalto, ele havia entrado na comiss\u00e3o dias antes para votar a favor de Temer.<\/p>\n<p>\u201cEstive com produtores rurais, comerciantes\u2026 De 36 prefeitos, conversei com 23 pessoalmente, que me apoiam. Empres\u00e1rios, profissionais liberais, dirigentes de cooperativas\u2026 Enfim, o povo. Conversei com o povo. E todos foram muito seguros de que o sentimento da popula\u00e7\u00e3o de meu estado \u00e9 que finalmente a crise e a depress\u00e3o econ\u00f4mica, a mais profunda e longa da nossa hist\u00f3ria, v\u00e3o ficando para tr\u00e1s\u201d, disse, na quarta (12), ao resumir a opini\u00e3o dos mais de 11 milh\u00f5es de paranaenses.<\/p>\n<p>Logo depois de Roman, tivemos ainda o Danilo Forte (PSB-CE). Convicto defensor de Temer, o deputado foi contra at\u00e9 o que, teoricamente, um partido mais \u00e0 esquerda pensaria num momento como o de agora para defender o presidente. N\u00e3o \u00e9 nada, n\u00e3o \u00e9 nada, ganhou de presente R$ 2,8 milh\u00f5es em libera\u00e7\u00e3o de emendas \u00e0s v\u00e9speras da vota\u00e7\u00e3o.<\/p>\n<p>\u201cN\u00e3o h\u00e1 paralelo entre uma pedalada fiscal (de Dilma), que criou uma instabilidade financeira no pa\u00eds, e uma ila\u00e7\u00e3o de que recursos adquiridos de forma il\u00edcita possa provocar uma decis\u00e3o desta Casa no que diz respeito ao presidente Michel Temer\u201d, afirmou.<\/p>\n<p>E, como Temer tem dificuldade em saber como Deus o colocou na presid\u00eancia, ningu\u00e9m  melhor para fechar a sequ\u00eancia deste mundo paralelo com Aleluia. Ou melhor, com Jos\u00e9 Carlos Aleluia (DEM-BA) que, ao atacar o empres\u00e1rio Joesley Batista,pode ter definido bem o estado de esp\u00edrito que ronda o presidente e suas companhias:<\/p>\n<p>\u201cEstamos tratando de um teatro. De um artista.\u201d<\/p>\n","protected":false},"excerpt":{"rendered":"<p>ERAM 12H10M da quarta (12), quando Michel Temer ocupou o p\u00falpito no Pal\u00e1cio do Planalto para fazer o an\u00fancio de um repasse bilion\u00e1rio de recursos para investimentos em infraestrutura de estados e munic\u00edpios.<\/p>\n","protected":false},"author":1,"featured_media":0,"comment_status":"closed","ping_status":"open","sticky":false,"template":"","format":"standard","meta":{"_exactmetrics_skip_tracking":false,"_exactmetrics_sitenote_active":false,"_exactmetrics_sitenote_note":"","_exactmetrics_sitenote_category":0,"jetpack_post_was_ever_published":false,"_jetpack_newsletter_access":"","_jetpack_dont_email_post_to_subs":false,"_jetpack_newsletter_tier_id":0,"_jetpack_memberships_contains_paywalled_content":false,"_jetpack_memberships_contains_paid_content":false,"footnotes":"","jetpack_publicize_message":"","jetpack_publicize_feature_enabled":true,"jetpack_social_post_already_shared":true,"jetpack_social_options":{"image_generator_settings":{"template":"highway","enabled":false},"version":2}},"categories":[1],"tags":[59,276,45],"class_list":["post-12585","post","type-post","status-publish","format-standard","hentry","category-notas","tag-aliados","tag-salavacao","tag-temer"],"jetpack_publicize_connections":[],"jetpack_sharing_enabled":true,"jetpack_featured_media_url":"","jetpack_shortlink":"https:\/\/wp.me\/p7wKYW-3gZ","jetpack-related-posts":[],"_links":{"self":[{"href":"http:\/\/blogdalucianaoliveira.com.br\/blog\/wp-json\/wp\/v2\/posts\/12585","targetHints":{"allow":["GET"]}}],"collection":[{"href":"http:\/\/blogdalucianaoliveira.com.br\/blog\/wp-json\/wp\/v2\/posts"}],"about":[{"href":"http:\/\/blogdalucianaoliveira.com.br\/blog\/wp-json\/wp\/v2\/types\/post"}],"author":[{"embeddable":true,"href":"http:\/\/blogdalucianaoliveira.com.br\/blog\/wp-json\/wp\/v2\/users\/1"}],"replies":[{"embeddable":true,"href":"http:\/\/blogdalucianaoliveira.com.br\/blog\/wp-json\/wp\/v2\/comments?post=12585"}],"version-history":[{"count":1,"href":"http:\/\/blogdalucianaoliveira.com.br\/blog\/wp-json\/wp\/v2\/posts\/12585\/revisions"}],"predecessor-version":[{"id":12587,"href":"http:\/\/blogdalucianaoliveira.com.br\/blog\/wp-json\/wp\/v2\/posts\/12585\/revisions\/12587"}],"wp:attachment":[{"href":"http:\/\/blogdalucianaoliveira.com.br\/blog\/wp-json\/wp\/v2\/media?parent=12585"}],"wp:term":[{"taxonomy":"category","embeddable":true,"href":"http:\/\/blogdalucianaoliveira.com.br\/blog\/wp-json\/wp\/v2\/categories?post=12585"},{"taxonomy":"post_tag","embeddable":true,"href":"http:\/\/blogdalucianaoliveira.com.br\/blog\/wp-json\/wp\/v2\/tags?post=12585"}],"curies":[{"name":"wp","href":"https:\/\/api.w.org\/{rel}","templated":true}]}}