{"id":12588,"date":"2017-07-31T10:30:47","date_gmt":"2017-07-31T14:30:47","guid":{"rendered":"http:\/\/blogdalucianaoliveira.com.br\/blog\/?p=12588"},"modified":"2017-07-31T10:36:15","modified_gmt":"2017-07-31T14:36:15","slug":"sakamoto-legado-de-temer-sera-um-nao-pais","status":"publish","type":"post","link":"http:\/\/blogdalucianaoliveira.com.br\/blog\/2017\/07\/31\/sakamoto-legado-de-temer-sera-um-nao-pais\/","title":{"rendered":"SAKAMOTO: LEGADO DE TEMER SER\u00c1 UM N\u00c3O-PA\u00cdS"},"content":{"rendered":"<p><img data-recalc-dims=\"1\" loading=\"lazy\" decoding=\"async\" data-attachment-id=\"12589\" data-permalink=\"http:\/\/blogdalucianaoliveira.com.br\/blog\/2017\/07\/31\/sakamoto-legado-de-temer-sera-um-nao-pais\/leo-4\/\" data-orig-file=\"https:\/\/i0.wp.com\/blogdalucianaoliveira.com.br\/blog\/wp-content\/uploads\/2017\/07\/leo.jpg?fit=1000%2C357\" data-orig-size=\"1000,357\" data-comments-opened=\"0\" data-image-meta=\"{&quot;aperture&quot;:&quot;0&quot;,&quot;credit&quot;:&quot;&quot;,&quot;camera&quot;:&quot;&quot;,&quot;caption&quot;:&quot;&quot;,&quot;created_timestamp&quot;:&quot;0&quot;,&quot;copyright&quot;:&quot;&quot;,&quot;focal_length&quot;:&quot;0&quot;,&quot;iso&quot;:&quot;0&quot;,&quot;shutter_speed&quot;:&quot;0&quot;,&quot;title&quot;:&quot;&quot;,&quot;orientation&quot;:&quot;0&quot;}\" data-image-title=\"leo\" data-image-description=\"\" data-image-caption=\"\" data-medium-file=\"https:\/\/i0.wp.com\/blogdalucianaoliveira.com.br\/blog\/wp-content\/uploads\/2017\/07\/leo.jpg?fit=300%2C107\" data-large-file=\"https:\/\/i0.wp.com\/blogdalucianaoliveira.com.br\/blog\/wp-content\/uploads\/2017\/07\/leo.jpg?fit=600%2C214\" src=\"https:\/\/i0.wp.com\/blogdalucianaoliveira.com.br\/blog\/wp-content\/uploads\/2017\/07\/leo.jpg?resize=600%2C214\" alt=\"leo\" width=\"600\" height=\"214\" class=\"alignnone size-full wp-image-12589\" srcset=\"https:\/\/i0.wp.com\/blogdalucianaoliveira.com.br\/blog\/wp-content\/uploads\/2017\/07\/leo.jpg?w=1000 1000w, https:\/\/i0.wp.com\/blogdalucianaoliveira.com.br\/blog\/wp-content\/uploads\/2017\/07\/leo.jpg?resize=300%2C107 300w, https:\/\/i0.wp.com\/blogdalucianaoliveira.com.br\/blog\/wp-content\/uploads\/2017\/07\/leo.jpg?resize=768%2C274 768w, https:\/\/i0.wp.com\/blogdalucianaoliveira.com.br\/blog\/wp-content\/uploads\/2017\/07\/leo.jpg?resize=800%2C286 800w\" sizes=\"auto, (max-width: 600px) 100vw, 600px\" \/><\/p>\n<p>247 \u2013 O jornalista Leonardo Sakamoto afirma que Michel Temer n\u00e3o deveria se iludir com a apatia popular em rela\u00e7\u00e3o a seu governo, aprovado por apenas 5% dos brasileiros.<!--more--><\/p>\n<p>&#8220;O governo Temer comemora que as ruas n\u00e3o estejam coalhadas de gente pedindo sua cabe\u00e7a, tal qual ocorreu com Dilma Rousseff. De forma c\u00ednica, seus apoiadores afirmam que isso \u00e9 uma prova de que a popula\u00e7\u00e3o entende que ele tem agido corretamente para tirar o pa\u00eds da crise e confia em sua honestidade&#8221;, diz ele, em artigo publicado neste fim de semana.  &#8220;O sil\u00eancio na rua, quebrado aqui e ali por manifesta\u00e7\u00f5es ligadas a movimentos e sindicatos, n\u00e3o significa que a insatisfa\u00e7\u00e3o n\u00e3o esteja no ar. Mas que h\u00e1 uma sensa\u00e7\u00e3o de desalento generalizado.&#8221;<\/p>\n<p>&#8220;Deixar de confiar na pol\u00edtica como arena para a solu\u00e7\u00e3o dos problemas cotidianos \u00e9 equivalente a abandonar o di\u00e1logo visando \u00e0 constru\u00e7\u00e3o coletiva. Ca\u00eddas em descren\u00e7a, institui\u00e7\u00f5es levam d\u00e9cadas para se reerguer \u2013 quando conseguem. No meio desse v\u00e1cuo, vai surgindo a oportunidade para semoventes que se consideram acima das leis se apresentarem como a sa\u00edda para os nossos problemas. Pessoas que prometem ser uma luz na escurid\u00e3o, mas nos guiar\u00e3o direto \u00e0s trevas&#8221;, diz ainda Sakamoto. &#8220;\u00c9 triste, mas talvez o principal legado do governo Temer ser\u00e1 um n\u00e3o-pa\u00eds.&#8221;<\/p>\n<p>Leia aqui:<\/p>\n<p>https:\/\/blogdosakamoto.blogosfera.uol.com.br\/2017\/07\/30\/silencio-da-rua-contra-temer-nao-e-condescendencia-mas-perda-de-fe-no-pais\/<a href=\"https:\/\/blogdosakamoto.blogosfera.uol.com.br\/2017\/07\/30\/silencio-da-rua-contra-temer-nao-e-condescendencia-mas-perda-de-fe-no-pais\/\"><\/a><\/p>\n","protected":false},"excerpt":{"rendered":"<p>247 \u2013 O jornalista Leonardo Sakamoto afirma que Michel Temer n\u00e3o deveria se iludir com a apatia popular em rela\u00e7\u00e3o a seu governo, aprovado por apenas 5% dos brasileiros.<\/p>\n","protected":false},"author":1,"featured_media":0,"comment_status":"closed","ping_status":"open","sticky":false,"template":"","format":"standard","meta":{"_exactmetrics_skip_tracking":false,"_exactmetrics_sitenote_active":false,"_exactmetrics_sitenote_note":"","_exactmetrics_sitenote_category":0,"jetpack_post_was_ever_published":false,"_jetpack_newsletter_access":"","_jetpack_dont_email_post_to_subs":false,"_jetpack_newsletter_tier_id":0,"_jetpack_memberships_contains_paywalled_content":false,"_jetpack_memberships_contains_paid_content":false,"footnotes":"","jetpack_publicize_message":"","jetpack_publicize_feature_enabled":true,"jetpack_social_post_already_shared":true,"jetpack_social_options":{"image_generator_settings":{"template":"highway","enabled":false},"version":2}},"categories":[1],"tags":[21,277,45],"class_list":["post-12588","post","type-post","status-publish","format-standard","hentry","category-notas","tag-corrupcao","tag-sakamoto","tag-temer"],"jetpack_publicize_connections":[],"jetpack_sharing_enabled":true,"jetpack_featured_media_url":"","jetpack_shortlink":"https:\/\/wp.me\/p7wKYW-3h2","jetpack-related-posts":[],"_links":{"self":[{"href":"http:\/\/blogdalucianaoliveira.com.br\/blog\/wp-json\/wp\/v2\/posts\/12588","targetHints":{"allow":["GET"]}}],"collection":[{"href":"http:\/\/blogdalucianaoliveira.com.br\/blog\/wp-json\/wp\/v2\/posts"}],"about":[{"href":"http:\/\/blogdalucianaoliveira.com.br\/blog\/wp-json\/wp\/v2\/types\/post"}],"author":[{"embeddable":true,"href":"http:\/\/blogdalucianaoliveira.com.br\/blog\/wp-json\/wp\/v2\/users\/1"}],"replies":[{"embeddable":true,"href":"http:\/\/blogdalucianaoliveira.com.br\/blog\/wp-json\/wp\/v2\/comments?post=12588"}],"version-history":[{"count":3,"href":"http:\/\/blogdalucianaoliveira.com.br\/blog\/wp-json\/wp\/v2\/posts\/12588\/revisions"}],"predecessor-version":[{"id":12592,"href":"http:\/\/blogdalucianaoliveira.com.br\/blog\/wp-json\/wp\/v2\/posts\/12588\/revisions\/12592"}],"wp:attachment":[{"href":"http:\/\/blogdalucianaoliveira.com.br\/blog\/wp-json\/wp\/v2\/media?parent=12588"}],"wp:term":[{"taxonomy":"category","embeddable":true,"href":"http:\/\/blogdalucianaoliveira.com.br\/blog\/wp-json\/wp\/v2\/categories?post=12588"},{"taxonomy":"post_tag","embeddable":true,"href":"http:\/\/blogdalucianaoliveira.com.br\/blog\/wp-json\/wp\/v2\/tags?post=12588"}],"curies":[{"name":"wp","href":"https:\/\/api.w.org\/{rel}","templated":true}]}}