{"id":12597,"date":"2017-07-31T11:50:36","date_gmt":"2017-07-31T15:50:36","guid":{"rendered":"http:\/\/blogdalucianaoliveira.com.br\/blog\/?p=12597"},"modified":"2017-07-31T17:26:38","modified_gmt":"2017-07-31T21:26:38","slug":"deputado-copia-gesto-de-macarrao-pra-homenagear-temer","status":"publish","type":"post","link":"http:\/\/blogdalucianaoliveira.com.br\/blog\/2017\/07\/31\/deputado-copia-gesto-de-macarrao-pra-homenagear-temer\/","title":{"rendered":"DEPUTADO COPIA GESTO DE \u2018MACARR\u00c3O\u2019 PRA HOMENAGEAR TEMER"},"content":{"rendered":"<p><img data-recalc-dims=\"1\" loading=\"lazy\" decoding=\"async\" data-attachment-id=\"12598\" data-permalink=\"http:\/\/blogdalucianaoliveira.com.br\/blog\/2017\/07\/31\/deputado-copia-gesto-de-macarrao-pra-homenagear-temer\/tato\/\" data-orig-file=\"https:\/\/i0.wp.com\/blogdalucianaoliveira.com.br\/blog\/wp-content\/uploads\/2017\/07\/tato.jpg?fit=275%2C183\" data-orig-size=\"275,183\" data-comments-opened=\"0\" data-image-meta=\"{&quot;aperture&quot;:&quot;0&quot;,&quot;credit&quot;:&quot;&quot;,&quot;camera&quot;:&quot;&quot;,&quot;caption&quot;:&quot;&quot;,&quot;created_timestamp&quot;:&quot;0&quot;,&quot;copyright&quot;:&quot;&quot;,&quot;focal_length&quot;:&quot;0&quot;,&quot;iso&quot;:&quot;0&quot;,&quot;shutter_speed&quot;:&quot;0&quot;,&quot;title&quot;:&quot;&quot;,&quot;orientation&quot;:&quot;0&quot;}\" data-image-title=\"tato\" data-image-description=\"\" data-image-caption=\"\" data-medium-file=\"https:\/\/i0.wp.com\/blogdalucianaoliveira.com.br\/blog\/wp-content\/uploads\/2017\/07\/tato.jpg?fit=275%2C183\" data-large-file=\"https:\/\/i0.wp.com\/blogdalucianaoliveira.com.br\/blog\/wp-content\/uploads\/2017\/07\/tato.jpg?fit=275%2C183\" src=\"https:\/\/i0.wp.com\/blogdalucianaoliveira.com.br\/blog\/wp-content\/uploads\/2017\/07\/tato.jpg?resize=275%2C183\" alt=\"tato\" width=\"275\" height=\"183\" class=\"alignnone size-full wp-image-12598\" \/><\/p>\n<p>Isso mesmo. O deputado federal Wladimir Costa (SD-PA) fez como Luiz Henrique Rom\u00e3o, o \u2018Macarr\u00e3o\u2019, que tatuou a pele para selar a amizade com o goleiro Bruno, parceiros na vida e no crime, no assassinato de Eliza Samudio.<!--more--><\/p>\n<p>Wlad pagou 1.200 reais para escrever no ombro o nome do primeiro presidente acusado de corrup\u00e7\u00e3o passiva e o mais impopular da hist\u00f3ria.<\/p>\n<p>Declarou que apesar dos 5% de aprova\u00e7\u00e3o do governo golpista, considera Temer \u201co melhor presidente da hist\u00f3ria do Brasil. O \u00fanico estadista que apareceu neste pa\u00eds\u201d.<\/p>\n<p>O deputado chocou a todos com a tatuagem durante a cerim\u00f4nia de entrega de caminh\u00f5es de lixo no munic\u00edpio paraense de Salin\u00f3polis, em que apareceu com uma camiseta do tipo regata.<\/p>\n<p><img data-recalc-dims=\"1\" loading=\"lazy\" decoding=\"async\" data-attachment-id=\"12600\" data-permalink=\"http:\/\/blogdalucianaoliveira.com.br\/blog\/2017\/07\/31\/deputado-copia-gesto-de-macarrao-pra-homenagear-temer\/tatua\/\" data-orig-file=\"https:\/\/i0.wp.com\/blogdalucianaoliveira.com.br\/blog\/wp-content\/uploads\/2017\/07\/tatua.jpeg?fit=560%2C750\" data-orig-size=\"560,750\" data-comments-opened=\"0\" data-image-meta=\"{&quot;aperture&quot;:&quot;0&quot;,&quot;credit&quot;:&quot;&quot;,&quot;camera&quot;:&quot;&quot;,&quot;caption&quot;:&quot;&quot;,&quot;created_timestamp&quot;:&quot;0&quot;,&quot;copyright&quot;:&quot;&quot;,&quot;focal_length&quot;:&quot;0&quot;,&quot;iso&quot;:&quot;0&quot;,&quot;shutter_speed&quot;:&quot;0&quot;,&quot;title&quot;:&quot;&quot;,&quot;orientation&quot;:&quot;0&quot;}\" data-image-title=\"tatua\" data-image-description=\"\" data-image-caption=\"\" data-medium-file=\"https:\/\/i0.wp.com\/blogdalucianaoliveira.com.br\/blog\/wp-content\/uploads\/2017\/07\/tatua.jpeg?fit=224%2C300\" data-large-file=\"https:\/\/i0.wp.com\/blogdalucianaoliveira.com.br\/blog\/wp-content\/uploads\/2017\/07\/tatua.jpeg?fit=560%2C750\" src=\"https:\/\/i0.wp.com\/blogdalucianaoliveira.com.br\/blog\/wp-content\/uploads\/2017\/07\/tatua.jpeg?resize=560%2C750\" alt=\"tatua\" width=\"560\" height=\"750\" class=\"alignnone size-full wp-image-12600\" srcset=\"https:\/\/i0.wp.com\/blogdalucianaoliveira.com.br\/blog\/wp-content\/uploads\/2017\/07\/tatua.jpeg?w=560 560w, https:\/\/i0.wp.com\/blogdalucianaoliveira.com.br\/blog\/wp-content\/uploads\/2017\/07\/tatua.jpeg?resize=224%2C300 224w\" sizes=\"auto, (max-width: 560px) 100vw, 560px\" \/><\/p>\n<p>E ainda colocou o nome de Temer junto a outra tatuagem da bandeira do pa\u00eds.<\/p>\n<p>\u201cSou admirador nato (de Temer), amigo dele h\u00e1 quase 16 anos\u201d, disse.<\/p>\n<p>Na vota\u00e7\u00e3o do impeachment da presidente Dilma Rousseff, Wladimir usou um tubo de lan\u00e7a confetes e chamou a presidenta eleita de doida ao parabenizar os colegas que se uniram \u201cpra resgatar a dec\u00eancia desse pa\u00eds\u201d.<\/p>\n<div class=\"jetpack-video-wrapper\"><iframe loading=\"lazy\" title=\"&quot;Tiro no cora\u00e7\u00e3o&quot;: Deputado dispara fogo de artif\u00edcio dentro da C\u00e2mara dos Deputados\" width=\"600\" height=\"338\" src=\"https:\/\/www.youtube.com\/embed\/wbcB1aTM6S0?feature=oembed\" frameborder=\"0\" allow=\"accelerometer; autoplay; clipboard-write; encrypted-media; gyroscope; picture-in-picture; web-share\" referrerpolicy=\"strict-origin-when-cross-origin\" allowfullscreen><\/iframe><\/div>\n<p>Logo ap\u00f3s encenar revolta com a corrup\u00e7\u00e3o, a Corte do Tribunal Regional Eleitoral (TRE-PA) cassou o mandato do deputado, por considerar il\u00edcitas as arrecada\u00e7\u00f5es e os gastos de sua campanha, pelo que recorre.<\/p>\n<p>Wladimir promete se destacar novamente na C\u00e2mara dos Deputados exibindo a tatuagem a favor da corrup\u00e7\u00e3o, na quarta-feira (2), quando deputados decidir\u00e3o sobre a admissibilidade da den\u00fancia da Procuradoria-Geral da Rep\u00fablica (PGR) contra Temer por corrup\u00e7\u00e3o. <\/p>\n<p>\u201cSer\u00e1 um show de votos em favor do presidente. S\u00f3 Deus derruba Temer. E ele \u00e9 honesto. Ent\u00e3o Deus n\u00e3o vai querer derrub\u00e1-lo.\u201d<\/p>\n<p>Resta \u00e0s pessoas decentes, torcer para que Wlad e Temer acabem como Bruno e Macarr\u00e3o.<\/p>\n","protected":false},"excerpt":{"rendered":"<p>Isso mesmo. O deputado federal Wladimir Costa (SD-PA) fez como Luiz Henrique Rom\u00e3o, o \u2018Macarr\u00e3o\u2019, que tatuou a pele para selar a amizade com o goleiro Bruno, parceiros na vida e no crime, no assassinato de Eliza Samudio.<\/p>\n","protected":false},"author":1,"featured_media":0,"comment_status":"closed","ping_status":"open","sticky":false,"template":"","format":"standard","meta":{"_exactmetrics_skip_tracking":false,"_exactmetrics_sitenote_active":false,"_exactmetrics_sitenote_note":"","_exactmetrics_sitenote_category":0,"jetpack_post_was_ever_published":false,"_jetpack_newsletter_access":"","_jetpack_dont_email_post_to_subs":false,"_jetpack_newsletter_tier_id":0,"_jetpack_memberships_contains_paywalled_content":false,"_jetpack_memberships_contains_paid_content":false,"footnotes":"","jetpack_publicize_message":"","jetpack_publicize_feature_enabled":true,"jetpack_social_post_already_shared":true,"jetpack_social_options":{"image_generator_settings":{"template":"highway","enabled":false},"version":2}},"categories":[1],"tags":[279,280,45,278],"class_list":["post-12597","post","type-post","status-publish","format-standard","hentry","category-notas","tag-sd","tag-tatuagem","tag-temer","tag-wladimir-costa"],"jetpack_publicize_connections":[],"jetpack_sharing_enabled":true,"jetpack_featured_media_url":"","jetpack_shortlink":"https:\/\/wp.me\/p7wKYW-3hb","jetpack-related-posts":[],"_links":{"self":[{"href":"http:\/\/blogdalucianaoliveira.com.br\/blog\/wp-json\/wp\/v2\/posts\/12597","targetHints":{"allow":["GET"]}}],"collection":[{"href":"http:\/\/blogdalucianaoliveira.com.br\/blog\/wp-json\/wp\/v2\/posts"}],"about":[{"href":"http:\/\/blogdalucianaoliveira.com.br\/blog\/wp-json\/wp\/v2\/types\/post"}],"author":[{"embeddable":true,"href":"http:\/\/blogdalucianaoliveira.com.br\/blog\/wp-json\/wp\/v2\/users\/1"}],"replies":[{"embeddable":true,"href":"http:\/\/blogdalucianaoliveira.com.br\/blog\/wp-json\/wp\/v2\/comments?post=12597"}],"version-history":[{"count":4,"href":"http:\/\/blogdalucianaoliveira.com.br\/blog\/wp-json\/wp\/v2\/posts\/12597\/revisions"}],"predecessor-version":[{"id":12609,"href":"http:\/\/blogdalucianaoliveira.com.br\/blog\/wp-json\/wp\/v2\/posts\/12597\/revisions\/12609"}],"wp:attachment":[{"href":"http:\/\/blogdalucianaoliveira.com.br\/blog\/wp-json\/wp\/v2\/media?parent=12597"}],"wp:term":[{"taxonomy":"category","embeddable":true,"href":"http:\/\/blogdalucianaoliveira.com.br\/blog\/wp-json\/wp\/v2\/categories?post=12597"},{"taxonomy":"post_tag","embeddable":true,"href":"http:\/\/blogdalucianaoliveira.com.br\/blog\/wp-json\/wp\/v2\/tags?post=12597"}],"curies":[{"name":"wp","href":"https:\/\/api.w.org\/{rel}","templated":true}]}}