{"id":12610,"date":"2017-08-01T09:44:18","date_gmt":"2017-08-01T13:44:18","guid":{"rendered":"http:\/\/blogdalucianaoliveira.com.br\/blog\/?p=12610"},"modified":"2017-08-01T09:44:18","modified_gmt":"2017-08-01T13:44:18","slug":"agosto-chegou","status":"publish","type":"post","link":"http:\/\/blogdalucianaoliveira.com.br\/blog\/2017\/08\/01\/agosto-chegou\/","title":{"rendered":"Agosto chegou"},"content":{"rendered":"<p><img data-recalc-dims=\"1\" loading=\"lazy\" decoding=\"async\" data-attachment-id=\"12611\" data-permalink=\"http:\/\/blogdalucianaoliveira.com.br\/blog\/2017\/08\/01\/agosto-chegou\/img_2744\/\" data-orig-file=\"https:\/\/i0.wp.com\/blogdalucianaoliveira.com.br\/blog\/wp-content\/uploads\/2017\/08\/IMG_2744.jpg?fit=432%2C341\" data-orig-size=\"432,341\" data-comments-opened=\"0\" data-image-meta=\"{&quot;aperture&quot;:&quot;0&quot;,&quot;credit&quot;:&quot;&quot;,&quot;camera&quot;:&quot;&quot;,&quot;caption&quot;:&quot;&quot;,&quot;created_timestamp&quot;:&quot;0&quot;,&quot;copyright&quot;:&quot;&quot;,&quot;focal_length&quot;:&quot;0&quot;,&quot;iso&quot;:&quot;0&quot;,&quot;shutter_speed&quot;:&quot;0&quot;,&quot;title&quot;:&quot;&quot;,&quot;orientation&quot;:&quot;0&quot;}\" data-image-title=\"IMG_2744\" data-image-description=\"\" data-image-caption=\"\" data-medium-file=\"https:\/\/i0.wp.com\/blogdalucianaoliveira.com.br\/blog\/wp-content\/uploads\/2017\/08\/IMG_2744.jpg?fit=300%2C237\" data-large-file=\"https:\/\/i0.wp.com\/blogdalucianaoliveira.com.br\/blog\/wp-content\/uploads\/2017\/08\/IMG_2744.jpg?fit=432%2C341\" src=\"https:\/\/i0.wp.com\/blogdalucianaoliveira.com.br\/blog\/wp-content\/uploads\/2017\/08\/IMG_2744.jpg?resize=432%2C341\" alt=\"IMG_2744\" width=\"432\" height=\"341\" class=\"alignnone size-full wp-image-12611\" srcset=\"https:\/\/i0.wp.com\/blogdalucianaoliveira.com.br\/blog\/wp-content\/uploads\/2017\/08\/IMG_2744.jpg?w=432 432w, https:\/\/i0.wp.com\/blogdalucianaoliveira.com.br\/blog\/wp-content\/uploads\/2017\/08\/IMG_2744.jpg?resize=300%2C237 300w, https:\/\/i0.wp.com\/blogdalucianaoliveira.com.br\/blog\/wp-content\/uploads\/2017\/08\/IMG_2744.jpg?resize=380%2C300 380w\" sizes=\"auto, (max-width: 432px) 100vw, 432px\" \/><\/p>\n<p>Temos que esperar o melhor e n\u00e3o encucar com a fama de m\u00eas do desgosto.<\/p>\n<p>Mas&#8230;<\/p>\n<p>Getulio Vargas suicidou em 24\/8\/1954 e a ren\u00fancia de J\u00e2nio foi em 25\/8\/1961. <\/p>\n<p>Juscelino Kubitscheck faleceu no dia 22 de agosto de 1976, v\u00edtima de um desastre automobil\u00edstico. <\/p>\n<p>O que pode ser terr\u00edvel no \u00e2mbito da pol\u00edtica brasileira pra fortalecer a supersti\u00e7\u00e3o desgosto no m\u00eas de agosto?<\/p>\n<p>Isso mesmo, o primeiro presidente denunciado por corrup\u00e7\u00e3o passiva escapar de julgamento e se manter no cargo comprando votos. <\/p>\n<p>Fora Temer! Desgosto eterno.<\/p>\n","protected":false},"excerpt":{"rendered":"<p>Temos que esperar o melhor e n\u00e3o encucar com a fama de m\u00eas do desgosto. Mas&#8230; Getulio Vargas suicidou em 24\/8\/1954 e a ren\u00fancia de J\u00e2nio foi em 25\/8\/1961. Juscelino Kubitscheck faleceu no dia 22 de agosto de 1976, v\u00edtima de um desastre automobil\u00edstico. O que pode ser terr\u00edvel no \u00e2mbito da pol\u00edtica brasileira pra&#8230;<a class=\"more-link\" href=\"http:\/\/blogdalucianaoliveira.com.br\/blog\/2017\/08\/01\/agosto-chegou\/\">Continue a leitura <span class=\"meta-nav\">&raquo;<\/span><\/a><\/p>\n","protected":false},"author":1,"featured_media":0,"comment_status":"closed","ping_status":"open","sticky":false,"template":"","format":"standard","meta":{"_exactmetrics_skip_tracking":false,"_exactmetrics_sitenote_active":false,"_exactmetrics_sitenote_note":"","_exactmetrics_sitenote_category":0,"jetpack_post_was_ever_published":false,"_jetpack_newsletter_access":"","_jetpack_dont_email_post_to_subs":false,"_jetpack_newsletter_tier_id":0,"_jetpack_memberships_contains_paywalled_content":false,"_jetpack_memberships_contains_paid_content":false,"footnotes":"","jetpack_publicize_message":"","jetpack_publicize_feature_enabled":true,"jetpack_social_post_already_shared":true,"jetpack_social_options":{"image_generator_settings":{"template":"highway","enabled":false},"version":2}},"categories":[1],"tags":[],"class_list":["post-12610","post","type-post","status-publish","format-standard","hentry","category-notas"],"jetpack_publicize_connections":[],"jetpack_sharing_enabled":true,"jetpack_featured_media_url":"","jetpack_shortlink":"https:\/\/wp.me\/p7wKYW-3ho","jetpack-related-posts":[],"_links":{"self":[{"href":"http:\/\/blogdalucianaoliveira.com.br\/blog\/wp-json\/wp\/v2\/posts\/12610","targetHints":{"allow":["GET"]}}],"collection":[{"href":"http:\/\/blogdalucianaoliveira.com.br\/blog\/wp-json\/wp\/v2\/posts"}],"about":[{"href":"http:\/\/blogdalucianaoliveira.com.br\/blog\/wp-json\/wp\/v2\/types\/post"}],"author":[{"embeddable":true,"href":"http:\/\/blogdalucianaoliveira.com.br\/blog\/wp-json\/wp\/v2\/users\/1"}],"replies":[{"embeddable":true,"href":"http:\/\/blogdalucianaoliveira.com.br\/blog\/wp-json\/wp\/v2\/comments?post=12610"}],"version-history":[{"count":1,"href":"http:\/\/blogdalucianaoliveira.com.br\/blog\/wp-json\/wp\/v2\/posts\/12610\/revisions"}],"predecessor-version":[{"id":12612,"href":"http:\/\/blogdalucianaoliveira.com.br\/blog\/wp-json\/wp\/v2\/posts\/12610\/revisions\/12612"}],"wp:attachment":[{"href":"http:\/\/blogdalucianaoliveira.com.br\/blog\/wp-json\/wp\/v2\/media?parent=12610"}],"wp:term":[{"taxonomy":"category","embeddable":true,"href":"http:\/\/blogdalucianaoliveira.com.br\/blog\/wp-json\/wp\/v2\/categories?post=12610"},{"taxonomy":"post_tag","embeddable":true,"href":"http:\/\/blogdalucianaoliveira.com.br\/blog\/wp-json\/wp\/v2\/tags?post=12610"}],"curies":[{"name":"wp","href":"https:\/\/api.w.org\/{rel}","templated":true}]}}