{"id":12616,"date":"2017-08-01T11:25:34","date_gmt":"2017-08-01T15:25:34","guid":{"rendered":"http:\/\/blogdalucianaoliveira.com.br\/blog\/?p=12616"},"modified":"2017-08-01T11:25:34","modified_gmt":"2017-08-01T15:25:34","slug":"o-melhor-congresso-que-o-dinheiro-pode-comprar","status":"publish","type":"post","link":"http:\/\/blogdalucianaoliveira.com.br\/blog\/2017\/08\/01\/o-melhor-congresso-que-o-dinheiro-pode-comprar\/","title":{"rendered":"O melhor Congresso que o dinheiro pode comprar"},"content":{"rendered":"<p><img data-recalc-dims=\"1\" loading=\"lazy\" decoding=\"async\" data-attachment-id=\"12617\" data-permalink=\"http:\/\/blogdalucianaoliveira.com.br\/blog\/2017\/08\/01\/o-melhor-congresso-que-o-dinheiro-pode-comprar\/pode-2\/\" data-orig-file=\"https:\/\/i0.wp.com\/blogdalucianaoliveira.com.br\/blog\/wp-content\/uploads\/2017\/08\/pode.jpg?fit=490%2C280\" data-orig-size=\"490,280\" data-comments-opened=\"0\" data-image-meta=\"{&quot;aperture&quot;:&quot;0&quot;,&quot;credit&quot;:&quot;&quot;,&quot;camera&quot;:&quot;&quot;,&quot;caption&quot;:&quot;&quot;,&quot;created_timestamp&quot;:&quot;0&quot;,&quot;copyright&quot;:&quot;&quot;,&quot;focal_length&quot;:&quot;0&quot;,&quot;iso&quot;:&quot;0&quot;,&quot;shutter_speed&quot;:&quot;0&quot;,&quot;title&quot;:&quot;&quot;,&quot;orientation&quot;:&quot;0&quot;}\" data-image-title=\"pode\" data-image-description=\"\" data-image-caption=\"\" data-medium-file=\"https:\/\/i0.wp.com\/blogdalucianaoliveira.com.br\/blog\/wp-content\/uploads\/2017\/08\/pode.jpg?fit=300%2C171\" data-large-file=\"https:\/\/i0.wp.com\/blogdalucianaoliveira.com.br\/blog\/wp-content\/uploads\/2017\/08\/pode.jpg?fit=490%2C280\" src=\"https:\/\/i0.wp.com\/blogdalucianaoliveira.com.br\/blog\/wp-content\/uploads\/2017\/08\/pode.jpg?resize=490%2C280\" alt=\"pode\" width=\"490\" height=\"280\" class=\"alignnone size-full wp-image-12617\" srcset=\"https:\/\/i0.wp.com\/blogdalucianaoliveira.com.br\/blog\/wp-content\/uploads\/2017\/08\/pode.jpg?w=490 490w, https:\/\/i0.wp.com\/blogdalucianaoliveira.com.br\/blog\/wp-content\/uploads\/2017\/08\/pode.jpg?resize=300%2C171 300w\" sizes=\"auto, (max-width: 490px) 100vw, 490px\" \/><\/p>\n<p>No 247, por Emir Sader<\/p>\n<p>J\u00e1 n\u00e3o bastassem as desgra\u00e7as que sofre o pais com a ruptura da democracia, a atua\u00e7\u00e3o conivente do Judici\u00e1rio e o pacote de maldades do governo golpista, h\u00e1 ainda a desgraceira do Congresso eleito pelo Eduardo Cunha, com o dinheiro do grande empresariado. O melhor Congresso que o dinheiro comprar.<!--more--><\/p>\n<p>Al\u00e9m de todas as evidencias no processo do Eduardo Cunha, o grande eleitor desse Parlamento, a Odebrecht confessou que comprou a 140 parlamentares, constituindo-se na maior bancada do Congresso Nacional. Um Congresso dominado pelos lobbies \u2013 dos ruralistas, da bala, da educa\u00e7\u00e3o privada, da sa\u00fade privada, dos bancos -, eleitos pelo poder do dinheiro, sequestrou o pais.<\/p>\n<p>N\u00e3o adianta a enorme rejei\u00e7\u00e3o do pacotes de medidas do governo, n\u00e3o adianta a imensa rejei\u00e7\u00e3o do Temer, n\u00e3o adianta a esmagadora maioria da popula\u00e7\u00e3o ser a favor da sa\u00edda do Temer por corrupto \u2013 o Congresso se rende ao poder do dinheiro do governo e dos interesses que representa. O STF n\u00e3o tem coragem de invalidar as decis\u00f5es do Congresso em base \u00e0s denuncias e provas sobre a forma como ele foi eleito. Deixou que ele tomasse a mais escandalosa das medidas \u2013 o golpe contra a Dilma \u2013 e assiste imp\u00e1vido as barbaridades que ele vota, contra tudo e contra todos.<\/p>\n<p>O Brasil paga caro a incapacidade dos movimentos populares no seu conjunto de impedir que a direita elegesse um Congresso t\u00e3o de direita. Que fosse eleito um Congresso pelo menos tal ruim quanto os anteriores, mas n\u00e3o t\u00e3o ruim como o atual. N\u00e3o ha tradi\u00e7\u00e3o nos movimentos populares brasileiros de eleger representantes seus para o Congresso, deixando que os votos sejam canalizados por outro tipo de candidatos. E como o Congresso n\u00e3o era importante, isso parecia n\u00e3o ter maiores consequ\u00eancias, ate&#8217; que a direita se deu conta de como poderia utiliza-lo e seu o golpe.<\/p>\n<p>Os que pregam que basta o povo na rua para reverter essa situa\u00e7\u00e3o e restabelecer a democracia no Brasil n\u00e3o conseguem explicar porque houve grandes manifesta\u00e7\u00f5es no primeiro semestre deste ano no pais, mas a situa\u00e7\u00e3o n\u00e3o se alterou e as pr\u00f3prias manifesta\u00e7\u00f5es tiveram um refluxo. N\u00e3o se d\u00e3o conta que para que o povo se mobilize n\u00e3o basta a indigna\u00e7\u00e3o \u2013 ponto de partido obrigat\u00f3rio -, mas \u00e9 necess\u00e1rio que tenha esperan\u00e7a de resolu\u00e7\u00e3o dos problemas.<\/p>\n<p>Esse Congresso, comprado sistematicamente pelo governo, se erige como obst\u00e1culo para a solu\u00e7\u00e3o dos problemas em torno dos quais o povo se mobilizou. A culpa n\u00e3o \u00e9 do povo, n\u00e3o tem sentido ficar falando da apatia do povo, do seu desinteresse pelo que passa no pais. O povo est\u00e1 lutando duramente para sobreviver \u00e0 recess\u00e3o, ao desemprego, \u00e0 perda de direitos, \u00e0 inseguran\u00e7a pessoal na vida cotidiana.<\/p>\n<p>Os que achavam que uma greve geral teria um efeito magico de fazer avan\u00e7ar as lutas populares e a queda do governo, se deram conta que a classe trabalhadora n\u00e3o \u00e9 uma maquina pronta para parar tudo, bastando ser convocada para tal. A primeira greve, como grande jornada nacional de lutas, foi vitoriosa, mas n\u00e3o p\u00f4de se repetir, pela ansiedade de convoca-la, sem as condi\u00e7\u00f5es necess\u00e1rias para ela.<\/p>\n<p>A luta pela restaura\u00e7\u00e3o da democracia requer uma luta cotidiana em todos os setores da sociedade, para superar o isolamento que foi relegada a esquerda. Para isso precisar estar munida de propostas, de vias de sua realiza\u00e7\u00e3o, de lideran\u00e7as com credibilidade para conduzir o povo por esse caminho.<\/p>\n<p>Lula assumiu a proposta de que os movimentos sociais se responsabilizem por eleger cotas de parlamentares que possam reverter essa situa\u00e7\u00e3o escandalosa de um Congresso que vota contra os direitos da grande maioria e agora se disp\u00f5e a absolver a Temer, apesar da condena\u00e7\u00e3o da esmagadora maioria da popula\u00e7\u00e3o. Tanto o movimento sindical, quanto os movimentos de mulheres, de negros, de jovens, de LGBT e todos os outros, tem que assumir a responsabilidade de invadir pr\u00f3ximo Congresso com seus representantes, fazendo do Parlamento a cara do povo e n\u00e3o dos delegados do poder do dinheiro.<\/p>\n<p>\u00c9 parte indispens\u00e1vel da via de democratiza\u00e7\u00e3o radical do Estado a constru\u00e7\u00e3o de uma representa\u00e7\u00e3o parlamentar progressista, o que s\u00f3 pode ocorrer se os movimentos populares elegerem representantes seus para o Congresso. Sem o que qualquer tentativa de supera\u00e7\u00e3o do chamado presidencialismo de coaliz\u00e3o ou ainda qualquer possibilidade de convoca\u00e7\u00e3o de uma Assembleia Constituinte esbarra no sequestro da representa\u00e7\u00e3o parlamentar pelos grandes lobbies privados.<\/p>\n","protected":false},"excerpt":{"rendered":"<p>No 247, por Emir Sader J\u00e1 n\u00e3o bastassem as desgra\u00e7as que sofre o pais com a ruptura da democracia, a atua\u00e7\u00e3o conivente do Judici\u00e1rio e o pacote de maldades do governo golpista, h\u00e1 ainda a desgraceira do Congresso eleito pelo Eduardo Cunha, com o dinheiro do grande empresariado. O melhor Congresso que o dinheiro comprar.<\/p>\n","protected":false},"author":1,"featured_media":0,"comment_status":"closed","ping_status":"open","sticky":false,"template":"","format":"standard","meta":{"_exactmetrics_skip_tracking":false,"_exactmetrics_sitenote_active":false,"_exactmetrics_sitenote_note":"","_exactmetrics_sitenote_category":0,"jetpack_post_was_ever_published":false,"_jetpack_newsletter_access":"","_jetpack_dont_email_post_to_subs":false,"_jetpack_newsletter_tier_id":0,"_jetpack_memberships_contains_paywalled_content":false,"_jetpack_memberships_contains_paid_content":false,"footnotes":"","jetpack_publicize_message":"","jetpack_publicize_feature_enabled":true,"jetpack_social_post_already_shared":true,"jetpack_social_options":{"image_generator_settings":{"template":"highway","enabled":false},"version":2}},"categories":[1],"tags":[],"class_list":["post-12616","post","type-post","status-publish","format-standard","hentry","category-notas"],"jetpack_publicize_connections":[],"jetpack_sharing_enabled":true,"jetpack_featured_media_url":"","jetpack_shortlink":"https:\/\/wp.me\/p7wKYW-3hu","jetpack-related-posts":[],"_links":{"self":[{"href":"http:\/\/blogdalucianaoliveira.com.br\/blog\/wp-json\/wp\/v2\/posts\/12616","targetHints":{"allow":["GET"]}}],"collection":[{"href":"http:\/\/blogdalucianaoliveira.com.br\/blog\/wp-json\/wp\/v2\/posts"}],"about":[{"href":"http:\/\/blogdalucianaoliveira.com.br\/blog\/wp-json\/wp\/v2\/types\/post"}],"author":[{"embeddable":true,"href":"http:\/\/blogdalucianaoliveira.com.br\/blog\/wp-json\/wp\/v2\/users\/1"}],"replies":[{"embeddable":true,"href":"http:\/\/blogdalucianaoliveira.com.br\/blog\/wp-json\/wp\/v2\/comments?post=12616"}],"version-history":[{"count":1,"href":"http:\/\/blogdalucianaoliveira.com.br\/blog\/wp-json\/wp\/v2\/posts\/12616\/revisions"}],"predecessor-version":[{"id":12618,"href":"http:\/\/blogdalucianaoliveira.com.br\/blog\/wp-json\/wp\/v2\/posts\/12616\/revisions\/12618"}],"wp:attachment":[{"href":"http:\/\/blogdalucianaoliveira.com.br\/blog\/wp-json\/wp\/v2\/media?parent=12616"}],"wp:term":[{"taxonomy":"category","embeddable":true,"href":"http:\/\/blogdalucianaoliveira.com.br\/blog\/wp-json\/wp\/v2\/categories?post=12616"},{"taxonomy":"post_tag","embeddable":true,"href":"http:\/\/blogdalucianaoliveira.com.br\/blog\/wp-json\/wp\/v2\/tags?post=12616"}],"curies":[{"name":"wp","href":"https:\/\/api.w.org\/{rel}","templated":true}]}}