{"id":12619,"date":"2017-08-01T12:18:56","date_gmt":"2017-08-01T16:18:56","guid":{"rendered":"http:\/\/blogdalucianaoliveira.com.br\/blog\/?p=12619"},"modified":"2017-08-01T13:30:16","modified_gmt":"2017-08-01T17:30:16","slug":"temer-so-administra-seus-problemas-com-a-justica","status":"publish","type":"post","link":"http:\/\/blogdalucianaoliveira.com.br\/blog\/2017\/08\/01\/temer-so-administra-seus-problemas-com-a-justica\/","title":{"rendered":"Temer s\u00f3 governa pra resolver seus problemas com a justi\u00e7a"},"content":{"rendered":"<p><img data-recalc-dims=\"1\" loading=\"lazy\" decoding=\"async\" data-attachment-id=\"12620\" data-permalink=\"http:\/\/blogdalucianaoliveira.com.br\/blog\/2017\/08\/01\/temer-so-administra-seus-problemas-com-a-justica\/img_2746\/\" data-orig-file=\"https:\/\/i0.wp.com\/blogdalucianaoliveira.com.br\/blog\/wp-content\/uploads\/2017\/08\/IMG_2746.jpg?fit=695%2C396\" data-orig-size=\"695,396\" data-comments-opened=\"0\" data-image-meta=\"{&quot;aperture&quot;:&quot;0&quot;,&quot;credit&quot;:&quot;&quot;,&quot;camera&quot;:&quot;&quot;,&quot;caption&quot;:&quot;&quot;,&quot;created_timestamp&quot;:&quot;0&quot;,&quot;copyright&quot;:&quot;&quot;,&quot;focal_length&quot;:&quot;0&quot;,&quot;iso&quot;:&quot;0&quot;,&quot;shutter_speed&quot;:&quot;0&quot;,&quot;title&quot;:&quot;&quot;,&quot;orientation&quot;:&quot;0&quot;}\" data-image-title=\"IMG_2746\" data-image-description=\"\" data-image-caption=\"\" data-medium-file=\"https:\/\/i0.wp.com\/blogdalucianaoliveira.com.br\/blog\/wp-content\/uploads\/2017\/08\/IMG_2746.jpg?fit=300%2C171\" data-large-file=\"https:\/\/i0.wp.com\/blogdalucianaoliveira.com.br\/blog\/wp-content\/uploads\/2017\/08\/IMG_2746.jpg?fit=600%2C342\" src=\"https:\/\/i0.wp.com\/blogdalucianaoliveira.com.br\/blog\/wp-content\/uploads\/2017\/08\/IMG_2746.jpg?resize=600%2C342\" alt=\"IMG_2746\" width=\"600\" height=\"342\" class=\"alignnone size-full wp-image-12620\" srcset=\"https:\/\/i0.wp.com\/blogdalucianaoliveira.com.br\/blog\/wp-content\/uploads\/2017\/08\/IMG_2746.jpg?w=695 695w, https:\/\/i0.wp.com\/blogdalucianaoliveira.com.br\/blog\/wp-content\/uploads\/2017\/08\/IMG_2746.jpg?resize=300%2C171 300w, https:\/\/i0.wp.com\/blogdalucianaoliveira.com.br\/blog\/wp-content\/uploads\/2017\/08\/IMG_2746.jpg?resize=527%2C300 527w\" sizes=\"auto, (max-width: 600px) 100vw, 600px\" \/><\/p>\n<p>Dezenas de almo\u00e7os e jantares com parlamentares pra impedir o prosseguimento da den\u00fancia da Procuradoria Geral da Rep\u00fablica (PGR) por corrup\u00e7\u00e3o.<\/p>\n<p>\u00c9 o consta como prioridade na agenda de Michel Temer. <\/p>\n<p>A bem da verdade, ele interrompe compromissos importantes pro pa\u00eds pra cuidar de impedir que seja processado no Supremo Tribunal Federal. <\/p>\n<p>Temer governa os problemas pessoais com o Brasil em desespero. <\/p>\n<p>O pal\u00e1cio do Jaburu virou trincheira pra conchavos de pol\u00edticos investigados por corrup\u00e7\u00e3o. <\/p>\n<p>Dia e noite, desde o in\u00edcio, aliados do governo golpista se mancomunam em torno dos pr\u00f3prios interesses. Evidentemente, escusos. <\/p>\n<p>S\u00f3 na v\u00e9spera da vota\u00e7\u00e3o na C\u00e2mara sobre o acatamento da den\u00fancia, Temer se reune com 11 deputados. Isso, conforme agenda oficial, porque o presidente ileg\u00edtimo tem o h\u00e1bito de receber na calada da noite, at\u00e9 empres\u00e1rios investigados em esquemas de corrup\u00e7\u00e3o. <\/p>\n<p>Desde que tomou posse tem sido assim, reuni\u00f5es e mais reuni\u00f5es com pessoas suspeitas de maus des\u00edgnios. <\/p>\n<p>Como sacramentou Stanislaw Ponte Preta em seu Febeap\u00e1, \u201cOu restaure-se a moralidade ou locupletemo-nos todos!\u201d<\/p>\n","protected":false},"excerpt":{"rendered":"<p>Dezenas de almo\u00e7os e jantares com parlamentares pra impedir o prosseguimento da den\u00fancia da Procuradoria Geral da Rep\u00fablica (PGR) por corrup\u00e7\u00e3o. \u00c9 o consta como prioridade na agenda de Michel Temer. A bem da verdade, ele interrompe compromissos importantes pro pa\u00eds pra cuidar de impedir que seja processado no Supremo Tribunal Federal. Temer governa os&#8230;<a class=\"more-link\" href=\"http:\/\/blogdalucianaoliveira.com.br\/blog\/2017\/08\/01\/temer-so-administra-seus-problemas-com-a-justica\/\">Continue a leitura <span class=\"meta-nav\">&raquo;<\/span><\/a><\/p>\n","protected":false},"author":1,"featured_media":0,"comment_status":"closed","ping_status":"open","sticky":false,"template":"","format":"standard","meta":{"_exactmetrics_skip_tracking":false,"_exactmetrics_sitenote_active":false,"_exactmetrics_sitenote_note":"","_exactmetrics_sitenote_category":0,"jetpack_post_was_ever_published":false,"_jetpack_newsletter_access":"","_jetpack_dont_email_post_to_subs":false,"_jetpack_newsletter_tier_id":0,"_jetpack_memberships_contains_paywalled_content":false,"_jetpack_memberships_contains_paid_content":false,"footnotes":"","jetpack_publicize_message":"","jetpack_publicize_feature_enabled":true,"jetpack_social_post_already_shared":true,"jetpack_social_options":{"image_generator_settings":{"template":"highway","enabled":false},"version":2}},"categories":[1],"tags":[],"class_list":["post-12619","post","type-post","status-publish","format-standard","hentry","category-notas"],"jetpack_publicize_connections":[],"jetpack_sharing_enabled":true,"jetpack_featured_media_url":"","jetpack_shortlink":"https:\/\/wp.me\/p7wKYW-3hx","jetpack-related-posts":[],"_links":{"self":[{"href":"http:\/\/blogdalucianaoliveira.com.br\/blog\/wp-json\/wp\/v2\/posts\/12619","targetHints":{"allow":["GET"]}}],"collection":[{"href":"http:\/\/blogdalucianaoliveira.com.br\/blog\/wp-json\/wp\/v2\/posts"}],"about":[{"href":"http:\/\/blogdalucianaoliveira.com.br\/blog\/wp-json\/wp\/v2\/types\/post"}],"author":[{"embeddable":true,"href":"http:\/\/blogdalucianaoliveira.com.br\/blog\/wp-json\/wp\/v2\/users\/1"}],"replies":[{"embeddable":true,"href":"http:\/\/blogdalucianaoliveira.com.br\/blog\/wp-json\/wp\/v2\/comments?post=12619"}],"version-history":[{"count":10,"href":"http:\/\/blogdalucianaoliveira.com.br\/blog\/wp-json\/wp\/v2\/posts\/12619\/revisions"}],"predecessor-version":[{"id":12630,"href":"http:\/\/blogdalucianaoliveira.com.br\/blog\/wp-json\/wp\/v2\/posts\/12619\/revisions\/12630"}],"wp:attachment":[{"href":"http:\/\/blogdalucianaoliveira.com.br\/blog\/wp-json\/wp\/v2\/media?parent=12619"}],"wp:term":[{"taxonomy":"category","embeddable":true,"href":"http:\/\/blogdalucianaoliveira.com.br\/blog\/wp-json\/wp\/v2\/categories?post=12619"},{"taxonomy":"post_tag","embeddable":true,"href":"http:\/\/blogdalucianaoliveira.com.br\/blog\/wp-json\/wp\/v2\/tags?post=12619"}],"curies":[{"name":"wp","href":"https:\/\/api.w.org\/{rel}","templated":true}]}}