{"id":12637,"date":"2017-08-01T15:54:16","date_gmt":"2017-08-01T19:54:16","guid":{"rendered":"http:\/\/blogdalucianaoliveira.com.br\/blog\/?p=12637"},"modified":"2017-08-01T15:54:16","modified_gmt":"2017-08-01T19:54:16","slug":"moro-lava-jato-nao-achou-propina-mas-lula-deve-pagar-mesmo-assim","status":"publish","type":"post","link":"http:\/\/blogdalucianaoliveira.com.br\/blog\/2017\/08\/01\/moro-lava-jato-nao-achou-propina-mas-lula-deve-pagar-mesmo-assim\/","title":{"rendered":"MORO: LAVA JATO N\u00c3O ACHOU PROPINA, MAS LULA DEVE PAGAR MESMO ASSIM"},"content":{"rendered":"<p><img data-recalc-dims=\"1\" loading=\"lazy\" decoding=\"async\" data-attachment-id=\"12638\" data-permalink=\"http:\/\/blogdalucianaoliveira.com.br\/blog\/2017\/08\/01\/moro-lava-jato-nao-achou-propina-mas-lula-deve-pagar-mesmo-assim\/propo\/\" data-orig-file=\"https:\/\/i0.wp.com\/blogdalucianaoliveira.com.br\/blog\/wp-content\/uploads\/2017\/08\/propo.jpg?fit=1000%2C357\" data-orig-size=\"1000,357\" data-comments-opened=\"0\" data-image-meta=\"{&quot;aperture&quot;:&quot;0&quot;,&quot;credit&quot;:&quot;&quot;,&quot;camera&quot;:&quot;&quot;,&quot;caption&quot;:&quot;&quot;,&quot;created_timestamp&quot;:&quot;0&quot;,&quot;copyright&quot;:&quot;&quot;,&quot;focal_length&quot;:&quot;0&quot;,&quot;iso&quot;:&quot;0&quot;,&quot;shutter_speed&quot;:&quot;0&quot;,&quot;title&quot;:&quot;&quot;,&quot;orientation&quot;:&quot;0&quot;}\" data-image-title=\"propo\" data-image-description=\"\" data-image-caption=\"\" data-medium-file=\"https:\/\/i0.wp.com\/blogdalucianaoliveira.com.br\/blog\/wp-content\/uploads\/2017\/08\/propo.jpg?fit=300%2C107\" data-large-file=\"https:\/\/i0.wp.com\/blogdalucianaoliveira.com.br\/blog\/wp-content\/uploads\/2017\/08\/propo.jpg?fit=600%2C214\" src=\"https:\/\/i0.wp.com\/blogdalucianaoliveira.com.br\/blog\/wp-content\/uploads\/2017\/08\/propo.jpg?resize=600%2C214\" alt=\"propo\" width=\"600\" height=\"214\" class=\"alignnone size-full wp-image-12638\" srcset=\"https:\/\/i0.wp.com\/blogdalucianaoliveira.com.br\/blog\/wp-content\/uploads\/2017\/08\/propo.jpg?w=1000 1000w, https:\/\/i0.wp.com\/blogdalucianaoliveira.com.br\/blog\/wp-content\/uploads\/2017\/08\/propo.jpg?resize=300%2C107 300w, https:\/\/i0.wp.com\/blogdalucianaoliveira.com.br\/blog\/wp-content\/uploads\/2017\/08\/propo.jpg?resize=768%2C274 768w, https:\/\/i0.wp.com\/blogdalucianaoliveira.com.br\/blog\/wp-content\/uploads\/2017\/08\/propo.jpg?resize=800%2C286 800w\" sizes=\"auto, (max-width: 600px) 100vw, 600px\" \/><\/p>\n<p>Jornal GGN &#8211; Em novo despacho ao Tribunal Regional Federal, defendendo o bloqueio nas contas de Lula, o juiz Sergio Moro reconheceu que a Lava Jato n\u00e3o foi capaz de &#8220;identificar&#8221; o destino da propina que a OAS afirma ter pago ao PT, mas o valor que foi usado para condenar o ex-presidente no caso triplex deve ser cobrado do petista mesmo assim.<!--more--><\/p>\n<p>A for\u00e7a-tarefa do Minist\u00e9rio P\u00fablico Federal acusou Lula de receber propina a partir de 3 contratos da OAS com a Petrobras, que teriam somado R$ 87 milh\u00f5es em vantagens indevidas. Por\u00e9m, Moro decidiu mudar a acusa\u00e7\u00e3o e sentenciou Lula com base em uma dela\u00e7\u00e3o premiada que diz que a propina ao PT, nesse caso, foi especificamente de R$ 16 milh\u00f5es.<\/p>\n<p>&#8220;Esclare\u00e7a-se que submetem-se ao sequestro e confisco n\u00e3o s\u00f3 o produto identificado dos crimes, o aludido apartamento do Guaruj\u00e1, mas tamb\u00e9m bens de valor equivalente ao total da propina paga, de cerca de dezesseis milh\u00f5es, j\u00e1 que n\u00e3o foi poss\u00edvel identificar o seu destino espec\u00edfico, eventualmente consumida para financiamento a elei\u00e7\u00f5es, conforme previs\u00e3o expressa do do art. 91, \u00a71\u00ba e \u00a72\u00ba, do CP&#8221;, disse Moro no despacho proferido nesta segunda (31).<\/p>\n<p>&#8220;A constri\u00e7\u00e3o foi ordenada para garantir o ressarcimento dos danos provenientes do crime, tendo o MPF legitimidade concorrente ao da entidade p\u00fablica especificamente lesada&#8221;, acrescentou.<\/p>\n<p>Al\u00e9m de transferir para uma conta judicial R$ 660 mil de Lula, Moro conseguiu congelar cerca de R$ 9 milh\u00f5es em previd\u00eancia.<\/p>\n<p>&#8220;Comunicado pela Brasilprev Seguros e Previd\u00eancia o bloqueio de R$ 7.190.963,75, em plano de previd\u00eancia empresarial, e de R$ 1.848.331,34, em plano de previd\u00eancia individual. Foi comunicado \u00e0 Brasilprev que os valores devem permanecer bloqueados junto \u00e0 pr\u00f3pria empresa de previd\u00eancia privada, sem movimenta\u00e7\u00e3o ou resgate, at\u00e9 nova determina\u00e7\u00e3o judicial, o que s\u00f3 ser\u00e1 feito ap\u00f3s o tr\u00e2nsito em julgado.&#8221;<\/p>\n<p>O juiz ainda afirmou ao TRF-4 que a defesa de Lula ainda n\u00e3o pediu o desbloqueio de &#8220;verbas alimentares&#8221;, mas sinalizou que &#8220;pode-se proceder \u00e0 libera\u00e7\u00e3o delas mediante requerimento da parte.&#8221;<\/p>\n<p>Moro ainda disse que &#8220;constam declarados rendimentos provenientes de aposentadoria e ainda lucros e dividendos expressivos recebidos de pessoas jur\u00eddicas, verbas estas, em princ\u00edpio, n\u00e3o afetadas pela ordem judicial&#8221; e que, por causa disse, n\u00e3o assiste \u00e0 defesa raz\u00e3o no argumento de que o congelamento dos bens de Lula prejudica sua subsist\u00eancia.<\/p>\n<p>&#8220;De todo modo, informa-se que a pretens\u00e3o de libera\u00e7\u00e3o dos valores sob esse fundamento, da necessidade para subsist\u00eancia, n\u00e3o foi apresentada a este Ju\u00edzo&#8221;, acrescentou.<\/p>\n<p>Ao final, o juiz ainda disse que s\u00f3 est\u00e1 cobrando de Lula os desvios que julgou terem acontecido no caso triplex porque os r\u00e9us da OAS j\u00e1 sofreram bloqueios e sequestros em outras a\u00e7\u00f5es penais.<\/p>\n<p>&#8220;Quanto \u00e0 reclama\u00e7\u00e3o da Defesa de que outros condenados n\u00e3o sofreram as mesmas medidas, releva destacar que Jos\u00e9 Adelm\u00e1rio Pinheiro Filho e Agenor Franklin Magalh\u00e3es Medeiros, condenados na mesma a\u00e7\u00e3o penal, j\u00e1 tinham tido o seu patrim\u00f4nio submetido \u00e0 constri\u00e7\u00e3o em decorr\u00eancia de a\u00e7\u00f5es penais e medidas cautelares pret\u00e9ritas (processos 5018487-08.2015.4.04.7000 e 5020769-19.2015.4.04.7000), sendo, portanto, desnecess\u00e1rias novas. Ali\u00e1s, rigorosamente, \u00e9 praxe do MPF promover medidas assecurat\u00f3rias envolvendo casos graves de corrup\u00e7\u00e3o e lavagem de dinheiro.&#8221;<\/p>\n<p>O assunto dever\u00e1 ser analisado pelo desembargador Jo\u00e3o Pedro Gebran Neto, no TRF-4.<\/p>\n","protected":false},"excerpt":{"rendered":"<p>Jornal GGN &#8211; Em novo despacho ao Tribunal Regional Federal, defendendo o bloqueio nas contas de Lula, o juiz Sergio Moro reconheceu que a Lava Jato n\u00e3o foi capaz de &#8220;identificar&#8221; o destino da propina que a OAS afirma ter pago ao PT, mas o valor que foi usado para condenar o ex-presidente no caso&#8230;<a class=\"more-link\" href=\"http:\/\/blogdalucianaoliveira.com.br\/blog\/2017\/08\/01\/moro-lava-jato-nao-achou-propina-mas-lula-deve-pagar-mesmo-assim\/\">Continue a leitura <span class=\"meta-nav\">&raquo;<\/span><\/a><\/p>\n","protected":false},"author":1,"featured_media":0,"comment_status":"closed","ping_status":"open","sticky":false,"template":"","format":"standard","meta":{"_exactmetrics_skip_tracking":false,"_exactmetrics_sitenote_active":false,"_exactmetrics_sitenote_note":"","_exactmetrics_sitenote_category":0,"jetpack_post_was_ever_published":false,"_jetpack_newsletter_access":"","_jetpack_dont_email_post_to_subs":false,"_jetpack_newsletter_tier_id":0,"_jetpack_memberships_contains_paywalled_content":false,"_jetpack_memberships_contains_paid_content":false,"footnotes":"","jetpack_publicize_message":"","jetpack_publicize_feature_enabled":true,"jetpack_social_post_already_shared":true,"jetpack_social_options":{"image_generator_settings":{"template":"highway","enabled":false},"version":2}},"categories":[1],"tags":[78,115,283],"class_list":["post-12637","post","type-post","status-publish","format-standard","hentry","category-notas","tag-lula","tag-moro","tag-triplex"],"jetpack_publicize_connections":[],"jetpack_sharing_enabled":true,"jetpack_featured_media_url":"","jetpack_shortlink":"https:\/\/wp.me\/p7wKYW-3hP","jetpack-related-posts":[],"_links":{"self":[{"href":"http:\/\/blogdalucianaoliveira.com.br\/blog\/wp-json\/wp\/v2\/posts\/12637","targetHints":{"allow":["GET"]}}],"collection":[{"href":"http:\/\/blogdalucianaoliveira.com.br\/blog\/wp-json\/wp\/v2\/posts"}],"about":[{"href":"http:\/\/blogdalucianaoliveira.com.br\/blog\/wp-json\/wp\/v2\/types\/post"}],"author":[{"embeddable":true,"href":"http:\/\/blogdalucianaoliveira.com.br\/blog\/wp-json\/wp\/v2\/users\/1"}],"replies":[{"embeddable":true,"href":"http:\/\/blogdalucianaoliveira.com.br\/blog\/wp-json\/wp\/v2\/comments?post=12637"}],"version-history":[{"count":1,"href":"http:\/\/blogdalucianaoliveira.com.br\/blog\/wp-json\/wp\/v2\/posts\/12637\/revisions"}],"predecessor-version":[{"id":12639,"href":"http:\/\/blogdalucianaoliveira.com.br\/blog\/wp-json\/wp\/v2\/posts\/12637\/revisions\/12639"}],"wp:attachment":[{"href":"http:\/\/blogdalucianaoliveira.com.br\/blog\/wp-json\/wp\/v2\/media?parent=12637"}],"wp:term":[{"taxonomy":"category","embeddable":true,"href":"http:\/\/blogdalucianaoliveira.com.br\/blog\/wp-json\/wp\/v2\/categories?post=12637"},{"taxonomy":"post_tag","embeddable":true,"href":"http:\/\/blogdalucianaoliveira.com.br\/blog\/wp-json\/wp\/v2\/tags?post=12637"}],"curies":[{"name":"wp","href":"https:\/\/api.w.org\/{rel}","templated":true}]}}