{"id":12643,"date":"2017-08-01T21:56:52","date_gmt":"2017-08-02T01:56:52","guid":{"rendered":"http:\/\/blogdalucianaoliveira.com.br\/blog\/?p=12643"},"modified":"2017-08-01T22:25:58","modified_gmt":"2017-08-02T02:25:58","slug":"os-cumplices-de-temer-serao-desmascarados","status":"publish","type":"post","link":"http:\/\/blogdalucianaoliveira.com.br\/blog\/2017\/08\/01\/os-cumplices-de-temer-serao-desmascarados\/","title":{"rendered":"Chegou a hora de desmistificar falsos moralistas"},"content":{"rendered":"<p><img data-recalc-dims=\"1\" loading=\"lazy\" decoding=\"async\" data-attachment-id=\"12644\" data-permalink=\"http:\/\/blogdalucianaoliveira.com.br\/blog\/2017\/08\/01\/os-cumplices-de-temer-serao-desmascarados\/img_2763\/\" data-orig-file=\"https:\/\/i0.wp.com\/blogdalucianaoliveira.com.br\/blog\/wp-content\/uploads\/2017\/08\/IMG_2763.jpg?fit=774%2C774\" data-orig-size=\"774,774\" data-comments-opened=\"0\" data-image-meta=\"{&quot;aperture&quot;:&quot;0&quot;,&quot;credit&quot;:&quot;&quot;,&quot;camera&quot;:&quot;&quot;,&quot;caption&quot;:&quot;&quot;,&quot;created_timestamp&quot;:&quot;0&quot;,&quot;copyright&quot;:&quot;&quot;,&quot;focal_length&quot;:&quot;0&quot;,&quot;iso&quot;:&quot;0&quot;,&quot;shutter_speed&quot;:&quot;0&quot;,&quot;title&quot;:&quot;&quot;,&quot;orientation&quot;:&quot;1&quot;}\" data-image-title=\"IMG_2763\" data-image-description=\"\" data-image-caption=\"\" data-medium-file=\"https:\/\/i0.wp.com\/blogdalucianaoliveira.com.br\/blog\/wp-content\/uploads\/2017\/08\/IMG_2763.jpg?fit=300%2C300\" data-large-file=\"https:\/\/i0.wp.com\/blogdalucianaoliveira.com.br\/blog\/wp-content\/uploads\/2017\/08\/IMG_2763.jpg?fit=600%2C600\" src=\"https:\/\/i0.wp.com\/blogdalucianaoliveira.com.br\/blog\/wp-content\/uploads\/2017\/08\/IMG_2763.jpg?resize=600%2C600\" alt=\"IMG_2763\" width=\"600\" height=\"600\" class=\"alignnone size-full wp-image-12644\" srcset=\"https:\/\/i0.wp.com\/blogdalucianaoliveira.com.br\/blog\/wp-content\/uploads\/2017\/08\/IMG_2763.jpg?w=774 774w, https:\/\/i0.wp.com\/blogdalucianaoliveira.com.br\/blog\/wp-content\/uploads\/2017\/08\/IMG_2763.jpg?resize=150%2C150 150w, https:\/\/i0.wp.com\/blogdalucianaoliveira.com.br\/blog\/wp-content\/uploads\/2017\/08\/IMG_2763.jpg?resize=300%2C300 300w, https:\/\/i0.wp.com\/blogdalucianaoliveira.com.br\/blog\/wp-content\/uploads\/2017\/08\/IMG_2763.jpg?resize=768%2C768 768w\" sizes=\"auto, (max-width: 600px) 100vw, 600px\" \/><\/p>\n<p>Para expor os &#8216;aliados&#8217; de Michel Temer contra o prosseguimento da den\u00fancia por corrup\u00e7\u00e3o, a Rede Globo ir\u00e1 transmitir ao vivo a vota\u00e7\u00e3o na C\u00e2mara dos Deputados. \u00c9&#8230; A Globo constr\u00f3i e destr\u00f3i. Tudo, depende&#8230;<\/p>\n<p>&#8220;A transmiss\u00e3o ocorrer\u00e1 mesmo que a exibi\u00e7\u00e3o de jornais, novelas ou jogo de futebol sejam interrompidos&#8221;, confirmou a assessoria de imprensa da emissora.<\/p>\n<p>Ser\u00e1 a primeira vez que deputados decidir\u00e3o se o presidente deve ser processado no Supremo Tribunal Federal por crime de corrup\u00e7\u00e3o. <\/p>\n<p>O voto dos deputados ser\u00e1 determinante \u00e0s elei\u00e7\u00f5es de 2018. <\/p>\n<p>As vozes das ruas alertam: quem votar a favor de Temer, n\u00e3o volta. <\/p>\n<p>Na vota\u00e7\u00e3o que autorizou a abertura do processo de impeachment da presidenta eleita Dilma Rousseff, s\u00f3 7 deputados n\u00e3o disseram nem sim, nem n\u00e3o. S\u00f3 dois arrumaram desculpas para faltar.<\/p>\n<p>Mas, como bem disse Appar\u00edcio Torelly, o Bar\u00e3o de Itarar\u00e9, &#8220;De onde menos se espera, da\u00ed \u00e9 que n\u00e3o sai nada.&#8221;<\/p>\n<p><img data-recalc-dims=\"1\" loading=\"lazy\" decoding=\"async\" data-attachment-id=\"12650\" data-permalink=\"http:\/\/blogdalucianaoliveira.com.br\/blog\/2017\/08\/01\/os-cumplices-de-temer-serao-desmascarados\/quo\/\" data-orig-file=\"https:\/\/i0.wp.com\/blogdalucianaoliveira.com.br\/blog\/wp-content\/uploads\/2017\/08\/QUO.jpg?fit=645%2C120\" data-orig-size=\"645,120\" data-comments-opened=\"0\" data-image-meta=\"{&quot;aperture&quot;:&quot;0&quot;,&quot;credit&quot;:&quot;&quot;,&quot;camera&quot;:&quot;&quot;,&quot;caption&quot;:&quot;&quot;,&quot;created_timestamp&quot;:&quot;0&quot;,&quot;copyright&quot;:&quot;&quot;,&quot;focal_length&quot;:&quot;0&quot;,&quot;iso&quot;:&quot;0&quot;,&quot;shutter_speed&quot;:&quot;0&quot;,&quot;title&quot;:&quot;&quot;,&quot;orientation&quot;:&quot;0&quot;}\" data-image-title=\"QUO\" data-image-description=\"\" data-image-caption=\"\" data-medium-file=\"https:\/\/i0.wp.com\/blogdalucianaoliveira.com.br\/blog\/wp-content\/uploads\/2017\/08\/QUO.jpg?fit=300%2C56\" data-large-file=\"https:\/\/i0.wp.com\/blogdalucianaoliveira.com.br\/blog\/wp-content\/uploads\/2017\/08\/QUO.jpg?fit=600%2C112\" src=\"https:\/\/i0.wp.com\/blogdalucianaoliveira.com.br\/blog\/wp-content\/uploads\/2017\/08\/QUO.jpg?resize=600%2C112\" alt=\"QUO\" width=\"600\" height=\"112\" class=\"alignnone size-full wp-image-12650\" srcset=\"https:\/\/i0.wp.com\/blogdalucianaoliveira.com.br\/blog\/wp-content\/uploads\/2017\/08\/QUO.jpg?w=645 645w, https:\/\/i0.wp.com\/blogdalucianaoliveira.com.br\/blog\/wp-content\/uploads\/2017\/08\/QUO.jpg?resize=300%2C56 300w\" sizes=\"auto, (max-width: 600px) 100vw, 600px\" \/><\/p>\n","protected":false},"excerpt":{"rendered":"<p>Para expor os &#8216;aliados&#8217; de Michel Temer contra o prosseguimento da den\u00fancia por corrup\u00e7\u00e3o, a Rede Globo ir\u00e1 transmitir ao vivo a vota\u00e7\u00e3o na C\u00e2mara dos Deputados. \u00c9&#8230; A Globo constr\u00f3i e destr\u00f3i. Tudo, depende&#8230; &#8220;A transmiss\u00e3o ocorrer\u00e1 mesmo que a exibi\u00e7\u00e3o de jornais, novelas ou jogo de futebol sejam interrompidos&#8221;, confirmou a assessoria de&#8230;<a class=\"more-link\" href=\"http:\/\/blogdalucianaoliveira.com.br\/blog\/2017\/08\/01\/os-cumplices-de-temer-serao-desmascarados\/\">Continue a leitura <span class=\"meta-nav\">&raquo;<\/span><\/a><\/p>\n","protected":false},"author":1,"featured_media":0,"comment_status":"closed","ping_status":"open","sticky":false,"template":"","format":"standard","meta":{"_exactmetrics_skip_tracking":false,"_exactmetrics_sitenote_active":false,"_exactmetrics_sitenote_note":"","_exactmetrics_sitenote_category":0,"jetpack_post_was_ever_published":false,"_jetpack_newsletter_access":"","_jetpack_dont_email_post_to_subs":false,"_jetpack_newsletter_tier_id":0,"_jetpack_memberships_contains_paywalled_content":false,"_jetpack_memberships_contains_paid_content":false,"footnotes":"","jetpack_publicize_message":"","jetpack_publicize_feature_enabled":true,"jetpack_social_post_already_shared":true,"jetpack_social_options":{"image_generator_settings":{"template":"highway","enabled":false},"version":2}},"categories":[1],"tags":[],"class_list":["post-12643","post","type-post","status-publish","format-standard","hentry","category-notas"],"jetpack_publicize_connections":[],"jetpack_sharing_enabled":true,"jetpack_featured_media_url":"","jetpack_shortlink":"https:\/\/wp.me\/p7wKYW-3hV","jetpack-related-posts":[],"_links":{"self":[{"href":"http:\/\/blogdalucianaoliveira.com.br\/blog\/wp-json\/wp\/v2\/posts\/12643","targetHints":{"allow":["GET"]}}],"collection":[{"href":"http:\/\/blogdalucianaoliveira.com.br\/blog\/wp-json\/wp\/v2\/posts"}],"about":[{"href":"http:\/\/blogdalucianaoliveira.com.br\/blog\/wp-json\/wp\/v2\/types\/post"}],"author":[{"embeddable":true,"href":"http:\/\/blogdalucianaoliveira.com.br\/blog\/wp-json\/wp\/v2\/users\/1"}],"replies":[{"embeddable":true,"href":"http:\/\/blogdalucianaoliveira.com.br\/blog\/wp-json\/wp\/v2\/comments?post=12643"}],"version-history":[{"count":8,"href":"http:\/\/blogdalucianaoliveira.com.br\/blog\/wp-json\/wp\/v2\/posts\/12643\/revisions"}],"predecessor-version":[{"id":12654,"href":"http:\/\/blogdalucianaoliveira.com.br\/blog\/wp-json\/wp\/v2\/posts\/12643\/revisions\/12654"}],"wp:attachment":[{"href":"http:\/\/blogdalucianaoliveira.com.br\/blog\/wp-json\/wp\/v2\/media?parent=12643"}],"wp:term":[{"taxonomy":"category","embeddable":true,"href":"http:\/\/blogdalucianaoliveira.com.br\/blog\/wp-json\/wp\/v2\/categories?post=12643"},{"taxonomy":"post_tag","embeddable":true,"href":"http:\/\/blogdalucianaoliveira.com.br\/blog\/wp-json\/wp\/v2\/tags?post=12643"}],"curies":[{"name":"wp","href":"https:\/\/api.w.org\/{rel}","templated":true}]}}