{"id":12655,"date":"2017-08-01T22:34:24","date_gmt":"2017-08-02T02:34:24","guid":{"rendered":"http:\/\/blogdalucianaoliveira.com.br\/blog\/?p=12655"},"modified":"2017-08-01T22:34:24","modified_gmt":"2017-08-02T02:34:24","slug":"247-deputados-pro-temer-ficam-marcados-como-cumplices-do-crime","status":"publish","type":"post","link":"http:\/\/blogdalucianaoliveira.com.br\/blog\/2017\/08\/01\/247-deputados-pro-temer-ficam-marcados-como-cumplices-do-crime\/","title":{"rendered":"247: DEPUTADOS PR\u00d3-TEMER FICAM MARCADOS COMO C\u00daMPLICES DO CRIME"},"content":{"rendered":"<p><img data-recalc-dims=\"1\" loading=\"lazy\" decoding=\"async\" data-attachment-id=\"12656\" data-permalink=\"http:\/\/blogdalucianaoliveira.com.br\/blog\/2017\/08\/01\/247-deputados-pro-temer-ficam-marcados-como-cumplices-do-crime\/proje\/\" data-orig-file=\"https:\/\/i0.wp.com\/blogdalucianaoliveira.com.br\/blog\/wp-content\/uploads\/2017\/08\/proje.jpg?fit=720%2C720\" data-orig-size=\"720,720\" data-comments-opened=\"0\" data-image-meta=\"{&quot;aperture&quot;:&quot;0&quot;,&quot;credit&quot;:&quot;&quot;,&quot;camera&quot;:&quot;&quot;,&quot;caption&quot;:&quot;&quot;,&quot;created_timestamp&quot;:&quot;0&quot;,&quot;copyright&quot;:&quot;&quot;,&quot;focal_length&quot;:&quot;0&quot;,&quot;iso&quot;:&quot;0&quot;,&quot;shutter_speed&quot;:&quot;0&quot;,&quot;title&quot;:&quot;&quot;,&quot;orientation&quot;:&quot;0&quot;}\" data-image-title=\"proje\" data-image-description=\"\" data-image-caption=\"\" data-medium-file=\"https:\/\/i0.wp.com\/blogdalucianaoliveira.com.br\/blog\/wp-content\/uploads\/2017\/08\/proje.jpg?fit=300%2C300\" data-large-file=\"https:\/\/i0.wp.com\/blogdalucianaoliveira.com.br\/blog\/wp-content\/uploads\/2017\/08\/proje.jpg?fit=600%2C600\" src=\"https:\/\/i0.wp.com\/blogdalucianaoliveira.com.br\/blog\/wp-content\/uploads\/2017\/08\/proje.jpg?resize=600%2C600\" alt=\"proje\" width=\"600\" height=\"600\" class=\"alignnone size-full wp-image-12656\" srcset=\"https:\/\/i0.wp.com\/blogdalucianaoliveira.com.br\/blog\/wp-content\/uploads\/2017\/08\/proje.jpg?w=720 720w, https:\/\/i0.wp.com\/blogdalucianaoliveira.com.br\/blog\/wp-content\/uploads\/2017\/08\/proje.jpg?resize=150%2C150 150w, https:\/\/i0.wp.com\/blogdalucianaoliveira.com.br\/blog\/wp-content\/uploads\/2017\/08\/proje.jpg?resize=300%2C300 300w\" sizes=\"auto, (max-width: 600px) 100vw, 600px\" \/><\/p>\n<p>Da comunica\u00e7\u00e3o do Avaaz \u2013 Na noite desta ter\u00e7a-feira as paredes externas do Congresso eleitoral exibiram uma mensagem da popula\u00e7\u00e3o: chega de corruptos que saem impunes. A proje\u00e7\u00e3o cinematogr\u00e1fica foi feita pelo movimento c\u00edvico Avaaz e pressiona os deputados para aceitarem a den\u00fancia que torna o presidente Michel Temer re\u0301u por crime de corrup\u00e7a\u0303o no Supremo Tribunal Federal (STF).<!--more--><\/p>\n<p>O Congresso deve votar se acata ou n\u00e3o a den\u00fancia do procurador-geral da Rep\u00fablica, Rodrigo Janot, nesta quarta-feira.<\/p>\n<p>Diego Casaes, coordenador de campanhas da Avaaz afirma:<\/p>\n<p>\u201cOs eleitores j\u00e1 se decidiram: votar a favor de Temer agora \u00e9 suic\u00eddio pol\u00edtico. Uma pesquisa feita pelo Ibope sob encomenda da Avaaz nesta semana revelou que 81% dos eleitores querem que seus deputados descubram a verdade sobre Temer e protejam o Brasil dessa corrup\u00e7\u00e3o que est\u00e1 drenando os cofres p\u00fablicos. Se eles nos ignorarem, ser\u00e3o rejeitados nas pr\u00f3ximas elei\u00e7\u00f5es. Os brasileiros v\u00e3o se lembrar disso em 2018.\u201d<\/p>\n<p>A proje\u00e7\u00e3o no Congresso \u00e9 parte de uma s\u00e9rie de a\u00e7\u00f5es organizadas pela Avaaz nesta semana para fazer com que os deputados ou\u00e7am a vontade de seu eleitorado em um momento em que Temer distribui favores pol\u00edticos em troca de votos. Entre elas est\u00e1 a pesquisa encomendada ao Ibope, na qual 8 em cada 10 entrevistados concordou com a afirma\u00e7\u00e3o: \u201cAcho que a denu\u0301ncia e\u0301 correta e o deputado que votar contra a abertura do processo e\u0301 cu\u0301mplice da corrupc\u0327a\u0303o\u201d.<\/p>\n<p>Nesta ter\u00e7a de manh\u00e3, pessoas com m\u00e1scaras de falsos Temer e placas de &#8220;Compro Voto&#8221; distribu\u00edram emendas or\u00e7ament\u00e1rias e dinheiro a deputados que voltavam do recesso parlamentar logo no port\u00e3o de desembarque do aeroporto.<\/p>\n<p><img data-recalc-dims=\"1\" loading=\"lazy\" decoding=\"async\" data-attachment-id=\"12657\" data-permalink=\"http:\/\/blogdalucianaoliveira.com.br\/blog\/2017\/08\/01\/247-deputados-pro-temer-ficam-marcados-como-cumplices-do-crime\/compro\/\" data-orig-file=\"https:\/\/i0.wp.com\/blogdalucianaoliveira.com.br\/blog\/wp-content\/uploads\/2017\/08\/compro.jpg?fit=1280%2C811\" data-orig-size=\"1280,811\" data-comments-opened=\"0\" data-image-meta=\"{&quot;aperture&quot;:&quot;0&quot;,&quot;credit&quot;:&quot;&quot;,&quot;camera&quot;:&quot;&quot;,&quot;caption&quot;:&quot;&quot;,&quot;created_timestamp&quot;:&quot;0&quot;,&quot;copyright&quot;:&quot;&quot;,&quot;focal_length&quot;:&quot;0&quot;,&quot;iso&quot;:&quot;0&quot;,&quot;shutter_speed&quot;:&quot;0&quot;,&quot;title&quot;:&quot;&quot;,&quot;orientation&quot;:&quot;0&quot;}\" data-image-title=\"compro\" data-image-description=\"\" data-image-caption=\"\" data-medium-file=\"https:\/\/i0.wp.com\/blogdalucianaoliveira.com.br\/blog\/wp-content\/uploads\/2017\/08\/compro.jpg?fit=300%2C190\" data-large-file=\"https:\/\/i0.wp.com\/blogdalucianaoliveira.com.br\/blog\/wp-content\/uploads\/2017\/08\/compro.jpg?fit=600%2C380\" src=\"https:\/\/i0.wp.com\/blogdalucianaoliveira.com.br\/blog\/wp-content\/uploads\/2017\/08\/compro.jpg?resize=600%2C380\" alt=\"compro\" width=\"600\" height=\"380\" class=\"alignnone size-full wp-image-12657\" srcset=\"https:\/\/i0.wp.com\/blogdalucianaoliveira.com.br\/blog\/wp-content\/uploads\/2017\/08\/compro.jpg?w=1280 1280w, https:\/\/i0.wp.com\/blogdalucianaoliveira.com.br\/blog\/wp-content\/uploads\/2017\/08\/compro.jpg?resize=300%2C190 300w, https:\/\/i0.wp.com\/blogdalucianaoliveira.com.br\/blog\/wp-content\/uploads\/2017\/08\/compro.jpg?resize=768%2C487 768w, https:\/\/i0.wp.com\/blogdalucianaoliveira.com.br\/blog\/wp-content\/uploads\/2017\/08\/compro.jpg?resize=1024%2C649 1024w, https:\/\/i0.wp.com\/blogdalucianaoliveira.com.br\/blog\/wp-content\/uploads\/2017\/08\/compro.jpg?resize=473%2C300 473w, https:\/\/i0.wp.com\/blogdalucianaoliveira.com.br\/blog\/wp-content\/uploads\/2017\/08\/compro.jpg?w=1200 1200w\" sizes=\"auto, (max-width: 600px) 100vw, 600px\" \/><\/p>\n","protected":false},"excerpt":{"rendered":"<p>Da comunica\u00e7\u00e3o do Avaaz \u2013 Na noite desta ter\u00e7a-feira as paredes externas do Congresso eleitoral exibiram uma mensagem da popula\u00e7\u00e3o: chega de corruptos que saem impunes. A proje\u00e7\u00e3o cinematogr\u00e1fica foi feita pelo movimento c\u00edvico Avaaz e pressiona os deputados para aceitarem a den\u00fancia que torna o presidente Michel Temer re\u0301u por crime de corrup\u00e7a\u0303o no&#8230;<a class=\"more-link\" href=\"http:\/\/blogdalucianaoliveira.com.br\/blog\/2017\/08\/01\/247-deputados-pro-temer-ficam-marcados-como-cumplices-do-crime\/\">Continue a leitura <span class=\"meta-nav\">&raquo;<\/span><\/a><\/p>\n","protected":false},"author":1,"featured_media":12656,"comment_status":"closed","ping_status":"open","sticky":false,"template":"","format":"standard","meta":{"_exactmetrics_skip_tracking":false,"_exactmetrics_sitenote_active":false,"_exactmetrics_sitenote_note":"","_exactmetrics_sitenote_category":0,"jetpack_post_was_ever_published":false,"_jetpack_newsletter_access":"","_jetpack_dont_email_post_to_subs":false,"_jetpack_newsletter_tier_id":0,"_jetpack_memberships_contains_paywalled_content":false,"_jetpack_memberships_contains_paid_content":false,"footnotes":"","jetpack_publicize_message":"","jetpack_publicize_feature_enabled":true,"jetpack_social_post_already_shared":true,"jetpack_social_options":{"image_generator_settings":{"template":"highway","enabled":false},"version":2}},"categories":[1],"tags":[288,286,287,45],"class_list":["post-12655","post","type-post","status-publish","format-standard","has-post-thumbnail","hentry","category-notas","tag-congresso","tag-cumplices","tag-projecao","tag-temer"],"jetpack_publicize_connections":[],"jetpack_sharing_enabled":true,"jetpack_featured_media_url":"https:\/\/i0.wp.com\/blogdalucianaoliveira.com.br\/blog\/wp-content\/uploads\/2017\/08\/proje.jpg?fit=720%2C720","jetpack_shortlink":"https:\/\/wp.me\/p7wKYW-3i7","jetpack-related-posts":[],"_links":{"self":[{"href":"http:\/\/blogdalucianaoliveira.com.br\/blog\/wp-json\/wp\/v2\/posts\/12655","targetHints":{"allow":["GET"]}}],"collection":[{"href":"http:\/\/blogdalucianaoliveira.com.br\/blog\/wp-json\/wp\/v2\/posts"}],"about":[{"href":"http:\/\/blogdalucianaoliveira.com.br\/blog\/wp-json\/wp\/v2\/types\/post"}],"author":[{"embeddable":true,"href":"http:\/\/blogdalucianaoliveira.com.br\/blog\/wp-json\/wp\/v2\/users\/1"}],"replies":[{"embeddable":true,"href":"http:\/\/blogdalucianaoliveira.com.br\/blog\/wp-json\/wp\/v2\/comments?post=12655"}],"version-history":[{"count":1,"href":"http:\/\/blogdalucianaoliveira.com.br\/blog\/wp-json\/wp\/v2\/posts\/12655\/revisions"}],"predecessor-version":[{"id":12658,"href":"http:\/\/blogdalucianaoliveira.com.br\/blog\/wp-json\/wp\/v2\/posts\/12655\/revisions\/12658"}],"wp:featuredmedia":[{"embeddable":true,"href":"http:\/\/blogdalucianaoliveira.com.br\/blog\/wp-json\/wp\/v2\/media\/12656"}],"wp:attachment":[{"href":"http:\/\/blogdalucianaoliveira.com.br\/blog\/wp-json\/wp\/v2\/media?parent=12655"}],"wp:term":[{"taxonomy":"category","embeddable":true,"href":"http:\/\/blogdalucianaoliveira.com.br\/blog\/wp-json\/wp\/v2\/categories?post=12655"},{"taxonomy":"post_tag","embeddable":true,"href":"http:\/\/blogdalucianaoliveira.com.br\/blog\/wp-json\/wp\/v2\/tags?post=12655"}],"curies":[{"name":"wp","href":"https:\/\/api.w.org\/{rel}","templated":true}]}}