{"id":12659,"date":"2017-08-02T08:07:43","date_gmt":"2017-08-02T12:07:43","guid":{"rendered":"http:\/\/blogdalucianaoliveira.com.br\/blog\/?p=12659"},"modified":"2017-08-02T08:07:43","modified_gmt":"2017-08-02T12:07:43","slug":"escarnio-temer-demite-10-ministros-para-se-salvar","status":"publish","type":"post","link":"http:\/\/blogdalucianaoliveira.com.br\/blog\/2017\/08\/02\/escarnio-temer-demite-10-ministros-para-se-salvar\/","title":{"rendered":"ESC\u00c1RNIO: TEMER DEMITE 10 MINISTROS PARA SE SALVAR"},"content":{"rendered":"<p><img data-recalc-dims=\"1\" loading=\"lazy\" decoding=\"async\" data-attachment-id=\"12660\" data-permalink=\"http:\/\/blogdalucianaoliveira.com.br\/blog\/2017\/08\/02\/escarnio-temer-demite-10-ministros-para-se-salvar\/esca\/\" data-orig-file=\"https:\/\/i0.wp.com\/blogdalucianaoliveira.com.br\/blog\/wp-content\/uploads\/2017\/08\/esca.jpg?fit=1000%2C357\" data-orig-size=\"1000,357\" data-comments-opened=\"0\" data-image-meta=\"{&quot;aperture&quot;:&quot;0&quot;,&quot;credit&quot;:&quot;&quot;,&quot;camera&quot;:&quot;&quot;,&quot;caption&quot;:&quot;&quot;,&quot;created_timestamp&quot;:&quot;0&quot;,&quot;copyright&quot;:&quot;&quot;,&quot;focal_length&quot;:&quot;0&quot;,&quot;iso&quot;:&quot;0&quot;,&quot;shutter_speed&quot;:&quot;0&quot;,&quot;title&quot;:&quot;&quot;,&quot;orientation&quot;:&quot;0&quot;}\" data-image-title=\"esca\" data-image-description=\"\" data-image-caption=\"\" data-medium-file=\"https:\/\/i0.wp.com\/blogdalucianaoliveira.com.br\/blog\/wp-content\/uploads\/2017\/08\/esca.jpg?fit=300%2C107\" data-large-file=\"https:\/\/i0.wp.com\/blogdalucianaoliveira.com.br\/blog\/wp-content\/uploads\/2017\/08\/esca.jpg?fit=600%2C214\" src=\"https:\/\/i0.wp.com\/blogdalucianaoliveira.com.br\/blog\/wp-content\/uploads\/2017\/08\/esca.jpg?resize=600%2C214\" alt=\"esca\" width=\"600\" height=\"214\" class=\"alignnone size-full wp-image-12660\" srcset=\"https:\/\/i0.wp.com\/blogdalucianaoliveira.com.br\/blog\/wp-content\/uploads\/2017\/08\/esca.jpg?w=1000 1000w, https:\/\/i0.wp.com\/blogdalucianaoliveira.com.br\/blog\/wp-content\/uploads\/2017\/08\/esca.jpg?resize=300%2C107 300w, https:\/\/i0.wp.com\/blogdalucianaoliveira.com.br\/blog\/wp-content\/uploads\/2017\/08\/esca.jpg?resize=768%2C274 768w, https:\/\/i0.wp.com\/blogdalucianaoliveira.com.br\/blog\/wp-content\/uploads\/2017\/08\/esca.jpg?resize=800%2C286 800w\" sizes=\"auto, (max-width: 600px) 100vw, 600px\" \/><\/p>\n<p>247 \u2013 Michel Temer, denunciado por corrup\u00e7\u00e3o e rejeitado por 95% dos brasileiros, demitiu nesta manh\u00e3 10 de seus ministros por apenas um dia.<!--more--><\/p>\n<p>Eles ter\u00e3o a miss\u00e3o de votar contra o povo brasileiro, que quer ver Temer investigado pelas propinas pagas pela JBS.<\/p>\n<p>Entre os demitidos est\u00e3o os tucanos Bruno Ara\u00fajo e Ant\u00f4nio Imabasshy, assim como Mendon\u00e7a Filho, do DEM, e Osmar Terra, do PMDB.<\/p>\n<p>Ao todo, foram exonerados os ministros da Secretaria de Governo, Educa\u00e7\u00e3o, Cidades, Minas e Energia, Desenvolvimento Social, Esporte, Meio Ambiente, Trabalho, Turismo e Transportes.<\/p>\n<p>O Brasil foi sequestrado pelo crime, desde o golpe liderado por Eduardo Cunha, condenado a 15 anos de pris\u00e3o, e A\u00e9cio Neves, recordista em inqu\u00e9ritos na Lava Jato, contra a presidente honesta Dilma Rousseff.<\/p>\n<p>Abaixo, reportagem da Reuters:<\/p>\n<p>(Reuters) &#8211; O presidente Michel Temer exonerou 10 ministros que tamb\u00e9m s\u00e3o deputados para que votem contra o pedido de abertura de processo contra si no plen\u00e1rio da C\u00e2mara dos Deputados nesta quarta-feira, uma medida j\u00e1 esperada que faz parte da estrat\u00e9gia do governo para barrar o avan\u00e7o da den\u00fancia por crime de corrup\u00e7\u00e3o passiva.<\/p>\n<p>Foram exonerados os ministros da Secretaria de Governo, Educa\u00e7\u00e3o, Cidades, Minas e Energia, Desenvolvimento Social, Esporte, Meio Ambiente, Trabalho, Turismo e Transportes, de acordo com publica\u00e7\u00f5es no Di\u00e1rio Oficial da Uni\u00e3o.<\/p>\n<p>Para que a C\u00e2mara autorize o Supremo Tribunal Federal (STF) julgar a den\u00fancia contra o presidente por corrup\u00e7\u00e3o passiva s\u00e3o necess\u00e1rios os votos de 342 dos 513 deputados. O qu\u00f3rum m\u00ednimo para o in\u00edcio da vota\u00e7\u00e3o tamb\u00e9m foi definido em 342 deputados.<\/p>\n<p>Na noite de ter\u00e7a-feira, a oposi\u00e7\u00e3o dizia contar com a maioria dos deputados, embora ainda n\u00e3o tivesse angariado os 342 votos necess\u00e1rios para autorizar que o STF julgue a acusa\u00e7\u00e3o.<\/p>\n<p>O governo, por sua vez, se movimenta para tentar garantir o qu\u00f3rum e ainda virar votos de indecisos a favor do presidente.<\/p>\n<p>H\u00e1 expectativa de que Temer tenha capital pol\u00edtico para sair vencedor da vota\u00e7\u00e3o, mas o tamanho do apoio ao governo servir\u00e1 como um term\u00f4metro para avaliar se o presidente ter\u00e1 for\u00e7a para seguir adiante com sua agenda de reformas.<\/p>\n","protected":false},"excerpt":{"rendered":"<p>247 \u2013 Michel Temer, denunciado por corrup\u00e7\u00e3o e rejeitado por 95% dos brasileiros, demitiu nesta manh\u00e3 10 de seus ministros por apenas um dia.<\/p>\n","protected":false},"author":1,"featured_media":0,"comment_status":"closed","ping_status":"open","sticky":false,"template":"","format":"standard","meta":{"_exactmetrics_skip_tracking":false,"_exactmetrics_sitenote_active":false,"_exactmetrics_sitenote_note":"","_exactmetrics_sitenote_category":0,"jetpack_post_was_ever_published":false,"_jetpack_newsletter_access":"","_jetpack_dont_email_post_to_subs":false,"_jetpack_newsletter_tier_id":0,"_jetpack_memberships_contains_paywalled_content":false,"_jetpack_memberships_contains_paid_content":false,"footnotes":"","jetpack_publicize_message":"","jetpack_publicize_feature_enabled":true,"jetpack_social_post_already_shared":true,"jetpack_social_options":{"image_generator_settings":{"template":"highway","enabled":false},"version":2}},"categories":[1],"tags":[],"class_list":["post-12659","post","type-post","status-publish","format-standard","hentry","category-notas"],"jetpack_publicize_connections":[],"jetpack_sharing_enabled":true,"jetpack_featured_media_url":"","jetpack_shortlink":"https:\/\/wp.me\/p7wKYW-3ib","jetpack-related-posts":[],"_links":{"self":[{"href":"http:\/\/blogdalucianaoliveira.com.br\/blog\/wp-json\/wp\/v2\/posts\/12659","targetHints":{"allow":["GET"]}}],"collection":[{"href":"http:\/\/blogdalucianaoliveira.com.br\/blog\/wp-json\/wp\/v2\/posts"}],"about":[{"href":"http:\/\/blogdalucianaoliveira.com.br\/blog\/wp-json\/wp\/v2\/types\/post"}],"author":[{"embeddable":true,"href":"http:\/\/blogdalucianaoliveira.com.br\/blog\/wp-json\/wp\/v2\/users\/1"}],"replies":[{"embeddable":true,"href":"http:\/\/blogdalucianaoliveira.com.br\/blog\/wp-json\/wp\/v2\/comments?post=12659"}],"version-history":[{"count":1,"href":"http:\/\/blogdalucianaoliveira.com.br\/blog\/wp-json\/wp\/v2\/posts\/12659\/revisions"}],"predecessor-version":[{"id":12661,"href":"http:\/\/blogdalucianaoliveira.com.br\/blog\/wp-json\/wp\/v2\/posts\/12659\/revisions\/12661"}],"wp:attachment":[{"href":"http:\/\/blogdalucianaoliveira.com.br\/blog\/wp-json\/wp\/v2\/media?parent=12659"}],"wp:term":[{"taxonomy":"category","embeddable":true,"href":"http:\/\/blogdalucianaoliveira.com.br\/blog\/wp-json\/wp\/v2\/categories?post=12659"},{"taxonomy":"post_tag","embeddable":true,"href":"http:\/\/blogdalucianaoliveira.com.br\/blog\/wp-json\/wp\/v2\/tags?post=12659"}],"curies":[{"name":"wp","href":"https:\/\/api.w.org\/{rel}","templated":true}]}}