{"id":12665,"date":"2017-08-02T09:54:37","date_gmt":"2017-08-02T13:54:37","guid":{"rendered":"http:\/\/blogdalucianaoliveira.com.br\/blog\/?p=12665"},"modified":"2017-08-02T09:54:37","modified_gmt":"2017-08-02T13:54:37","slug":"globo-pede-fora-temer-e-diz-que-pega-mal-uma-justica-que-so-bate-em-lula","status":"publish","type":"post","link":"http:\/\/blogdalucianaoliveira.com.br\/blog\/2017\/08\/02\/globo-pede-fora-temer-e-diz-que-pega-mal-uma-justica-que-so-bate-em-lula\/","title":{"rendered":"GLOBO PEDE FORA TEMER E DIZ QUE PEGA MAL UMA JUSTI\u00c7A QUE S\u00d3 BATE EM LULA"},"content":{"rendered":"<p><img data-recalc-dims=\"1\" loading=\"lazy\" decoding=\"async\" data-attachment-id=\"12666\" data-permalink=\"http:\/\/blogdalucianaoliveira.com.br\/blog\/2017\/08\/02\/globo-pede-fora-temer-e-diz-que-pega-mal-uma-justica-que-so-bate-em-lula\/globo-3\/\" data-orig-file=\"https:\/\/i0.wp.com\/blogdalucianaoliveira.com.br\/blog\/wp-content\/uploads\/2017\/08\/globo.jpg?fit=1000%2C357\" data-orig-size=\"1000,357\" data-comments-opened=\"0\" data-image-meta=\"{&quot;aperture&quot;:&quot;0&quot;,&quot;credit&quot;:&quot;&quot;,&quot;camera&quot;:&quot;&quot;,&quot;caption&quot;:&quot;&quot;,&quot;created_timestamp&quot;:&quot;0&quot;,&quot;copyright&quot;:&quot;&quot;,&quot;focal_length&quot;:&quot;0&quot;,&quot;iso&quot;:&quot;0&quot;,&quot;shutter_speed&quot;:&quot;0&quot;,&quot;title&quot;:&quot;&quot;,&quot;orientation&quot;:&quot;0&quot;}\" data-image-title=\"globo\" data-image-description=\"\" data-image-caption=\"\" data-medium-file=\"https:\/\/i0.wp.com\/blogdalucianaoliveira.com.br\/blog\/wp-content\/uploads\/2017\/08\/globo.jpg?fit=300%2C107\" data-large-file=\"https:\/\/i0.wp.com\/blogdalucianaoliveira.com.br\/blog\/wp-content\/uploads\/2017\/08\/globo.jpg?fit=600%2C214\" src=\"https:\/\/i0.wp.com\/blogdalucianaoliveira.com.br\/blog\/wp-content\/uploads\/2017\/08\/globo.jpg?resize=600%2C214\" alt=\"globo\" width=\"600\" height=\"214\" class=\"alignnone size-full wp-image-12666\" srcset=\"https:\/\/i0.wp.com\/blogdalucianaoliveira.com.br\/blog\/wp-content\/uploads\/2017\/08\/globo.jpg?w=1000 1000w, https:\/\/i0.wp.com\/blogdalucianaoliveira.com.br\/blog\/wp-content\/uploads\/2017\/08\/globo.jpg?resize=300%2C107 300w, https:\/\/i0.wp.com\/blogdalucianaoliveira.com.br\/blog\/wp-content\/uploads\/2017\/08\/globo.jpg?resize=768%2C274 768w, https:\/\/i0.wp.com\/blogdalucianaoliveira.com.br\/blog\/wp-content\/uploads\/2017\/08\/globo.jpg?resize=800%2C286 800w\" sizes=\"auto, (max-width: 600px) 100vw, 600px\" \/><\/p>\n<p>247 \u2013 Um dos principais pilares do golpe de 2016, que derrubou a presidente honesta Dilma Rousseff e instalou no poder Michel Temer, o primeiro ocupante da presid\u00eancia denunciado por corrup\u00e7\u00e3o na hist\u00f3ria do Brasil, o Globo voltou a pedir a queda de seu ex-aliado e fez uma cr\u00edtica \u00e0 seletividade do Poder Judici\u00e1rio, que usa crit\u00e9rios diferenciados para o ex-presidente Lula.<!--more--><\/p>\n<p>&#8220;Ora, o que o Minist\u00e9rio P\u00fablico Federal entende sobre o comportamento do ex-presidente Lula nas rela\u00e7\u00f5es prom\u00edscuas com empreiteiras precisa valer para todos. N\u00e3o pode existir uma metodologia de interpreta\u00e7\u00e3o de fatos entre procuradores e ju\u00edzes que s\u00f3 valham para o PT. Evid\u00eancias e ind\u00edcios s\u00e3o provas v\u00e1lidas para que se abram processos. Isso tem acontecido com v\u00e1rios pol\u00edticos, Lula um deles. Inconceb\u00edvel \u00e9 fazer de conta que nada houve de pelo menos estranho no relacionamento entre Temer, JBS, Joesley, Loures e outros&#8221;, diz o texto.<\/p>\n<p>Leia, abaixo, a \u00edntegra do editorial do Globo:<\/p>\n<p>Aprovar processo contra Temer \u00e9 a melhor alternativa<\/p>\n<p>Reformas corretas de Temer n\u00e3o justificam que ele fique imune a investiga\u00e7\u00f5es e a processos<\/p>\n<p>Depois de quase um ano, o pa\u00eds volta a acompanhar uma vota\u00e7\u00e3o no Congresso para decidir o destino do presidente da Rep\u00fablica. No caso de Dilma Rousseff, o processo de impeachment, por crime de responsabilidade, por desmandos fiscais, foi encerrado em 16 de agosto, no Senado, com o impedimento da presidente petista. Hoje, seu ent\u00e3o vice, Michel Temer, enfrenta outro tipo de escrut\u00ednio: um pedido da Procuradoria-Geral da Rep\u00fablica para que a Casa permita ao Supremo Tribunal deliberar sobre se o processa, como deseja a PGR, por corrup\u00e7\u00e3o passiva.<\/p>\n<p>Duas decis\u00f5es sobre o futuro de um presidente em t\u00e3o pouco tempo, longe de diagnosticarem alguma avaria grave nas institui\u00e7\u00f5es, atestam, ao contr\u00e1rio, o saud\u00e1vel funcionamento delas. T\u00eam resistido, inclusive, a propostas heterodoxas, contra a Constitui\u00e7\u00e3o, como a antecipa\u00e7\u00e3o das elei\u00e7\u00f5es de 2018, enquanto sinalizam que as \u00fanicas sa\u00eddas para a crise s\u00e3o as estabelecidas na Carta \u2014 a C\u00e2mara nega o pedido da PGR, ou o aceita; neste caso, fica-se \u00e0 espera de os 11 ministros do Supremo abrirem ou n\u00e3o processo contra Temer.<\/p>\n<p>Caso abram, o presidente ser\u00e1 afastado por at\u00e9 180 dias, assumindo Rodrigo Maia, presidente da C\u00e2mara. Se for condenado, perde o cargo, e Maia convoca elei\u00e7\u00e3o indireta para 30 dias depois. Absolvido ou caso nada aconte\u00e7a em seis meses, Michel Temer volta ao Planalto. N\u00e3o h\u00e1 o que discutir. <\/p>\n<p>Tamb\u00e9m n\u00e3o existe d\u00favida sobre qual o melhor voto a ser dado na sess\u00e3o que decidir\u00e1 o destino do pedido da PGR: \u00e9 permitir que o Supremo julgue Michel Temer. Talvez sequer ocorra esta sess\u00e3o. Pode ser que pelo fato de o Planalto, por n\u00e3o ter for\u00e7a, assim como a oposi\u00e7\u00e3o, para garantir o qu\u00f3rum m\u00ednimo de 342 deputados e votar o relat\u00f3rio em favor de Temer, do deputado tucano Paulo Abi-Ackel (MG), fique tudo pendente, e o governo assuma o discurso de que vale este relat\u00f3rio. <\/p>\n<p>Assim, tudo continuar\u00e1 como est\u00e1. Inst\u00e1vel, inseguro, at\u00e9 outubro de 2018, m\u00eas da elei\u00e7\u00e3o. Pode-se, ainda, aguardar nova acusa\u00e7\u00e3o da PGR, por outros crimes \u2014 obstru\u00e7\u00e3o da Justi\u00e7a ou participa\u00e7\u00e3o em organiza\u00e7\u00e3o criminosa. Nessa hip\u00f3tese, repete-se o rito.<\/p>\n<p>Hoje ou quando for a vota\u00e7\u00e3o, e mesmo que ela n\u00e3o ocorra, est\u00e3o em confronto, nas acusa\u00e7\u00f5es a Michel Temer e na sua defesa, duas concep\u00e7\u00f5es do que \u00e9 exercitar a pol\u00edtica com \u00e9tica. Numa, tudo pode ser relevado, se o governo tem prop\u00f3sitos corretos na economia, por exemplo. Na outra, valem a lei e a \u00e9tica, independentemente de ideologias e partidos.<\/p>\n<p>O vice-presidente recebeu de fato uma heran\u00e7a maldita, devido \u00e0 decis\u00e3o de Dilma, sob as b\u00ean\u00e7\u00e3os de Lula e PT, de aproveitar a crise mundial deflagrada em 2008\/9 para aprofundar o \u201cnovo marco macroecon\u00f4mico\u201d, no velho modelo nacional-populista de interven\u00e7\u00e3o do Estado na economia, inspirado nos pensamentos fracassados da esquerda latino-americana do p\u00f3s-guerra. Sabe-se o que aconteceu: recess\u00e3o profunda, hist\u00f3rica, 14 milh\u00f5es de desempregados e infla\u00e7\u00e3o. Os juros precisaram ficar em patamar ainda mais elevados, o que, em um primeiro momento, agrava a recess\u00e3o, um efeito colateral inevit\u00e1vel. Mas, com o passar do tempo, o ajuste avan\u00e7ou, embora tenha estancado com a crise pol\u00edtica deflagrada pela conversa nada republicana do presidente com o empres\u00e1rio Joesley Batista, origem do pedido de investiga\u00e7\u00e3o da PGR, divulgado pelo GLOBO.<\/p>\n<p>Temer assumiu com uma competente equipe econ\u00f4mica e estruturou uma correta agenda de reformas, em que se destacam as da Previd\u00eancia e a trabalhista. Em fun\u00e7\u00e3o disso, defende-se a perman\u00eancia dele no Planalto, e faz-se vista grossa ao que aconteceu naquela noite de mar\u00e7o nos por\u00f5es do Pal\u00e1cio do Jaburu, em que o presidente recebeu o empres\u00e1rio do grupo JBS, Joesley Batista, este com um gravador no bolso.<\/p>\n<p>Repete-se o truque do PT, de justificar a participa\u00e7\u00e3o de estrelas do partido na roubalheira do mensal\u00e3o e petrol\u00e3o pela causa do combate \u00e0 pobreza. \u00c9 um erro: nada pode atenuar o crime de corrup\u00e7\u00e3o ou qualquer outro. Ter este comportamento \u00e9 praticar a pol\u00edtica mi\u00fada. Significa n\u00e3o aproveitar o momento hist\u00f3rico do enfrentamento que organismos de Estado fazem dos desvios do dinheiro do contribuinte no \u00e2mbito do Executivo e Legislativo, para que, enfim, se d\u00ea um choque forte de \u00e9tica na pol\u00edtica e seja estabelecido para valer o princ\u00edpio republicano de que a lei vale de fato para todos. <\/p>\n<p>Confirmada a autenticidade do \u00e1udio por peritos da Pol\u00edcia Federal, resta entender o sentido claro do entrecortado di\u00e1logo entre Temer e Joesley, e complement\u00e1-lo com o v\u00eddeo de Rodrigo Loures \u2014 que agendara aquela visita de Joesley ao presidente \u2014, correndo em uma rua de S\u00e3o Paulo com uma maleta em que estavam R$ 500 mil. Era propina acertada pelo empres\u00e1rio com o deputado suplente do PMDB paranaense, que Temer indicara a Joesley para resolver \u201ctudo\u201d, inclusive uma pend\u00eancia com a Petrobras no Cade, em torno do pre\u00e7o do g\u00e1s fornecido pela estatal a uma termel\u00e9trica do JBS. Os R$ 500 mil eram uma parcela pelo servi\u00e7o prestado pelo representante de Temer, acusa a PGR. O conjunto desta obra \u00e9 complementado por depoimentos do empres\u00e1rio e de um diretor da JBS que participou dos acertos com Loures, Ricardo Saud.<\/p>\n<p>Ora, o que o Minist\u00e9rio P\u00fablico Federal entende sobre o comportamento do ex-presidente Lula nas rela\u00e7\u00f5es prom\u00edscuas com empreiteiras precisa valer para todos. N\u00e3o pode existir uma metodologia de interpreta\u00e7\u00e3o de fatos entre procuradores e ju\u00edzes que s\u00f3 valham para o PT. Evid\u00eancias e ind\u00edcios s\u00e3o provas v\u00e1lidas para que se abram processos. Isso tem acontecido com v\u00e1rios pol\u00edticos, Lula um deles. Inconceb\u00edvel \u00e9 fazer de conta que nada houve de pelo menos estranho no relacionamento entre Temer, JBS, Joesley, Loures e outros. <\/p>\n<p>Lula est\u00e1 para a OAS no caso do tr\u00edplex do Guaruj\u00e1 como Michel Temer para a JBS no assunto do g\u00e1s da termel\u00e9trica. Sem falar na triangula\u00e7\u00e3o com Joesley, Eduardo Cunha e L\u00facio Funaro, um relacionamento tamb\u00e9m suspeito, mas ainda na depend\u00eancia de dela\u00e7\u00f5es e investiga\u00e7\u00f5es. Assim como as institui\u00e7\u00f5es prestam conta \u00e0 sociedade no desmantelamento do petrol\u00e3o, em que se lambuzaram PT, PMDB e PP, a na\u00e7\u00e3o precisa ter in\u00fameras d\u00favidas respondidas sobre a atua\u00e7\u00e3o do presidente Michel Temer nesses meandros dos subterr\u00e2neos das finan\u00e7as ocultas da pol\u00edtica. Tamb\u00e9m por isso, ele precisa ser processado. E nisso as pr\u00f3prias reformas ser\u00e3o ajudadas. Um presidente fraco, sob suspei\u00e7\u00e3o, \u00e9 que n\u00e3o conseguir\u00e1 toc\u00e1-las.<\/p>\n","protected":false},"excerpt":{"rendered":"<p>247 \u2013 Um dos principais pilares do golpe de 2016, que derrubou a presidente honesta Dilma Rousseff e instalou no poder Michel Temer, o primeiro ocupante da presid\u00eancia denunciado por corrup\u00e7\u00e3o na hist\u00f3ria do Brasil, o Globo voltou a pedir a queda de seu ex-aliado e fez uma cr\u00edtica \u00e0 seletividade do Poder Judici\u00e1rio, que&#8230;<a class=\"more-link\" href=\"http:\/\/blogdalucianaoliveira.com.br\/blog\/2017\/08\/02\/globo-pede-fora-temer-e-diz-que-pega-mal-uma-justica-que-so-bate-em-lula\/\">Continue a leitura <span class=\"meta-nav\">&raquo;<\/span><\/a><\/p>\n","protected":false},"author":1,"featured_media":0,"comment_status":"closed","ping_status":"open","sticky":false,"template":"","format":"standard","meta":{"_exactmetrics_skip_tracking":false,"_exactmetrics_sitenote_active":false,"_exactmetrics_sitenote_note":"","_exactmetrics_sitenote_category":0,"jetpack_post_was_ever_published":false,"_jetpack_newsletter_access":"","_jetpack_dont_email_post_to_subs":false,"_jetpack_newsletter_tier_id":0,"_jetpack_memberships_contains_paywalled_content":false,"_jetpack_memberships_contains_paid_content":false,"footnotes":"","jetpack_publicize_message":"","jetpack_publicize_feature_enabled":true,"jetpack_social_post_already_shared":true,"jetpack_social_options":{"image_generator_settings":{"template":"highway","enabled":false},"version":2}},"categories":[1],"tags":[],"class_list":["post-12665","post","type-post","status-publish","format-standard","hentry","category-notas"],"jetpack_publicize_connections":[],"jetpack_sharing_enabled":true,"jetpack_featured_media_url":"","jetpack_shortlink":"https:\/\/wp.me\/p7wKYW-3ih","jetpack-related-posts":[],"_links":{"self":[{"href":"http:\/\/blogdalucianaoliveira.com.br\/blog\/wp-json\/wp\/v2\/posts\/12665","targetHints":{"allow":["GET"]}}],"collection":[{"href":"http:\/\/blogdalucianaoliveira.com.br\/blog\/wp-json\/wp\/v2\/posts"}],"about":[{"href":"http:\/\/blogdalucianaoliveira.com.br\/blog\/wp-json\/wp\/v2\/types\/post"}],"author":[{"embeddable":true,"href":"http:\/\/blogdalucianaoliveira.com.br\/blog\/wp-json\/wp\/v2\/users\/1"}],"replies":[{"embeddable":true,"href":"http:\/\/blogdalucianaoliveira.com.br\/blog\/wp-json\/wp\/v2\/comments?post=12665"}],"version-history":[{"count":1,"href":"http:\/\/blogdalucianaoliveira.com.br\/blog\/wp-json\/wp\/v2\/posts\/12665\/revisions"}],"predecessor-version":[{"id":12667,"href":"http:\/\/blogdalucianaoliveira.com.br\/blog\/wp-json\/wp\/v2\/posts\/12665\/revisions\/12667"}],"wp:attachment":[{"href":"http:\/\/blogdalucianaoliveira.com.br\/blog\/wp-json\/wp\/v2\/media?parent=12665"}],"wp:term":[{"taxonomy":"category","embeddable":true,"href":"http:\/\/blogdalucianaoliveira.com.br\/blog\/wp-json\/wp\/v2\/categories?post=12665"},{"taxonomy":"post_tag","embeddable":true,"href":"http:\/\/blogdalucianaoliveira.com.br\/blog\/wp-json\/wp\/v2\/tags?post=12665"}],"curies":[{"name":"wp","href":"https:\/\/api.w.org\/{rel}","templated":true}]}}