{"id":12679,"date":"2017-08-02T22:21:13","date_gmt":"2017-08-03T02:21:13","guid":{"rendered":"http:\/\/blogdalucianaoliveira.com.br\/blog\/?p=12679"},"modified":"2017-08-02T22:21:59","modified_gmt":"2017-08-03T02:21:59","slug":"procurador-de-rondonia-que-defende-causa-indigena-vence-premio-do-cnmp","status":"publish","type":"post","link":"http:\/\/blogdalucianaoliveira.com.br\/blog\/2017\/08\/02\/procurador-de-rondonia-que-defende-causa-indigena-vence-premio-do-cnmp\/","title":{"rendered":"PROCURADOR DA REP\u00daBLICA EM ROND\u00d4NIA QUE DEFENDE CAUSA IND\u00cdGENA VENCE PR\u00caMIO DO CNMP"},"content":{"rendered":"<p><img data-recalc-dims=\"1\" loading=\"lazy\" decoding=\"async\" data-attachment-id=\"12680\" data-permalink=\"http:\/\/blogdalucianaoliveira.com.br\/blog\/2017\/08\/02\/procurador-de-rondonia-que-defende-causa-indigena-vence-premio-do-cnmp\/regi\/\" data-orig-file=\"https:\/\/i0.wp.com\/blogdalucianaoliveira.com.br\/blog\/wp-content\/uploads\/2017\/08\/regi.jpg?fit=640%2C427\" data-orig-size=\"640,427\" data-comments-opened=\"0\" data-image-meta=\"{&quot;aperture&quot;:&quot;0&quot;,&quot;credit&quot;:&quot;&quot;,&quot;camera&quot;:&quot;&quot;,&quot;caption&quot;:&quot;&quot;,&quot;created_timestamp&quot;:&quot;0&quot;,&quot;copyright&quot;:&quot;&quot;,&quot;focal_length&quot;:&quot;0&quot;,&quot;iso&quot;:&quot;0&quot;,&quot;shutter_speed&quot;:&quot;0&quot;,&quot;title&quot;:&quot;&quot;,&quot;orientation&quot;:&quot;0&quot;}\" data-image-title=\"regi\" data-image-description=\"\" data-image-caption=\"\" data-medium-file=\"https:\/\/i0.wp.com\/blogdalucianaoliveira.com.br\/blog\/wp-content\/uploads\/2017\/08\/regi.jpg?fit=300%2C200\" data-large-file=\"https:\/\/i0.wp.com\/blogdalucianaoliveira.com.br\/blog\/wp-content\/uploads\/2017\/08\/regi.jpg?fit=600%2C400\" src=\"https:\/\/i0.wp.com\/blogdalucianaoliveira.com.br\/blog\/wp-content\/uploads\/2017\/08\/regi.jpg?resize=600%2C400\" alt=\"regi\" width=\"600\" height=\"400\" class=\"alignnone size-full wp-image-12680\" srcset=\"https:\/\/i0.wp.com\/blogdalucianaoliveira.com.br\/blog\/wp-content\/uploads\/2017\/08\/regi.jpg?w=640 640w, https:\/\/i0.wp.com\/blogdalucianaoliveira.com.br\/blog\/wp-content\/uploads\/2017\/08\/regi.jpg?resize=300%2C200 300w, https:\/\/i0.wp.com\/blogdalucianaoliveira.com.br\/blog\/wp-content\/uploads\/2017\/08\/regi.jpg?resize=450%2C300 450w\" sizes=\"auto, (max-width: 600px) 100vw, 600px\" \/><\/p>\n<p>Divulgados os vencedores do Pr\u00eamio CNMP 2017<\/p>\n<p>Foi realizada nesta quarta-feira, 2 de agosto, a solenidade de premia\u00e7\u00e3o dos 27 projetos finalistas do Pr\u00eamio CNMP 2017. O evento ocorreu durante a abertura do 8\u00ba Congresso Brasileiro de Gest\u00e3o do Minist\u00e9rio P\u00fablico, que acontece a pr\u00f3xima sexta-feira, dia 2, no Hotel Royal Tulip, em Bras\u00edlia\/DF.<!--more--><\/p>\n<p>Concorreram ao Pr\u00eamio CNMP deste ano 1.077 iniciativas do Minist\u00e9rio P\u00fablico brasileiro. Os projetos foram enquadrados em nove categorias: Defesa dos Direitos Fundamentais; Transforma\u00e7\u00e3o Social; Indu\u00e7\u00e3o de Pol\u00edticas P\u00fablicas; Redu\u00e7\u00e3o da Criminalidade; Redu\u00e7\u00e3o da Corrup\u00e7\u00e3o; Unidade e Efici\u00eancia da Atua\u00e7\u00e3o Institucional e Operacional; Comunica\u00e7\u00e3o e Relacionamento; Profissionaliza\u00e7\u00e3o da Gest\u00e3o; e Tecnologia da Informa\u00e7\u00e3o. O objetivo do Pr\u00eamio CNMP \u00e9 prestigiar os programas e os projetos do Minist\u00e9rio P\u00fablico que mais se destacaram na concretiza\u00e7\u00e3o do Planejamento Estrat\u00e9gico Nacional e no alinhamento com os objetivos definidos.<\/p>\n<p>O presidente do CNMP, Rodrigo Janot, destacou a quantidade de projetos inscritos nesta edi\u00e7\u00e3o do Pr\u00eamio CNMP. \u201cOs n\u00fameros descortinam o grau de maturidade alcan\u00e7ado por membros e servidores neste permanente foro de interc\u00e2mbio de conhecimento e experi\u00eancias. Em 2014, 655 projetos foram habilitados a concorrer ao Pr\u00eamio CNMP. Em 2017, foram nada menos que 1077\u201d.<\/p>\n<p>O conselheiro e presidente da Comiss\u00e3o de Planejamento Estrat\u00e9gico do Conselho Nacional do Minist\u00e9rio P\u00fablico (CPE\/CNMP), Orlando Rochadel, salientou que esta edi\u00e7\u00e3o do Pr\u00eamio CNMP tem um marco in\u00e9dito: recebeu inscri\u00e7\u00f5es de iniciativas realizadas por todas as unidades e por todos os ramos do Minist\u00e9rio P\u00fablico no Pa\u00eds.<\/p>\n<p>Rochadel chamou a aten\u00e7\u00e3o, tamb\u00e9m, para o aumento da composi\u00e7\u00e3o da Comiss\u00e3o Julgadora do Pr\u00eamio CNMP 2017, formada por conselheiros do CNMP e por integrantes da Ordem dos Advogados do Brasil (OAB), das associa\u00e7\u00f5es de classe do MP, das escolas do MP, de representantes da comunidade acad\u00eamica, do Poder Judici\u00e1rio, do Senado Federal, da C\u00e2mara dos Deputados, do Minist\u00e9rio dos Direitos Humanos, do Conselho Nacional de Justi\u00e7a (CNJ), de organiza\u00e7\u00f5es dos movimentos sociais, de organiza\u00e7\u00f5es n\u00e3o-governamentais e da Associa\u00e7\u00e3o Brasileira de Imprensa (ABI).<\/p>\n<p>Al\u00e9m do presidente do CNMP, Rodrigo Janot, e do conselheiro Orlando Rochadel, compuseram a mesa de solenidade do Pr\u00eamio CNMP 2017 o corregedor nacional do Minist\u00e9rio P\u00fablico, Cl\u00e1udio Portela, e os conselheiros Ant\u00f4nio Duarte, Marcelo Ferra, F\u00e1bio George Cruz da N\u00f3brega, F\u00e1bio Stica, S\u00e9rgio Ricardo de Souza e Valter Shuenquener; o secret\u00e1rio-geral do CNMP, Guilherme Raposo; e o procurador-geral de Justi\u00e7a do Minist\u00e9rio P\u00fablico do Estado de Santa Catarina e presidente do Conselho Nacional de Procuradores-Gerais (CNPG), Sandro Neis, representando todos os procuradores-gerais de Justi\u00e7a presentes.<\/p>\n<p>Veja abaixo a rela\u00e7\u00e3o dos vencedores.<\/p>\n<p>Categoria Defesa dos Direitos Fundamentais<\/p>\n<p>1\u00ba lugar: \u201cA luta para salvar uma comunidade ind\u00edgena da Amaz\u00f4nia brasileira\u201d<br \/>\nMinist\u00e9rio P\u00fablico Federal<\/p>\n<p>2\u00ba lugar: \u201c\u00c1gua \u00e9 vida: um direito de todos\u201d<br \/>\nMinist\u00e9rio P\u00fablico do Estado da Bahia<\/p>\n<p>3\u00ba lugar: \u201cFiscalizando a aten\u00e7\u00e3o b\u00e1sica \u00e0 sa\u00fade\u201d<br \/>\nMinist\u00e9rio P\u00fablico do Estado de Pernambuco<\/p>\n<p>Categoria Transforma\u00e7\u00e3o Social<\/p>\n<p>1\u00ba lugar: \u201cNascentes do S\u00e3o Francisco: o MP salvando rios\u201d<br \/>\nMinist\u00e9rio P\u00fablico do Estado de Sergipe<\/p>\n<p>2\u00ba lugar: \u201cLivro: porta de entrada para a cidadania\u201d<br \/>\nMinist\u00e9rio P\u00fablico do Estado de Mato Grosso<\/p>\n<p>3\u00ba lugar: \u201cLeitura: caminho do saber\u201d<br \/>\nMinist\u00e9rio P\u00fablico do Estado de Mato Grosso<\/p>\n<p>Categoria Indu\u00e7\u00e3o de Pol\u00edticas P\u00fablicas<\/p>\n<p>1\u00ba lugar: \u201cQuem aceita o trabalho escravo, ajuda a cava esta cova\u201d<br \/>\nMinist\u00e9rio P\u00fablico do Estado de Mato Grosso<\/p>\n<p>2\u00ba lugar: \u201cCorredor ecol\u00f3gico do Rio Taquari-Antas\u201d<br \/>\nMinist\u00e9rio P\u00fablico do Estado do Rio Grande do Sul<\/p>\n<p>3\u00ba lugar: \u201cVerde Rio\u201d<br \/>\nMinist\u00e9rio P\u00fablico do Estado de Mato Grosso<\/p>\n<p>Categoria Redu\u00e7\u00e3o da Criminalidade<\/p>\n<p>1\u00ba lugar: \u201cNarco: combate ao crime organizado e \u00e0s rebeli\u00f5es em pres\u00eddios no Acre\u201d,<br \/>\nMinist\u00e9rio P\u00fablico do Estado do Acre<\/p>\n<p>2\u00ba lugar: \u201cRede itinerante contra a viol\u00eancia dom\u00e9stica e intrafamiliar\u201d<br \/>\nMinist\u00e9rio P\u00fablico do Estado do Par\u00e1<\/p>\n<p>3\u00ba lugar: \u201cTranspar\u00eancia j\u00e1\u201d<br \/>\nMinist\u00e9rio P\u00fablico do Estado do Par\u00e1<\/p>\n<p>Categoria Redu\u00e7\u00e3o da corrup\u00e7\u00e3o<\/p>\n<p>1\u00ba lugar: \u201cMinist\u00e9rio P\u00fablico contra a corrup\u00e7\u00e3o e a sonega\u00e7\u00e3o fiscal\u201d<br \/>\nMinist\u00e9rio P\u00fablico do Estado do Maranh\u00e3o<\/p>\n<p>2\u00ba lugar: \u201cGera\u00e7\u00e3o de atitude: a mudan\u00e7a come\u00e7a em voc\u00ea\u201d<br \/>\nMinist\u00e9rio P\u00fablico do Estado do Paran\u00e1<\/p>\n<p>3\u00ba lugar: \u201cGrupo especial anticorrup\u00e7\u00e3o (Geac): uma nova estrat\u00e9gia de integra\u00e7\u00e3o para casos complexos\u201d<br \/>\nMinist\u00e9rio P\u00fablico do Estado de Santa Catarina<\/p>\n<p>Categoria Unidade e Efici\u00eancia da Atua\u00e7\u00e3o Institucional e Operacional<\/p>\n<p>1\u00ba lugar: \u201cPrograma de combate \u00e0 sonega\u00e7\u00e3o fiscal\u201d<br \/>\nMinist\u00e9rio P\u00fablico do Estado de Santa Catarina<\/p>\n<p>2\u00ba lugar: \u201cSisconta Eleitoral 2017\u201d<br \/>\nMinist\u00e9rio P\u00fablico Federal<\/p>\n<p>3\u00ba lugar: \u201cImplanta\u00e7\u00e3o das oficinas de parentalidade\u201d<br \/>\nMinist\u00e9rio P\u00fablico do Estado de Minas Gerais<\/p>\n<p>Categoria Comunica\u00e7\u00e3o e Relacionamento<\/p>\n<p>1\u00ba lugar: \u201cO conselho tutelar no combate ao trabalho infantil\u201d<br \/>\nEscola Superior do Minist\u00e9rio P\u00fablico e do Minist\u00e9rio P\u00fablico do Ttrabalho<\/p>\n<p>2\u00ba lugar: \u201cCampanha humaniza\u00e7\u00e3o do parto: nasce o respeito\u201d<br \/>\nMinist\u00e9rio P\u00fablico do Estado de Pernambuco<\/p>\n<p>3\u00ba lugar: \u201cPr\u00eamio de jornalismo\u201d<br \/>\nMinist\u00e9rio P\u00fablico do Estado do Acre<\/p>\n<p>Categoria Profissionaliza\u00e7\u00e3o da Gest\u00e3o<\/p>\n<p>1\u00ba lugar: \u201cRecru-talento: sele\u00e7\u00e3o meritocr\u00e1tica para cargos de provimento em comiss\u00e3o\u201d<br \/>\nMinist\u00e9rio P\u00fablico do Estado do Rio Grande do Estado do Rio Grande do Norte<\/p>\n<p>2\u00ba lugar: \u201cEfetividade da avalia\u00e7\u00e3o de desempenho dos servidores em est\u00e1gio probat\u00f3rio\u201d<br \/>\nMinist\u00e9rio P\u00fablico do Estado do Rio Grande do Sul<\/p>\n<p>3\u00ba lugar: \u201cEduca\u00e7\u00e3o continuada\u201d<br \/>\nMinist\u00e9rio P\u00fablico do Estado do Acre<\/p>\n<p>Categoria Tecnologia da Informa\u00e7\u00e3o<\/p>\n<p>1\u00ba lugar: \u201cMatilha: m\u00f3dulo de gest\u00e3o e an\u00e1lise de v\u00ednculos\u201d<br \/>\nMinist\u00e9rio P\u00fablico do Estado do Rio Grande do Norte<\/p>\n<p>2\u00ba lugar: \u201cProjeto sittel 2017\u201d<br \/>\nMinist\u00e9rio P\u00fablico Federal<\/p>\n<p>3\u00ba lugar: \u201cA democratiza\u00e7\u00e3o da tecnologia digital em favor do poder investigat\u00f3rio do Minist\u00e9rio P\u00fablico\u201d<br \/>\nMinist\u00e9rio P\u00fablico do Estado do Paran\u00e1<\/p>\n<p>Veja as fotos do evento aqui. <\/p>\n<p>Assessoria de Comunica\u00e7\u00e3o Social<br \/>\nConselho Nacional do Minist\u00e9rio P\u00fablico<\/p>\n","protected":false},"excerpt":{"rendered":"<p>Divulgados os vencedores do Pr\u00eamio CNMP 2017 Foi realizada nesta quarta-feira, 2 de agosto, a solenidade de premia\u00e7\u00e3o dos 27 projetos finalistas do Pr\u00eamio CNMP 2017. O evento ocorreu durante a abertura do 8\u00ba Congresso Brasileiro de Gest\u00e3o do Minist\u00e9rio P\u00fablico, que acontece a pr\u00f3xima sexta-feira, dia 2, no Hotel Royal Tulip, em Bras\u00edlia\/DF.<\/p>\n","protected":false},"author":1,"featured_media":0,"comment_status":"closed","ping_status":"open","sticky":false,"template":"","format":"standard","meta":{"_exactmetrics_skip_tracking":false,"_exactmetrics_sitenote_active":false,"_exactmetrics_sitenote_note":"","_exactmetrics_sitenote_category":0,"jetpack_post_was_ever_published":false,"_jetpack_newsletter_access":"","_jetpack_dont_email_post_to_subs":false,"_jetpack_newsletter_tier_id":0,"_jetpack_memberships_contains_paywalled_content":false,"_jetpack_memberships_contains_paid_content":false,"footnotes":"","jetpack_publicize_message":"","jetpack_publicize_feature_enabled":true,"jetpack_social_post_already_shared":true,"jetpack_social_options":{"image_generator_settings":{"template":"highway","enabled":false},"version":2}},"categories":[1],"tags":[289],"class_list":["post-12679","post","type-post","status-publish","format-standard","hentry","category-notas","tag-cnmp"],"jetpack_publicize_connections":[],"jetpack_sharing_enabled":true,"jetpack_featured_media_url":"","jetpack_shortlink":"https:\/\/wp.me\/p7wKYW-3iv","jetpack-related-posts":[],"_links":{"self":[{"href":"http:\/\/blogdalucianaoliveira.com.br\/blog\/wp-json\/wp\/v2\/posts\/12679","targetHints":{"allow":["GET"]}}],"collection":[{"href":"http:\/\/blogdalucianaoliveira.com.br\/blog\/wp-json\/wp\/v2\/posts"}],"about":[{"href":"http:\/\/blogdalucianaoliveira.com.br\/blog\/wp-json\/wp\/v2\/types\/post"}],"author":[{"embeddable":true,"href":"http:\/\/blogdalucianaoliveira.com.br\/blog\/wp-json\/wp\/v2\/users\/1"}],"replies":[{"embeddable":true,"href":"http:\/\/blogdalucianaoliveira.com.br\/blog\/wp-json\/wp\/v2\/comments?post=12679"}],"version-history":[{"count":2,"href":"http:\/\/blogdalucianaoliveira.com.br\/blog\/wp-json\/wp\/v2\/posts\/12679\/revisions"}],"predecessor-version":[{"id":12682,"href":"http:\/\/blogdalucianaoliveira.com.br\/blog\/wp-json\/wp\/v2\/posts\/12679\/revisions\/12682"}],"wp:attachment":[{"href":"http:\/\/blogdalucianaoliveira.com.br\/blog\/wp-json\/wp\/v2\/media?parent=12679"}],"wp:term":[{"taxonomy":"category","embeddable":true,"href":"http:\/\/blogdalucianaoliveira.com.br\/blog\/wp-json\/wp\/v2\/categories?post=12679"},{"taxonomy":"post_tag","embeddable":true,"href":"http:\/\/blogdalucianaoliveira.com.br\/blog\/wp-json\/wp\/v2\/tags?post=12679"}],"curies":[{"name":"wp","href":"https:\/\/api.w.org\/{rel}","templated":true}]}}