{"id":12684,"date":"2017-08-02T22:27:28","date_gmt":"2017-08-03T02:27:28","guid":{"rendered":"http:\/\/blogdalucianaoliveira.com.br\/blog\/?p=12684"},"modified":"2017-08-02T22:27:28","modified_gmt":"2017-08-03T02:27:28","slug":"congresso-corrupto-salva-temer-e-deixa-o-brasil-governado-pelo-crime","status":"publish","type":"post","link":"http:\/\/blogdalucianaoliveira.com.br\/blog\/2017\/08\/02\/congresso-corrupto-salva-temer-e-deixa-o-brasil-governado-pelo-crime\/","title":{"rendered":"CONGRESSO CORRUPTO SALVA TEMER E DEIXA O BRASIL GOVERNADO PELO CRIME"},"content":{"rendered":"<p><img data-recalc-dims=\"1\" loading=\"lazy\" decoding=\"async\" data-attachment-id=\"12685\" data-permalink=\"http:\/\/blogdalucianaoliveira.com.br\/blog\/2017\/08\/02\/congresso-corrupto-salva-temer-e-deixa-o-brasil-governado-pelo-crime\/fdp-2\/\" data-orig-file=\"https:\/\/i0.wp.com\/blogdalucianaoliveira.com.br\/blog\/wp-content\/uploads\/2017\/08\/fdp.jpg?fit=1000%2C357\" data-orig-size=\"1000,357\" data-comments-opened=\"0\" data-image-meta=\"{&quot;aperture&quot;:&quot;0&quot;,&quot;credit&quot;:&quot;&quot;,&quot;camera&quot;:&quot;&quot;,&quot;caption&quot;:&quot;&quot;,&quot;created_timestamp&quot;:&quot;0&quot;,&quot;copyright&quot;:&quot;&quot;,&quot;focal_length&quot;:&quot;0&quot;,&quot;iso&quot;:&quot;0&quot;,&quot;shutter_speed&quot;:&quot;0&quot;,&quot;title&quot;:&quot;&quot;,&quot;orientation&quot;:&quot;0&quot;}\" data-image-title=\"fdp\" data-image-description=\"\" data-image-caption=\"\" data-medium-file=\"https:\/\/i0.wp.com\/blogdalucianaoliveira.com.br\/blog\/wp-content\/uploads\/2017\/08\/fdp.jpg?fit=300%2C107\" data-large-file=\"https:\/\/i0.wp.com\/blogdalucianaoliveira.com.br\/blog\/wp-content\/uploads\/2017\/08\/fdp.jpg?fit=600%2C214\" src=\"https:\/\/i0.wp.com\/blogdalucianaoliveira.com.br\/blog\/wp-content\/uploads\/2017\/08\/fdp.jpg?resize=600%2C214\" alt=\"fdp\" width=\"600\" height=\"214\" class=\"alignnone size-full wp-image-12685\" srcset=\"https:\/\/i0.wp.com\/blogdalucianaoliveira.com.br\/blog\/wp-content\/uploads\/2017\/08\/fdp.jpg?w=1000 1000w, https:\/\/i0.wp.com\/blogdalucianaoliveira.com.br\/blog\/wp-content\/uploads\/2017\/08\/fdp.jpg?resize=300%2C107 300w, https:\/\/i0.wp.com\/blogdalucianaoliveira.com.br\/blog\/wp-content\/uploads\/2017\/08\/fdp.jpg?resize=768%2C274 768w, https:\/\/i0.wp.com\/blogdalucianaoliveira.com.br\/blog\/wp-content\/uploads\/2017\/08\/fdp.jpg?resize=800%2C286 800w\" sizes=\"auto, (max-width: 600px) 100vw, 600px\" \/><\/p>\n<p>247 \u2013 Um Congresso Nacional formado majoritariamente por corruptos, que se venderam a Michel Temer, denunciado por corrup\u00e7\u00e3o em raz\u00e3o das propinas pagas pela JBS, salvou, nesta quarta-feira, o governo mais sujo da hist\u00f3ria do Brasil.<!--more--><\/p>\n<p>Numa data que ficar\u00e1 gravada na hist\u00f3ria do Brasil como mais um dia da inf\u00e2mia, Temer exonerou dez ministros, incluindo seu articulador Ant\u00f4nio Imbassahy, do PSDB, que comprou votos em plena sess\u00e3o.<\/p>\n<p>A opera\u00e7\u00e3o para salvar Temer custou cerca de R$ 17 bilh\u00f5es, em emendas e perd\u00f5es de d\u00edvidas de setores como o ruralista, que ajuda a formar a base de Temer.<\/p>\n<p>Com isso, conclui-se mais uma etapa do golpe dos corruptos contra a presidente honesta Dilma Rousseff \u2013 o que deixa o Brasil sequestrado, dominado e governado pelo crime.<\/p>\n<p>Abaixo, reportagem da Reuters, sobre o pronunciamento que ser\u00e1 feito por Temer, aprovado por apenas 4% dos brasileiros:<\/p>\n<p>BRAS\u00cdLIA (Reuters) &#8211; Confiante de que a C\u00e2mara ir\u00e1 arquivar a den\u00fancia apresentada pela Procuradoria-Geral da Rep\u00fablica, o presidente Michel Temer prepara um pronunciamento em que tentar\u00e1 passar a ideia de que a crise pol\u00edtica acabou e \u00e9 hora de preparar o terreno para levar adiante as reformas, entre elas a previdenci\u00e1ria, a pol\u00edtica e a tribut\u00e1ria, disseram \u00e0 Reuters fontes pr\u00f3ximas ao presidente.<\/p>\n<p>&#8220;O tom \u00e9 de preparar o terreno para a aprova\u00e7\u00e3o da reforma da Previd\u00eancia e a reforma da cultura pol\u00edtica&#8221;, disse uma das fontes.<\/p>\n<p>O presidente assiste ao andar da vota\u00e7\u00e3o em seu gabinete, com alguns auxiliares pr\u00f3ximos, e finaliza o pronunciamento. O tom, mais ou menos entusiasmado, s\u00f3 ser\u00e1 definido quando Temer tiver a no\u00e7\u00e3o exata de sua vit\u00f3ria na C\u00e2mara.<\/p>\n<p>&#8220;O tom vai variar conforme o placar&#8221;, disse a fonte.<\/p>\n<p>As \u00faltimas estimativas feitas pelo deputado Beto Mansur (PRB-SP), vice-l\u00edder do governo, apontavam para cerca de 300 votos a favor de Temer.<\/p>\n<p>A agenda de reformas \u00e9 a grande aposta de Temer para mostrar que o governo se mant\u00e9m forte, e deve recome\u00e7ar as negocia\u00e7\u00f5es j\u00e1 nos pr\u00f3ximos dias. A inten\u00e7\u00e3o \u00e9 fazer com que o Congresso retome sua pauta em seguida, come\u00e7ando com a retomada da vota\u00e7\u00e3o do Refis nos termos acertados com o Planalto.<\/p>\n<p>O governo tamb\u00e9m deve chamar os l\u00edderes das bancadas j\u00e1 na pr\u00f3xima semana para ver como est\u00e1 a disposi\u00e7\u00e3o dos deputados para a vota\u00e7\u00e3o da reforma da Previd\u00eancia. <\/p>\n<p>&#8220;Mesmo com um resultado positivo n\u00e3o h\u00e1 como transferir os n\u00fameros da vota\u00e7\u00e3o da den\u00fancia para a reforma. H\u00e1 quem vote contra o presidente e vote pela reforma, e o contr\u00e1rio tamb\u00e9m \u00e9 verdadeiro&#8221;, disse outra fonte.<\/p>\n<p>Outra preocupa\u00e7\u00e3o \u00e9 a reforma pol\u00edtica, que precisa ter algo aprovado at\u00e9 setembro para valer nas elei\u00e7\u00f5es de 2018. &#8220;O presidente quer incentivar o tema para que ele avance&#8221;, disse a fonte.<\/p>\n","protected":false},"excerpt":{"rendered":"<p>247 \u2013 Um Congresso Nacional formado majoritariamente por corruptos, que se venderam a Michel Temer, denunciado por corrup\u00e7\u00e3o em raz\u00e3o das propinas pagas pela JBS, salvou, nesta quarta-feira, o governo mais sujo da hist\u00f3ria do Brasil.<\/p>\n","protected":false},"author":1,"featured_media":0,"comment_status":"closed","ping_status":"open","sticky":false,"template":"","format":"standard","meta":{"_exactmetrics_skip_tracking":false,"_exactmetrics_sitenote_active":false,"_exactmetrics_sitenote_note":"","_exactmetrics_sitenote_category":0,"jetpack_post_was_ever_published":false,"_jetpack_newsletter_access":"","_jetpack_dont_email_post_to_subs":false,"_jetpack_newsletter_tier_id":0,"_jetpack_memberships_contains_paywalled_content":false,"_jetpack_memberships_contains_paid_content":false,"footnotes":"","jetpack_publicize_message":"","jetpack_publicize_feature_enabled":true,"jetpack_social_post_already_shared":true,"jetpack_social_options":{"image_generator_settings":{"template":"highway","enabled":false},"version":2}},"categories":[1],"tags":[],"class_list":["post-12684","post","type-post","status-publish","format-standard","hentry","category-notas"],"jetpack_publicize_connections":[],"jetpack_sharing_enabled":true,"jetpack_featured_media_url":"","jetpack_shortlink":"https:\/\/wp.me\/p7wKYW-3iA","jetpack-related-posts":[],"_links":{"self":[{"href":"http:\/\/blogdalucianaoliveira.com.br\/blog\/wp-json\/wp\/v2\/posts\/12684","targetHints":{"allow":["GET"]}}],"collection":[{"href":"http:\/\/blogdalucianaoliveira.com.br\/blog\/wp-json\/wp\/v2\/posts"}],"about":[{"href":"http:\/\/blogdalucianaoliveira.com.br\/blog\/wp-json\/wp\/v2\/types\/post"}],"author":[{"embeddable":true,"href":"http:\/\/blogdalucianaoliveira.com.br\/blog\/wp-json\/wp\/v2\/users\/1"}],"replies":[{"embeddable":true,"href":"http:\/\/blogdalucianaoliveira.com.br\/blog\/wp-json\/wp\/v2\/comments?post=12684"}],"version-history":[{"count":1,"href":"http:\/\/blogdalucianaoliveira.com.br\/blog\/wp-json\/wp\/v2\/posts\/12684\/revisions"}],"predecessor-version":[{"id":12686,"href":"http:\/\/blogdalucianaoliveira.com.br\/blog\/wp-json\/wp\/v2\/posts\/12684\/revisions\/12686"}],"wp:attachment":[{"href":"http:\/\/blogdalucianaoliveira.com.br\/blog\/wp-json\/wp\/v2\/media?parent=12684"}],"wp:term":[{"taxonomy":"category","embeddable":true,"href":"http:\/\/blogdalucianaoliveira.com.br\/blog\/wp-json\/wp\/v2\/categories?post=12684"},{"taxonomy":"post_tag","embeddable":true,"href":"http:\/\/blogdalucianaoliveira.com.br\/blog\/wp-json\/wp\/v2\/tags?post=12684"}],"curies":[{"name":"wp","href":"https:\/\/api.w.org\/{rel}","templated":true}]}}