{"id":12687,"date":"2017-08-03T11:43:16","date_gmt":"2017-08-03T15:43:16","guid":{"rendered":"http:\/\/blogdalucianaoliveira.com.br\/blog\/?p=12687"},"modified":"2017-08-03T11:55:33","modified_gmt":"2017-08-03T15:55:33","slug":"moral-da-historia-governabilidade-se-mantem-com-corrupcao-e-povo-desunido","status":"publish","type":"post","link":"http:\/\/blogdalucianaoliveira.com.br\/blog\/2017\/08\/03\/moral-da-historia-governabilidade-se-mantem-com-corrupcao-e-povo-desunido\/","title":{"rendered":"Moral da hist\u00f3ria: governabilidade se mant\u00e9m com corrup\u00e7\u00e3o e povo desunido"},"content":{"rendered":"<p><img data-recalc-dims=\"1\" loading=\"lazy\" decoding=\"async\" data-attachment-id=\"12688\" data-permalink=\"http:\/\/blogdalucianaoliveira.com.br\/blog\/2017\/08\/03\/moral-da-historia-governabilidade-se-mantem-com-corrupcao-e-povo-desunido\/brasil-confusao-camara-20170802-004\/\" data-orig-file=\"https:\/\/i0.wp.com\/blogdalucianaoliveira.com.br\/blog\/wp-content\/uploads\/2017\/08\/brasil-confusao-camara-20170802-004.jpg?fit=650%2C433\" data-orig-size=\"650,433\" data-comments-opened=\"0\" data-image-meta=\"{&quot;aperture&quot;:&quot;0&quot;,&quot;credit&quot;:&quot;&quot;,&quot;camera&quot;:&quot;&quot;,&quot;caption&quot;:&quot;&quot;,&quot;created_timestamp&quot;:&quot;0&quot;,&quot;copyright&quot;:&quot;&quot;,&quot;focal_length&quot;:&quot;0&quot;,&quot;iso&quot;:&quot;0&quot;,&quot;shutter_speed&quot;:&quot;0&quot;,&quot;title&quot;:&quot;&quot;,&quot;orientation&quot;:&quot;0&quot;}\" data-image-title=\"brasil-confusao-camara-20170802-004\" data-image-description=\"\" data-image-caption=\"\" data-medium-file=\"https:\/\/i0.wp.com\/blogdalucianaoliveira.com.br\/blog\/wp-content\/uploads\/2017\/08\/brasil-confusao-camara-20170802-004.jpg?fit=300%2C200\" data-large-file=\"https:\/\/i0.wp.com\/blogdalucianaoliveira.com.br\/blog\/wp-content\/uploads\/2017\/08\/brasil-confusao-camara-20170802-004.jpg?fit=600%2C400\" src=\"https:\/\/i0.wp.com\/blogdalucianaoliveira.com.br\/blog\/wp-content\/uploads\/2017\/08\/brasil-confusao-camara-20170802-004.jpg?resize=600%2C400\" alt=\"brasil-confusao-camara-20170802-004\" width=\"600\" height=\"400\" class=\"alignnone size-full wp-image-12688\" srcset=\"https:\/\/i0.wp.com\/blogdalucianaoliveira.com.br\/blog\/wp-content\/uploads\/2017\/08\/brasil-confusao-camara-20170802-004.jpg?w=650 650w, https:\/\/i0.wp.com\/blogdalucianaoliveira.com.br\/blog\/wp-content\/uploads\/2017\/08\/brasil-confusao-camara-20170802-004.jpg?resize=300%2C200 300w, https:\/\/i0.wp.com\/blogdalucianaoliveira.com.br\/blog\/wp-content\/uploads\/2017\/08\/brasil-confusao-camara-20170802-004.jpg?resize=450%2C300 450w\" sizes=\"auto, (max-width: 600px) 100vw, 600px\" \/><\/p>\n<p>Mais um Agosto com registro hist\u00f3rico tr\u00e1gico para o Brasil. \u00c0 cole\u00e7\u00e3o de desgostos que tem o suic\u00eddio de Get\u00falio Vargas, a ren\u00fancia de J\u00e2nio Quadros, a morte de Juscelino Kubitscheck e o afastamento definitivo da presidente Dilma Rousseff no Senado, acrescentou-se a vota\u00e7\u00e3o que impediu o afastamento do primeiro presidente acusado por corrup\u00e7\u00e3o. <\/p>\n<p>263 deputados aprovaram o relat\u00f3rio que recomendou a rejei\u00e7\u00e3o da den\u00fancia oferecida pela Procuradoria Geral da Rep\u00fablica.<!--more--><\/p>\n<p>Foram liberadas em tr\u00eas semanas de julho o equivalente a tr\u00eas meses de emendas parlamentares, para convencer deputados a adiar o julgamento de Michel Temer no Supremo Tribunal Federal.<\/p>\n<p>\u00c9 f\u00e1cil compreender por que emendas, promessas de cargos e generosidade fiscal a devedores contumazes prevaleceram \u00e0 dela\u00e7\u00f5es, grava\u00e7\u00f5es de \u00e1udio e v\u00eddeo contra Temer.<\/p>\n<p>A gan\u00e2ncia venceu o bom senso e ao menos por enquanto, o que est\u00e1 definido \u00e9 que o presidente empossado com um golpe s\u00f3 responder\u00e1 no STF ap\u00f3s o t\u00e9rmino do mandato, em 31 de dezembro de 2018. <\/p>\n<p>Mas, o resultado n\u00e3o tira o tubo de oxig\u00eanio do golpista. Com 227 votos contr\u00e1rios \u00e0 barrar a den\u00fancia, Temer ter\u00e1 muita dificuldade de passar as reformas nefastas feitas nas coxas da elite para tirar de quem tem menos e dar a quem tem mais.<\/p>\n<p>Foi t\u00e3o flagrantemente vergonhoso que os c\u00famplices de Temer n\u00e3o dedicaram votos \u00e0s fam\u00edlias, como na sess\u00e3o que autorizou a abertura do processo de impeachment da presidente eleita, Dilma Rousseff.<\/p>\n<p>Tivesse uma sociedade indignada com a corrup\u00e7\u00e3o, hoje o pa\u00eds n\u00e3o amanheceria com tanta vergonha e remorso. <\/p>\n<p>H\u00e1 muitas consci\u00eancias pesadas nesse momento ao menos por incerteza com o futuro.  <\/p>\n<p>O senso comum ap\u00f3s a sess\u00e3o que barrou o despejo de Temer \u00e9 de que vai demorar e doer mais a perman\u00eancia dele com a unidade demonstrada pela oposi\u00e7\u00e3o e na imin\u00eancia de nova den\u00fancia da PGR.<\/p>\n<p>A hist\u00f3ria n\u00e3o segue em linha reta, mas em curvas com aclives e declives que levam a sociedade brasileira a aprender e desaprender que expressar descontentamento \u00e9 a melhor forma de controle de decis\u00f5es pol\u00edticas.<\/p>\n<p>N\u00e3o est\u00e1 adiantando canalizar raiva \u00e0 pol\u00edticos patifes, muito menos a Temer pra quem a vergonha saiu e n\u00e3o voltou.<br \/>\n\u00c9 o povo que deve ser cobrado a ir \u00e0s ruas.<\/p>\n<p>S\u00e3o modos caracter\u00edsticos de rea\u00e7\u00e3o ao que \u00e9 certo e errado na pol\u00edtica que fazem uma na\u00e7\u00e3o evoluir.<br \/>\nEm muito pouco tempo, o povo brasileiro foi aos extremos pra fingir que entendia bem de conceitos \u00e9ticos e morais no cl\u00e1ssico duelo de classes que se deu em gigantescas manifesta\u00e7\u00f5es de rua.<\/p>\n<p>Mais rapidamente a classe pol\u00edtica detectou a fragilidade de car\u00e1ter do povo e readequou o plano diab\u00f3lico de mant\u00ea-lo desunido sob jugo.<\/p>\n<p>Na sess\u00e3o que condenou o pa\u00eds \u00e0 perman\u00eancia de Temer, deputados de oposi\u00e7\u00e3o denunciaram o achincalhe dos aliados que se gabavam como \u201cprofissionais\u201d que derrotaram \u201camadores\u201d.<\/p>\n<p>Registre a presen\u00e7a, todo brasileiro que se omitiu. Quem desde o in\u00edcio do golpe luta, n\u00e3o tem culpa.<\/p>\n","protected":false},"excerpt":{"rendered":"<p>Mais um Agosto com registro hist\u00f3rico tr\u00e1gico para o Brasil. \u00c0 cole\u00e7\u00e3o de desgostos que tem o suic\u00eddio de Get\u00falio Vargas, a ren\u00fancia de J\u00e2nio Quadros, a morte de Juscelino Kubitscheck e o afastamento definitivo da presidente Dilma Rousseff no Senado, acrescentou-se a vota\u00e7\u00e3o que impediu o afastamento do primeiro presidente acusado por corrup\u00e7\u00e3o. 263&#8230;<a class=\"more-link\" href=\"http:\/\/blogdalucianaoliveira.com.br\/blog\/2017\/08\/03\/moral-da-historia-governabilidade-se-mantem-com-corrupcao-e-povo-desunido\/\">Continue a leitura <span class=\"meta-nav\">&raquo;<\/span><\/a><\/p>\n","protected":false},"author":1,"featured_media":0,"comment_status":"closed","ping_status":"open","sticky":false,"template":"","format":"standard","meta":{"_exactmetrics_skip_tracking":false,"_exactmetrics_sitenote_active":false,"_exactmetrics_sitenote_note":"","_exactmetrics_sitenote_category":0,"jetpack_post_was_ever_published":false,"_jetpack_newsletter_access":"","_jetpack_dont_email_post_to_subs":false,"_jetpack_newsletter_tier_id":0,"_jetpack_memberships_contains_paywalled_content":false,"_jetpack_memberships_contains_paid_content":false,"footnotes":"","jetpack_publicize_message":"","jetpack_publicize_feature_enabled":true,"jetpack_social_post_already_shared":true,"jetpack_social_options":{"image_generator_settings":{"template":"highway","enabled":false},"version":2}},"categories":[1],"tags":[21,290,45],"class_list":["post-12687","post","type-post","status-publish","format-standard","hentry","category-notas","tag-corrupcao","tag-rejeicao-denuncia","tag-temer"],"jetpack_publicize_connections":[],"jetpack_sharing_enabled":true,"jetpack_featured_media_url":"","jetpack_shortlink":"https:\/\/wp.me\/p7wKYW-3iD","jetpack-related-posts":[],"_links":{"self":[{"href":"http:\/\/blogdalucianaoliveira.com.br\/blog\/wp-json\/wp\/v2\/posts\/12687","targetHints":{"allow":["GET"]}}],"collection":[{"href":"http:\/\/blogdalucianaoliveira.com.br\/blog\/wp-json\/wp\/v2\/posts"}],"about":[{"href":"http:\/\/blogdalucianaoliveira.com.br\/blog\/wp-json\/wp\/v2\/types\/post"}],"author":[{"embeddable":true,"href":"http:\/\/blogdalucianaoliveira.com.br\/blog\/wp-json\/wp\/v2\/users\/1"}],"replies":[{"embeddable":true,"href":"http:\/\/blogdalucianaoliveira.com.br\/blog\/wp-json\/wp\/v2\/comments?post=12687"}],"version-history":[{"count":2,"href":"http:\/\/blogdalucianaoliveira.com.br\/blog\/wp-json\/wp\/v2\/posts\/12687\/revisions"}],"predecessor-version":[{"id":12690,"href":"http:\/\/blogdalucianaoliveira.com.br\/blog\/wp-json\/wp\/v2\/posts\/12687\/revisions\/12690"}],"wp:attachment":[{"href":"http:\/\/blogdalucianaoliveira.com.br\/blog\/wp-json\/wp\/v2\/media?parent=12687"}],"wp:term":[{"taxonomy":"category","embeddable":true,"href":"http:\/\/blogdalucianaoliveira.com.br\/blog\/wp-json\/wp\/v2\/categories?post=12687"},{"taxonomy":"post_tag","embeddable":true,"href":"http:\/\/blogdalucianaoliveira.com.br\/blog\/wp-json\/wp\/v2\/tags?post=12687"}],"curies":[{"name":"wp","href":"https:\/\/api.w.org\/{rel}","templated":true}]}}