{"id":127,"date":"2016-05-03T20:19:12","date_gmt":"2016-05-04T00:19:12","guid":{"rendered":"http:\/\/blogdalucianaoliveira.com.br\/blog\/?p=127"},"modified":"2016-05-03T20:21:59","modified_gmt":"2016-05-04T00:21:59","slug":"os-home-erraram","status":"publish","type":"post","link":"http:\/\/blogdalucianaoliveira.com.br\/blog\/2016\/05\/03\/os-home-erraram\/","title":{"rendered":"Os &#8216;h\u00f4me&#8217; erraram?"},"content":{"rendered":"<p><img data-recalc-dims=\"1\" loading=\"lazy\" decoding=\"async\" data-attachment-id=\"128\" data-permalink=\"http:\/\/blogdalucianaoliveira.com.br\/blog\/2016\/05\/03\/os-home-erraram\/image-13\/\" data-orig-file=\"https:\/\/i0.wp.com\/blogdalucianaoliveira.com.br\/blog\/wp-content\/uploads\/2016\/05\/image-10.jpeg?fit=321%2C292\" data-orig-size=\"321,292\" data-comments-opened=\"0\" data-image-meta=\"{&quot;aperture&quot;:&quot;0&quot;,&quot;credit&quot;:&quot;&quot;,&quot;camera&quot;:&quot;&quot;,&quot;caption&quot;:&quot;&quot;,&quot;created_timestamp&quot;:&quot;0&quot;,&quot;copyright&quot;:&quot;&quot;,&quot;focal_length&quot;:&quot;0&quot;,&quot;iso&quot;:&quot;0&quot;,&quot;shutter_speed&quot;:&quot;0&quot;,&quot;title&quot;:&quot;&quot;,&quot;orientation&quot;:&quot;0&quot;}\" data-image-title=\"image\" data-image-description=\"\" data-image-caption=\"\" data-medium-file=\"https:\/\/i0.wp.com\/blogdalucianaoliveira.com.br\/blog\/wp-content\/uploads\/2016\/05\/image-10.jpeg?fit=300%2C273\" data-large-file=\"https:\/\/i0.wp.com\/blogdalucianaoliveira.com.br\/blog\/wp-content\/uploads\/2016\/05\/image-10.jpeg?fit=321%2C292\" src=\"https:\/\/i0.wp.com\/blogdalucianaoliveira.com.br\/blog\/wp-content\/uploads\/2016\/05\/image-10.jpeg?resize=321%2C292\" alt=\"image\" width=\"321\" height=\"292\" class=\"alignnone size-full wp-image-128\" srcset=\"https:\/\/i0.wp.com\/blogdalucianaoliveira.com.br\/blog\/wp-content\/uploads\/2016\/05\/image-10.jpeg?w=321 321w, https:\/\/i0.wp.com\/blogdalucianaoliveira.com.br\/blog\/wp-content\/uploads\/2016\/05\/image-10.jpeg?resize=300%2C273 300w\" sizes=\"auto, (max-width: 321px) 100vw, 321px\" \/><\/p>\n<p>Presidente da Fenapef (Federa\u00e7\u00e3o Nacional dos Policiais Federais), Lu\u00eds Ant\u00f4nio Boudens afirma ter havido um erro no comunicado em que a entidade sustenta que a resist\u00eancia do governo em conceder reajuste \u00e0 categoria poderia influenciar nas investiga\u00e7\u00f5es de corrup\u00e7\u00e3o a l\u00edderes do PT.<!--more--><\/p>\n<p>Conforme a Folha revelou nesta segunda (2), a nota oficial divulgada pela federa\u00e7\u00e3o relacionava o sucesso da campanha salarial dos policiais com a atua\u00e7\u00e3o da corpora\u00e7\u00e3o na Olimp\u00edada do Rio de Janeiro e com apura\u00e7\u00f5es envolvendo quadros da legenda da presidente Dilma Rousseff.<\/p>\n<p>Nesta ter\u00e7a-feira, Boudens entrou em contato com a reportagem para argumentar que o texto divulgado no dia anterior era apenas uma vers\u00e3o do comunicado oficial, enviado \u00e0 imprensa sem revis\u00e3o de parte dos dirigentes da entidade.<\/p>\n<p>&#8220;Faltou conversa entre n\u00f3s para aquilo ter sa\u00eddo. Quando a reportagem me procurou, fui surpreendido por um texto que eu desconhecia. N\u00e3o temos escolha partid\u00e1ria. Foi um equ\u00edvoco insan\u00e1vel&#8221;, reconhece o presidente da Fenapef.<\/p>\n<p>Um dos trechos do documento veiculado na segunda dizia que, se a decis\u00e3o do Executivo federal descontentar os policiais, &#8220;analistas da PF&#8221; preveem &#8220;uma onda de revolta da categoria em rela\u00e7\u00e3o ao PT, o que poder\u00e1 repercutir at\u00e9 nas investiga\u00e7\u00f5es de corrup\u00e7\u00e3o envolvendo lideran\u00e7as do partido&#8221;.<!--more--><\/p>\n<p>Alertava tamb\u00e9m para eventuais impactos na seguran\u00e7a da Olimp\u00edada, em agosto. &#8220;Um resultado desfavor\u00e1vel (\u00e0 Fenapef) poder\u00e1 levar os policiais a manifesta\u00e7\u00f5es nacionais, com pedido de apoio \u00e0 popula\u00e7\u00e3o, bem como estabelecer\u00e1 um ambiente de descontentamento t\u00e3o grande que poder\u00e1 comprometer a seguran\u00e7a dos Jogos Ol\u00edmpicos&#8221;.<\/p>\n","protected":false},"excerpt":{"rendered":"<p>Presidente da Fenapef (Federa\u00e7\u00e3o Nacional dos Policiais Federais), Lu\u00eds Ant\u00f4nio Boudens afirma ter havido um erro no comunicado em que a entidade sustenta que a resist\u00eancia do governo em conceder reajuste \u00e0 categoria poderia influenciar nas investiga\u00e7\u00f5es de corrup\u00e7\u00e3o a l\u00edderes do PT.<\/p>\n","protected":false},"author":1,"featured_media":0,"comment_status":"closed","ping_status":"open","sticky":false,"template":"","format":"standard","meta":{"_exactmetrics_skip_tracking":false,"_exactmetrics_sitenote_active":false,"_exactmetrics_sitenote_note":"","_exactmetrics_sitenote_category":0,"jetpack_post_was_ever_published":false,"_jetpack_newsletter_access":"","_jetpack_dont_email_post_to_subs":false,"_jetpack_newsletter_tier_id":0,"_jetpack_memberships_contains_paywalled_content":false,"_jetpack_memberships_contains_paid_content":false,"footnotes":"","jetpack_publicize_message":"","jetpack_publicize_feature_enabled":true,"jetpack_social_post_already_shared":false,"jetpack_social_options":{"image_generator_settings":{"template":"highway","enabled":false},"version":2}},"categories":[1],"tags":[],"class_list":["post-127","post","type-post","status-publish","format-standard","hentry","category-notas"],"jetpack_publicize_connections":[],"jetpack_sharing_enabled":true,"jetpack_featured_media_url":"","jetpack_shortlink":"https:\/\/wp.me\/p7wKYW-23","jetpack-related-posts":[],"_links":{"self":[{"href":"http:\/\/blogdalucianaoliveira.com.br\/blog\/wp-json\/wp\/v2\/posts\/127","targetHints":{"allow":["GET"]}}],"collection":[{"href":"http:\/\/blogdalucianaoliveira.com.br\/blog\/wp-json\/wp\/v2\/posts"}],"about":[{"href":"http:\/\/blogdalucianaoliveira.com.br\/blog\/wp-json\/wp\/v2\/types\/post"}],"author":[{"embeddable":true,"href":"http:\/\/blogdalucianaoliveira.com.br\/blog\/wp-json\/wp\/v2\/users\/1"}],"replies":[{"embeddable":true,"href":"http:\/\/blogdalucianaoliveira.com.br\/blog\/wp-json\/wp\/v2\/comments?post=127"}],"version-history":[{"count":4,"href":"http:\/\/blogdalucianaoliveira.com.br\/blog\/wp-json\/wp\/v2\/posts\/127\/revisions"}],"predecessor-version":[{"id":132,"href":"http:\/\/blogdalucianaoliveira.com.br\/blog\/wp-json\/wp\/v2\/posts\/127\/revisions\/132"}],"wp:attachment":[{"href":"http:\/\/blogdalucianaoliveira.com.br\/blog\/wp-json\/wp\/v2\/media?parent=127"}],"wp:term":[{"taxonomy":"category","embeddable":true,"href":"http:\/\/blogdalucianaoliveira.com.br\/blog\/wp-json\/wp\/v2\/categories?post=127"},{"taxonomy":"post_tag","embeddable":true,"href":"http:\/\/blogdalucianaoliveira.com.br\/blog\/wp-json\/wp\/v2\/tags?post=127"}],"curies":[{"name":"wp","href":"https:\/\/api.w.org\/{rel}","templated":true}]}}