{"id":1270,"date":"2016-05-26T12:55:31","date_gmt":"2016-05-26T16:55:31","guid":{"rendered":"http:\/\/blogdalucianaoliveira.com.br\/blog\/?p=1270"},"modified":"2016-05-26T12:55:31","modified_gmt":"2016-05-26T16:55:31","slug":"canal-de-protecao-a-vitimas-pede-que-denunciem-criminosos-que-compartilham-video-de-estupro-coletivo","status":"publish","type":"post","link":"http:\/\/blogdalucianaoliveira.com.br\/blog\/2016\/05\/26\/canal-de-protecao-a-vitimas-pede-que-denunciem-criminosos-que-compartilham-video-de-estupro-coletivo\/","title":{"rendered":"Canal de prote\u00e7\u00e3o \u00e0 v\u00edtimas pede que denunciem criminosos que compartilham v\u00eddeo de estupro coletivo"},"content":{"rendered":"<p><img data-recalc-dims=\"1\" loading=\"lazy\" decoding=\"async\" data-attachment-id=\"1271\" data-permalink=\"http:\/\/blogdalucianaoliveira.com.br\/blog\/2016\/05\/26\/canal-de-protecao-a-vitimas-pede-que-denunciem-criminosos-que-compartilham-video-de-estupro-coletivo\/image-284\/\" data-orig-file=\"https:\/\/i0.wp.com\/blogdalucianaoliveira.com.br\/blog\/wp-content\/uploads\/2016\/05\/image-250.jpeg?fit=290%2C217\" data-orig-size=\"290,217\" data-comments-opened=\"0\" data-image-meta=\"{&quot;aperture&quot;:&quot;0&quot;,&quot;credit&quot;:&quot;&quot;,&quot;camera&quot;:&quot;&quot;,&quot;caption&quot;:&quot;&quot;,&quot;created_timestamp&quot;:&quot;0&quot;,&quot;copyright&quot;:&quot;&quot;,&quot;focal_length&quot;:&quot;0&quot;,&quot;iso&quot;:&quot;0&quot;,&quot;shutter_speed&quot;:&quot;0&quot;,&quot;title&quot;:&quot;&quot;,&quot;orientation&quot;:&quot;0&quot;}\" data-image-title=\"image\" data-image-description=\"\" data-image-caption=\"\" data-medium-file=\"https:\/\/i0.wp.com\/blogdalucianaoliveira.com.br\/blog\/wp-content\/uploads\/2016\/05\/image-250.jpeg?fit=290%2C217\" data-large-file=\"https:\/\/i0.wp.com\/blogdalucianaoliveira.com.br\/blog\/wp-content\/uploads\/2016\/05\/image-250.jpeg?fit=290%2C217\" src=\"https:\/\/i0.wp.com\/blogdalucianaoliveira.com.br\/blog\/wp-content\/uploads\/2016\/05\/image-250.jpeg?resize=290%2C217\" alt=\"image\" width=\"290\" height=\"217\" class=\"alignnone size-full wp-image-1271\" \/><\/p>\n<p>Mais de 30 homens teriam estuprado uma garota de 17 na zona Oeste do Rio de Janeiro. <!--more--><\/p>\n<p>Apesar do v\u00eddeo que circulou mostrando as cenas da barb\u00e1rie, a manchete do G1, portal de not\u00edcias da Globo, diz: &#8220;Jovem faz exames ap\u00f3s suspeita de sofrer estupro coletivo no Rio.&#8221;<\/p>\n<p>Suspeita? O v\u00eddeo mostrou claramente. <\/p>\n<p>O v\u00eddeo foi compartilhado v\u00e1rias vezes por pessoas igualmente criminosas e militantes feministas denunciaram ao Minist\u00e9rio P\u00fablico do Rio de Janeiro. <\/p>\n<p>A conta que inicialmente divulgou o v\u00eddeo foi bloqueada do Twitter ap\u00f3s uma s\u00e9rie de den\u00fancias.<\/p>\n<p>A Safernet, organiza\u00e7\u00e3o sem fins lucrativos dedicada \u00e0 defesa e promo\u00e7\u00e3o dos direitos humanos na internet, pede que as imagens n\u00e3o sejam compartilhadas para n\u00e3o expor ainda mais a v\u00edtima, e diz que tamb\u00e9m est\u00e1 tomando provid\u00eancias.<\/p>\n","protected":false},"excerpt":{"rendered":"<p>Mais de 30 homens teriam estuprado uma garota de 17 na zona Oeste do Rio de Janeiro.<\/p>\n","protected":false},"author":1,"featured_media":0,"comment_status":"closed","ping_status":"open","sticky":false,"template":"","format":"standard","meta":{"_exactmetrics_skip_tracking":false,"_exactmetrics_sitenote_active":false,"_exactmetrics_sitenote_note":"","_exactmetrics_sitenote_category":0,"jetpack_post_was_ever_published":false,"_jetpack_newsletter_access":"","_jetpack_dont_email_post_to_subs":false,"_jetpack_newsletter_tier_id":0,"_jetpack_memberships_contains_paywalled_content":false,"_jetpack_memberships_contains_paid_content":false,"footnotes":"","jetpack_publicize_message":"","jetpack_publicize_feature_enabled":true,"jetpack_social_post_already_shared":true,"jetpack_social_options":{"image_generator_settings":{"template":"highway","enabled":false},"version":2}},"categories":[1],"tags":[],"class_list":["post-1270","post","type-post","status-publish","format-standard","hentry","category-notas"],"jetpack_publicize_connections":[],"jetpack_sharing_enabled":true,"jetpack_featured_media_url":"","jetpack_shortlink":"https:\/\/wp.me\/p7wKYW-ku","jetpack-related-posts":[],"_links":{"self":[{"href":"http:\/\/blogdalucianaoliveira.com.br\/blog\/wp-json\/wp\/v2\/posts\/1270","targetHints":{"allow":["GET"]}}],"collection":[{"href":"http:\/\/blogdalucianaoliveira.com.br\/blog\/wp-json\/wp\/v2\/posts"}],"about":[{"href":"http:\/\/blogdalucianaoliveira.com.br\/blog\/wp-json\/wp\/v2\/types\/post"}],"author":[{"embeddable":true,"href":"http:\/\/blogdalucianaoliveira.com.br\/blog\/wp-json\/wp\/v2\/users\/1"}],"replies":[{"embeddable":true,"href":"http:\/\/blogdalucianaoliveira.com.br\/blog\/wp-json\/wp\/v2\/comments?post=1270"}],"version-history":[{"count":2,"href":"http:\/\/blogdalucianaoliveira.com.br\/blog\/wp-json\/wp\/v2\/posts\/1270\/revisions"}],"predecessor-version":[{"id":1273,"href":"http:\/\/blogdalucianaoliveira.com.br\/blog\/wp-json\/wp\/v2\/posts\/1270\/revisions\/1273"}],"wp:attachment":[{"href":"http:\/\/blogdalucianaoliveira.com.br\/blog\/wp-json\/wp\/v2\/media?parent=1270"}],"wp:term":[{"taxonomy":"category","embeddable":true,"href":"http:\/\/blogdalucianaoliveira.com.br\/blog\/wp-json\/wp\/v2\/categories?post=1270"},{"taxonomy":"post_tag","embeddable":true,"href":"http:\/\/blogdalucianaoliveira.com.br\/blog\/wp-json\/wp\/v2\/tags?post=1270"}],"curies":[{"name":"wp","href":"https:\/\/api.w.org\/{rel}","templated":true}]}}