{"id":12704,"date":"2017-08-03T13:05:33","date_gmt":"2017-08-03T17:05:33","guid":{"rendered":"http:\/\/blogdalucianaoliveira.com.br\/blog\/?p=12704"},"modified":"2017-08-03T13:29:42","modified_gmt":"2017-08-03T17:29:42","slug":"por-que-esses-parlamentares-de-rondonia-se-opuseram-ao-despejo-de-temer","status":"publish","type":"post","link":"http:\/\/blogdalucianaoliveira.com.br\/blog\/2017\/08\/03\/por-que-esses-parlamentares-de-rondonia-se-opuseram-ao-despejo-de-temer\/","title":{"rendered":"Por que esses parlamentares de Rond\u00f4nia se opuseram ao despejo de Temer?"},"content":{"rendered":"<p><img data-recalc-dims=\"1\" loading=\"lazy\" decoding=\"async\" data-attachment-id=\"12705\" data-permalink=\"http:\/\/blogdalucianaoliveira.com.br\/blog\/2017\/08\/03\/por-que-esses-parlamentares-de-rondonia-se-opuseram-ao-despejo-de-temer\/img_2824\/\" data-orig-file=\"https:\/\/i0.wp.com\/blogdalucianaoliveira.com.br\/blog\/wp-content\/uploads\/2017\/08\/IMG_2824.png?fit=2400%2C2400\" data-orig-size=\"2400,2400\" data-comments-opened=\"0\" data-image-meta=\"{&quot;aperture&quot;:&quot;0&quot;,&quot;credit&quot;:&quot;&quot;,&quot;camera&quot;:&quot;&quot;,&quot;caption&quot;:&quot;&quot;,&quot;created_timestamp&quot;:&quot;0&quot;,&quot;copyright&quot;:&quot;&quot;,&quot;focal_length&quot;:&quot;0&quot;,&quot;iso&quot;:&quot;0&quot;,&quot;shutter_speed&quot;:&quot;0&quot;,&quot;title&quot;:&quot;&quot;,&quot;orientation&quot;:&quot;0&quot;}\" data-image-title=\"IMG_2824\" data-image-description=\"\" data-image-caption=\"\" data-medium-file=\"https:\/\/i0.wp.com\/blogdalucianaoliveira.com.br\/blog\/wp-content\/uploads\/2017\/08\/IMG_2824.png?fit=300%2C300\" data-large-file=\"https:\/\/i0.wp.com\/blogdalucianaoliveira.com.br\/blog\/wp-content\/uploads\/2017\/08\/IMG_2824.png?fit=600%2C600\" src=\"https:\/\/i0.wp.com\/blogdalucianaoliveira.com.br\/blog\/wp-content\/uploads\/2017\/08\/IMG_2824.png?resize=600%2C600\" alt=\"IMG_2824\" width=\"600\" height=\"600\" class=\"alignnone size-full wp-image-12705\" srcset=\"https:\/\/i0.wp.com\/blogdalucianaoliveira.com.br\/blog\/wp-content\/uploads\/2017\/08\/IMG_2824.png?w=2400 2400w, https:\/\/i0.wp.com\/blogdalucianaoliveira.com.br\/blog\/wp-content\/uploads\/2017\/08\/IMG_2824.png?resize=150%2C150 150w, https:\/\/i0.wp.com\/blogdalucianaoliveira.com.br\/blog\/wp-content\/uploads\/2017\/08\/IMG_2824.png?resize=300%2C300 300w, https:\/\/i0.wp.com\/blogdalucianaoliveira.com.br\/blog\/wp-content\/uploads\/2017\/08\/IMG_2824.png?resize=768%2C768 768w, https:\/\/i0.wp.com\/blogdalucianaoliveira.com.br\/blog\/wp-content\/uploads\/2017\/08\/IMG_2824.png?resize=1024%2C1024 1024w, https:\/\/i0.wp.com\/blogdalucianaoliveira.com.br\/blog\/wp-content\/uploads\/2017\/08\/IMG_2824.png?w=1200 1200w, https:\/\/i0.wp.com\/blogdalucianaoliveira.com.br\/blog\/wp-content\/uploads\/2017\/08\/IMG_2824.png?w=1800 1800w\" sizes=\"auto, (max-width: 600px) 100vw, 600px\" \/><\/p>\n<p>D\u00e1 raiva, mas \u00e9 compreens\u00edvel a conduta de deputados de Rond\u00f4nia que votaram pra barrar o afastamento de Michel Temer, pois convivem com investiga\u00e7\u00f5es.  <\/p>\n<p>\u00c9 s\u00f3 conferir no levantamento exclusivo da Revista Congresso em Foco.  <!--more--><\/p>\n<p>Lindomar Gar\u00e7on (PRB): Inqu\u00e9rito 4020 e a\u00e7\u00e3o penal 925, por crimes eleitorais.<\/p>\n<p>Lucio Mosquini (PMDB): inqu\u00e9rito 4006, por crimes da Lei de Licita\u00e7\u00f5es.<\/p>\n<p>Luiz Cl\u00e1udio (PR): inqu\u00e9rito 4057, por corrup\u00e7\u00e3o passiva.<\/p>\n<p>Nilton Balbino Capixaba (PTB): R\u00e9u nas a\u00e7\u00f5es penais 958 e 644, por crimes da Lei de Licita\u00e7\u00f5es, corrup\u00e7\u00e3o passiva, forma\u00e7\u00e3o de quadrilha e lavagem de dinheiro. <\/p>\n<p>E a Marinha Raupp? Bom, a deputada n\u00e3o aparece no levantamento de enrolados na justi\u00e7a, mas o marido o senador Valdir Raupp (PMDB) coleciona processos. <\/p>\n<p>O ex-governador de Rond\u00f4nia \u00e9 alvo de 11 acusa\u00e7\u00f5es criminais, seis delas (inqu\u00e9ritos 3982, 3989, 4267, 4319, 4323 e 4326) s\u00e3o derivadas da Lava Jato. Ele responde por lavagem de dinheiro, forma\u00e7\u00e3o de quadrilha e corrup\u00e7\u00e3o passiva. Tamb\u00e9m responde ao inqu\u00e9rito 4129, por peculato e forma\u00e7\u00e3o de quadrilha. \u00c9 r\u00e9u nas a\u00e7\u00f5es penais 358, 383, 577 e 1015 por crimes eleitorais e uso de documentos falsos, crimes contra o sistema financeiro, peculato e corrup\u00e7\u00e3o.<\/p>\n<p>Entendeu por que banalizaram a den\u00fancia grav\u00edssima de corrup\u00e7\u00e3o contra o presidente ileg\u00edtimo? <\/p>\n<p>Mat\u00e9ria completa no link: http:\/\/blogdalucianaoliveira.com.br\/blog\/2017\/07\/27\/quem-sao-e-o-que-dizem-os-238-deputados-e-senadores-investigados-no-stf\/<\/p>\n","protected":false},"excerpt":{"rendered":"<p>D\u00e1 raiva, mas \u00e9 compreens\u00edvel a conduta de deputados de Rond\u00f4nia que votaram pra barrar o afastamento de Michel Temer, pois convivem com investiga\u00e7\u00f5es. \u00c9 s\u00f3 conferir no levantamento exclusivo da Revista Congresso em Foco.<\/p>\n","protected":false},"author":1,"featured_media":12705,"comment_status":"closed","ping_status":"open","sticky":false,"template":"","format":"standard","meta":{"_exactmetrics_skip_tracking":false,"_exactmetrics_sitenote_active":false,"_exactmetrics_sitenote_note":"","_exactmetrics_sitenote_category":0,"jetpack_post_was_ever_published":false,"_jetpack_newsletter_access":"","_jetpack_dont_email_post_to_subs":false,"_jetpack_newsletter_tier_id":0,"_jetpack_memberships_contains_paywalled_content":false,"_jetpack_memberships_contains_paid_content":false,"footnotes":"","jetpack_publicize_message":"","jetpack_publicize_feature_enabled":true,"jetpack_social_post_already_shared":true,"jetpack_social_options":{"image_generator_settings":{"template":"highway","enabled":false},"version":2}},"categories":[1],"tags":[],"class_list":["post-12704","post","type-post","status-publish","format-standard","has-post-thumbnail","hentry","category-notas"],"jetpack_publicize_connections":[],"jetpack_sharing_enabled":true,"jetpack_featured_media_url":"https:\/\/i0.wp.com\/blogdalucianaoliveira.com.br\/blog\/wp-content\/uploads\/2017\/08\/IMG_2824.png?fit=2400%2C2400","jetpack_shortlink":"https:\/\/wp.me\/p7wKYW-3iU","jetpack-related-posts":[],"_links":{"self":[{"href":"http:\/\/blogdalucianaoliveira.com.br\/blog\/wp-json\/wp\/v2\/posts\/12704","targetHints":{"allow":["GET"]}}],"collection":[{"href":"http:\/\/blogdalucianaoliveira.com.br\/blog\/wp-json\/wp\/v2\/posts"}],"about":[{"href":"http:\/\/blogdalucianaoliveira.com.br\/blog\/wp-json\/wp\/v2\/types\/post"}],"author":[{"embeddable":true,"href":"http:\/\/blogdalucianaoliveira.com.br\/blog\/wp-json\/wp\/v2\/users\/1"}],"replies":[{"embeddable":true,"href":"http:\/\/blogdalucianaoliveira.com.br\/blog\/wp-json\/wp\/v2\/comments?post=12704"}],"version-history":[{"count":1,"href":"http:\/\/blogdalucianaoliveira.com.br\/blog\/wp-json\/wp\/v2\/posts\/12704\/revisions"}],"predecessor-version":[{"id":12706,"href":"http:\/\/blogdalucianaoliveira.com.br\/blog\/wp-json\/wp\/v2\/posts\/12704\/revisions\/12706"}],"wp:featuredmedia":[{"embeddable":true,"href":"http:\/\/blogdalucianaoliveira.com.br\/blog\/wp-json\/wp\/v2\/media\/12705"}],"wp:attachment":[{"href":"http:\/\/blogdalucianaoliveira.com.br\/blog\/wp-json\/wp\/v2\/media?parent=12704"}],"wp:term":[{"taxonomy":"category","embeddable":true,"href":"http:\/\/blogdalucianaoliveira.com.br\/blog\/wp-json\/wp\/v2\/categories?post=12704"},{"taxonomy":"post_tag","embeddable":true,"href":"http:\/\/blogdalucianaoliveira.com.br\/blog\/wp-json\/wp\/v2\/tags?post=12704"}],"curies":[{"name":"wp","href":"https:\/\/api.w.org\/{rel}","templated":true}]}}