{"id":12715,"date":"2017-08-03T17:00:25","date_gmt":"2017-08-03T21:00:25","guid":{"rendered":"http:\/\/blogdalucianaoliveira.com.br\/blog\/?p=12715"},"modified":"2017-08-03T17:00:25","modified_gmt":"2017-08-03T21:00:25","slug":"o-imprevisivel-preco-politico-do-engavetamento-da-investigacao-contra-temer","status":"publish","type":"post","link":"http:\/\/blogdalucianaoliveira.com.br\/blog\/2017\/08\/03\/o-imprevisivel-preco-politico-do-engavetamento-da-investigacao-contra-temer\/","title":{"rendered":"O imprevis\u00edvel pre\u00e7o pol\u00edtico do engavetamento da investiga\u00e7\u00e3o contra Temer"},"content":{"rendered":"<p><img data-recalc-dims=\"1\" loading=\"lazy\" decoding=\"async\" data-attachment-id=\"12716\" data-permalink=\"http:\/\/blogdalucianaoliveira.com.br\/blog\/2017\/08\/03\/o-imprevisivel-preco-politico-do-engavetamento-da-investigacao-contra-temer\/rati\/\" data-orig-file=\"https:\/\/i0.wp.com\/blogdalucianaoliveira.com.br\/blog\/wp-content\/uploads\/2017\/08\/rati.jpg?fit=700%2C612\" data-orig-size=\"700,612\" data-comments-opened=\"0\" data-image-meta=\"{&quot;aperture&quot;:&quot;0&quot;,&quot;credit&quot;:&quot;&quot;,&quot;camera&quot;:&quot;&quot;,&quot;caption&quot;:&quot;&quot;,&quot;created_timestamp&quot;:&quot;0&quot;,&quot;copyright&quot;:&quot;&quot;,&quot;focal_length&quot;:&quot;0&quot;,&quot;iso&quot;:&quot;0&quot;,&quot;shutter_speed&quot;:&quot;0&quot;,&quot;title&quot;:&quot;&quot;,&quot;orientation&quot;:&quot;0&quot;}\" data-image-title=\"rati\" data-image-description=\"\" data-image-caption=\"\" data-medium-file=\"https:\/\/i0.wp.com\/blogdalucianaoliveira.com.br\/blog\/wp-content\/uploads\/2017\/08\/rati.jpg?fit=300%2C262\" data-large-file=\"https:\/\/i0.wp.com\/blogdalucianaoliveira.com.br\/blog\/wp-content\/uploads\/2017\/08\/rati.jpg?fit=600%2C525\" src=\"https:\/\/i0.wp.com\/blogdalucianaoliveira.com.br\/blog\/wp-content\/uploads\/2017\/08\/rati.jpg?resize=600%2C525\" alt=\"rati\" width=\"600\" height=\"525\" class=\"alignnone size-full wp-image-12716\" srcset=\"https:\/\/i0.wp.com\/blogdalucianaoliveira.com.br\/blog\/wp-content\/uploads\/2017\/08\/rati.jpg?w=700 700w, https:\/\/i0.wp.com\/blogdalucianaoliveira.com.br\/blog\/wp-content\/uploads\/2017\/08\/rati.jpg?resize=300%2C262 300w, https:\/\/i0.wp.com\/blogdalucianaoliveira.com.br\/blog\/wp-content\/uploads\/2017\/08\/rati.jpg?resize=343%2C300 343w\" sizes=\"auto, (max-width: 600px) 100vw, 600px\" \/><\/p>\n<p>Vit\u00f3ria de Temer envenena (ainda mais) narrativa do golpe<!--more--><\/p>\n<p>O Cafezinho, por Miguel do Ros\u00e1rio<\/p>\n<p>Os analistas da m\u00eddia, convertidos hoje em meros estafetas a servi\u00e7os do golpe, ter\u00e3o trabalho extra com a vit\u00f3ria de Michel Temer, por isso devem estar bastante mal humorados.<\/p>\n<p>N\u00e3o ser\u00e3o eles, de qualquer forma, que poder\u00e3o escrever sobre algumas consequ\u00eancias \u00f3bvias da vota\u00e7\u00e3o de ontem, na qual o governo obteve uma vit\u00f3ria esmagadora, que n\u00e3o pode ser medida pelo placar de 263 votos a 227 votos em favor do governo.<\/p>\n<p>Como a oposi\u00e7\u00e3o precisava de 342 votos para autorizar a investiga\u00e7\u00e3o e cassar o presidente, todos os deputados da direita com eleitorado de \u201copini\u00e3o\u201d, como s\u00e3o boa parte dos tucanos, al\u00e9m dos Bolsonaro, votaram \u201cn\u00e3o\u201d, ou seja, em favor da continuidade das investiga\u00e7\u00f5es.<\/p>\n<p>Mas foram votos notoriamente oportunistas, eleitoreiros, visto que todos os movimentos da c\u00fapula do PSDB foram no sentido de ampliar (e n\u00e3o diminuir) o apoio do partido ao governo Temer.<\/p>\n<p>Os Bolsonaro, por sua vez, ou pelo menos o patriarca, Jair, est\u00e3o de mudan\u00e7a para o PEN, que \u00e9 a legenda mais fiel a Temer no congresso. O PEN orientou o voto em favor do governo Temer (ou seja, no \u201csim\u201d), e todos seus deputados seguiram fielmente a diretriz.<\/p>\n<p>N\u00e3o se pode esquecer isso, portanto, ao analisar o tamanho da vit\u00f3ria de Temer: ela foi maior do que o placar. Com isso, o caminho para aprovar mais reformas antissociais, sem aprova\u00e7\u00e3o popular, sem debate com a sociedade, est\u00e1 aberto.<\/p>\n<p>Para entender os efeitos da vota\u00e7\u00e3o de ontem, por outro lado, \u00e9 preciso lembrar que in\u00fameros institutos de pesquisa detectaram que uma maioria esmagadora de brasileiros, quase a totalidade, desejava um resultado diferente, ou seja, que fosse autorizada a investiga\u00e7\u00e3o.<\/p>\n<p>Todas essas pessoas amanheceram com o gosto amargo da derrota na boca. O que acontece quando, numa democracia, a maioria perde?<\/p>\n<p>Sup\u00f5e-se que, ao rancor que as pessoas sentem em rela\u00e7\u00e3o ao governo, venha se somar a frustra\u00e7\u00e3o, a sensa\u00e7\u00e3o de impot\u00eancia, o des\u00e2nimo.<\/p>\n<p>Mas n\u00e3o se pode, jamais, subestimar a vontade e o esp\u00edrito popular. Esses sentimentos s\u00e3o naturais e constituem uma defesa coletiva psicol\u00f3gica natural. Eles se transformam, rapidamente, em outra coisa, que ainda n\u00e3o sabemos, mas que ser\u00e1, provavelmente, qualquer coisa que seja oponha a Michel Temer. Ser\u00e1 dif\u00edcil para o PSDB e Bolsonaro convencerem a popula\u00e7\u00e3o de que n\u00e3o est\u00e3o com Temer, se eles aparecem ao lado do governo na comemora\u00e7\u00e3o das \u201creformas\u201d propostas e aprovadas.<\/p>\n<p>Bolsonaro poder\u00e1 tentar se descolar das reformas? Se for inteligente, sim, mas a\u00ed ser\u00e1 atacado pela m\u00eddia. Por enquanto, a m\u00eddia deixa Bolsonaro, expulso do ex\u00e9rcito por terrorismo, livre, leve e solto, por entender que ele tem potencial de tirar votos de Lula, j\u00e1 que \u00e9 \u00f3bvio que o deputado carioca j\u00e1 passou da fase em que tinha apoio apenas de setores autorit\u00e1rios e ignorantes da classe m\u00e9dia, para come\u00e7ar a crescer tamb\u00e9m junto ao eleitorado mais pobre, cada vez mais assustado e confuso com o avan\u00e7o das opera\u00e7\u00f5es judiciais sobre tudo e sobre todos.<\/p>\n<p>Qu\u00e3o diferente foi a vota\u00e7\u00e3o de ontem, em Bras\u00edllia movida por verbas e articula\u00e7\u00f5es obscuras, da elei\u00e7\u00e3o da Assembleia Constituinte na Venezuela? Esta \u00faltima movimentou toda a popula\u00e7\u00e3o: a oposi\u00e7\u00e3o n\u00e3o foi votar, mas isso foi uma participa\u00e7\u00e3o pol\u00edtica; e os favor\u00e1veis \u00e0 Constituinte enfrentaram os riscos e os medos para elegerem seus candidatos. L\u00e1, houve participa\u00e7\u00e3o pol\u00edtica e aprendizado. E aqui? A popula\u00e7\u00e3o assistiu at\u00f4nita, impotente, os deputados apresentarem seus votos em favor de Temer com argumentos incrivelmente contradit\u00f3rios.<\/p>\n<p>O golpe \u2013 e a esta altura, n\u00e3o h\u00e1 d\u00favidas de que h\u00e1 uma articula\u00e7\u00e3o muito estruturada que une Lava Jato, Michel Temer e m\u00eddia \u2013 tentou evitar ao m\u00e1ximo a exposi\u00e7\u00e3o dos deputados que votaram em favor de Temer. A vota\u00e7\u00e3o foi realizada num dia semana, em hor\u00e1rio de trabalho, n\u00e3o num domingo, como foi o impeachment de Dilma, e cuja repercuss\u00e3o negativa serviu de li\u00e7\u00e3o ao golpe, que n\u00e3o ir\u00e1 repetir o erro. Aos deputados foram dados apenas alguns segundos para se pronunciarem. Seguiu-se a li\u00e7\u00e3o maquiav\u00e9lica, de que o poder, quando pretende fazer mal ao povo, deve ser r\u00e1pido e brutal. Ali\u00e1s, todas as a\u00e7\u00f5es do governo Temer tem seguido essa m\u00e1xima: em poucos meses, o desmonte de tudo.<\/p>\n<p>As pessoas reclamaram, com raz\u00e3o, da apatia das ruas, dos movimentos sociais, dos sindicatos, dos partidos de esquerda, mas \u00e9 preciso ponderar que estes setores vem protestando h\u00e1 meses. Este ano, foram dezenas de protestos, alguns bem grandes, incluindo duas greves gerais. Nada tem conseguido interromper a marcha do golpe, porque ele tem o judici\u00e1rio, a Lava Jato e a m\u00eddia a seu lado. N\u00e3o h\u00e1 uma a\u00e7\u00e3o do golpe, incluindo a vota\u00e7\u00e3o de ontem, que n\u00e3o fosse acompanhada, de perto, pela Lava Jato. No dia da vota\u00e7\u00e3o da cassa\u00e7\u00e3o de Temer, Sergio Moro aceita outra den\u00fancia contra Lula. No dia seguinte, em que e a vit\u00f3ria do governo poderia trincar a narrativa, outra etapa da opera\u00e7\u00e3o \u00e9 deflagrada.<\/p>\n<p>Os deputados mais histericamente fieis a Temer, como o caricato Wladimir Costa (Solidariedade-PA), usavam o nome de Lula, ou tentavam surfar no antipetismo, como senha para jogar uma cortina de fuma\u00e7a sobre a vota\u00e7\u00e3o. Costa segurava um boneco do \u201cpixuleco\u201d, representando Lula em trajes de presidi\u00e1rio, o qual n\u00e3o parava de agir, durante toda a vota\u00e7\u00e3o, seguindo de gritos contra Lula e o PT.<\/p>\n<p>Com a vota\u00e7\u00e3o de ontem, o governo ficou ainda mais ref\u00e9m dos setores mais retr\u00f3grados, conservadores e direitistas do parlamento.<\/p>\n<p>A grande m\u00eddia, por\u00e9m, \u00e9 a principal culpada. No mesmo dia da vota\u00e7\u00e3o, um editorial do Globo, embora fingisse apoiar, no t\u00edtulo, a continuidade das investiga\u00e7\u00f5es, cita Lula quatro vezes, o PT mais quatro vezes, e o \u201cpetrol\u00e3o\u201d, duas vezes, e elogia desbragadamente a \u201cequipe econ\u00f4mica\u201d e as reformas de Michel Temer. Ou seja, Wladimir Costa, em verdade, apenas traduziu para a linguagem do baixo parlamento o recado da Globo aos setores pretensamente (e s\u00f3 pretensamente!) mais esclarecidos das elites, sempre atentos \u00e0s diretrizes emanadas pela dire\u00e7\u00e3o central do golpe, que \u00e9 a pr\u00f3pria Globo.<\/p>\n<p>O dilema da Globo \u00e9 que ela, por mais que simule movimentos opostos, com uma t\u00e1tica diversionista que, infelizmente, ainda engana muitos incautos, est\u00e1 cada vez mais pr\u00f3xima de Michel Temer. E Michel Temer se torna, mais e mais, s\u00edmbolo do golpe.<\/p>\n","protected":false},"excerpt":{"rendered":"<p>Vit\u00f3ria de Temer envenena (ainda mais) narrativa do golpe<\/p>\n","protected":false},"author":1,"featured_media":0,"comment_status":"closed","ping_status":"open","sticky":false,"template":"","format":"standard","meta":{"_exactmetrics_skip_tracking":false,"_exactmetrics_sitenote_active":false,"_exactmetrics_sitenote_note":"","_exactmetrics_sitenote_category":0,"jetpack_post_was_ever_published":false,"_jetpack_newsletter_access":"","_jetpack_dont_email_post_to_subs":false,"_jetpack_newsletter_tier_id":0,"_jetpack_memberships_contains_paywalled_content":false,"_jetpack_memberships_contains_paid_content":false,"footnotes":"","jetpack_publicize_message":"","jetpack_publicize_feature_enabled":true,"jetpack_social_post_already_shared":true,"jetpack_social_options":{"image_generator_settings":{"template":"highway","enabled":false},"version":2}},"categories":[1],"tags":[],"class_list":["post-12715","post","type-post","status-publish","format-standard","hentry","category-notas"],"jetpack_publicize_connections":[],"jetpack_sharing_enabled":true,"jetpack_featured_media_url":"","jetpack_shortlink":"https:\/\/wp.me\/p7wKYW-3j5","jetpack-related-posts":[],"_links":{"self":[{"href":"http:\/\/blogdalucianaoliveira.com.br\/blog\/wp-json\/wp\/v2\/posts\/12715","targetHints":{"allow":["GET"]}}],"collection":[{"href":"http:\/\/blogdalucianaoliveira.com.br\/blog\/wp-json\/wp\/v2\/posts"}],"about":[{"href":"http:\/\/blogdalucianaoliveira.com.br\/blog\/wp-json\/wp\/v2\/types\/post"}],"author":[{"embeddable":true,"href":"http:\/\/blogdalucianaoliveira.com.br\/blog\/wp-json\/wp\/v2\/users\/1"}],"replies":[{"embeddable":true,"href":"http:\/\/blogdalucianaoliveira.com.br\/blog\/wp-json\/wp\/v2\/comments?post=12715"}],"version-history":[{"count":1,"href":"http:\/\/blogdalucianaoliveira.com.br\/blog\/wp-json\/wp\/v2\/posts\/12715\/revisions"}],"predecessor-version":[{"id":12717,"href":"http:\/\/blogdalucianaoliveira.com.br\/blog\/wp-json\/wp\/v2\/posts\/12715\/revisions\/12717"}],"wp:attachment":[{"href":"http:\/\/blogdalucianaoliveira.com.br\/blog\/wp-json\/wp\/v2\/media?parent=12715"}],"wp:term":[{"taxonomy":"category","embeddable":true,"href":"http:\/\/blogdalucianaoliveira.com.br\/blog\/wp-json\/wp\/v2\/categories?post=12715"},{"taxonomy":"post_tag","embeddable":true,"href":"http:\/\/blogdalucianaoliveira.com.br\/blog\/wp-json\/wp\/v2\/tags?post=12715"}],"curies":[{"name":"wp","href":"https:\/\/api.w.org\/{rel}","templated":true}]}}