{"id":12718,"date":"2017-08-04T11:10:47","date_gmt":"2017-08-04T15:10:47","guid":{"rendered":"http:\/\/blogdalucianaoliveira.com.br\/blog\/?p=12718"},"modified":"2017-08-04T11:10:47","modified_gmt":"2017-08-04T15:10:47","slug":"as-imagens-da-propina-de-aecio-lider-do-golpe","status":"publish","type":"post","link":"http:\/\/blogdalucianaoliveira.com.br\/blog\/2017\/08\/04\/as-imagens-da-propina-de-aecio-lider-do-golpe\/","title":{"rendered":"AS IMAGENS DA PROPINA DE A\u00c9CIO, L\u00cdDER DO GOLPE"},"content":{"rendered":"<p><img data-recalc-dims=\"1\" loading=\"lazy\" decoding=\"async\" data-attachment-id=\"12719\" data-permalink=\"http:\/\/blogdalucianaoliveira.com.br\/blog\/2017\/08\/04\/as-imagens-da-propina-de-aecio-lider-do-golpe\/aeeeee\/\" data-orig-file=\"https:\/\/i0.wp.com\/blogdalucianaoliveira.com.br\/blog\/wp-content\/uploads\/2017\/08\/aeeeee.jpg?fit=1000%2C357\" data-orig-size=\"1000,357\" data-comments-opened=\"0\" data-image-meta=\"{&quot;aperture&quot;:&quot;0&quot;,&quot;credit&quot;:&quot;&quot;,&quot;camera&quot;:&quot;&quot;,&quot;caption&quot;:&quot;&quot;,&quot;created_timestamp&quot;:&quot;0&quot;,&quot;copyright&quot;:&quot;&quot;,&quot;focal_length&quot;:&quot;0&quot;,&quot;iso&quot;:&quot;0&quot;,&quot;shutter_speed&quot;:&quot;0&quot;,&quot;title&quot;:&quot;&quot;,&quot;orientation&quot;:&quot;0&quot;}\" data-image-title=\"aeeeee\" data-image-description=\"\" data-image-caption=\"\" data-medium-file=\"https:\/\/i0.wp.com\/blogdalucianaoliveira.com.br\/blog\/wp-content\/uploads\/2017\/08\/aeeeee.jpg?fit=300%2C107\" data-large-file=\"https:\/\/i0.wp.com\/blogdalucianaoliveira.com.br\/blog\/wp-content\/uploads\/2017\/08\/aeeeee.jpg?fit=600%2C214\" src=\"https:\/\/i0.wp.com\/blogdalucianaoliveira.com.br\/blog\/wp-content\/uploads\/2017\/08\/aeeeee.jpg?resize=600%2C214\" alt=\"aeeeee\" width=\"600\" height=\"214\" class=\"alignnone size-full wp-image-12719\" srcset=\"https:\/\/i0.wp.com\/blogdalucianaoliveira.com.br\/blog\/wp-content\/uploads\/2017\/08\/aeeeee.jpg?w=1000 1000w, https:\/\/i0.wp.com\/blogdalucianaoliveira.com.br\/blog\/wp-content\/uploads\/2017\/08\/aeeeee.jpg?resize=300%2C107 300w, https:\/\/i0.wp.com\/blogdalucianaoliveira.com.br\/blog\/wp-content\/uploads\/2017\/08\/aeeeee.jpg?resize=768%2C274 768w, https:\/\/i0.wp.com\/blogdalucianaoliveira.com.br\/blog\/wp-content\/uploads\/2017\/08\/aeeeee.jpg?resize=800%2C286 800w\" sizes=\"auto, (max-width: 600px) 100vw, 600px\" \/><\/p>\n<p>247 &#8211; A revista \u00c9poca publica, nesta sexta-feira, as imagens da propina de R$ 2 milh\u00f5es paga pela JBS ao senador A\u00e9cio Neves (PSDB-MG), que perdeu as elei\u00e7\u00f5es de 2014, mas assaltou o poder ao liderar o golpe de 2016, em parceria com Eduardo Cunha e Michel Temer.<!--more--><\/p>\n<p>As fotos registram a organiza\u00e7\u00e3o e o empacotamento dos R$ 2,4 milh\u00f5es em cash entregues a prepostos de Michel Temer, do senador A\u00e9cio Neves e do doleiro L\u00facio Funaro. <\/p>\n<p>&#8220;\u00c9POCA reconstituiu a cena por meio de grava\u00e7\u00f5es autorizadas pela Justi\u00e7a (ou\u00e7a um dos \u00e1udios) se de entrevistas reservadas com participantes da a\u00e7\u00e3o controlada. Reconstituiu, tamb\u00e9m, as outras quatro entregas de dinheiro vivo acompanhadas pela PF entre abril e maio deste ano, na Opera\u00e7\u00e3o Patmos, resultado das dela\u00e7\u00f5es dos executivos da JBS. Os cinco pagamentos somaram R$ 2,4 milh\u00f5es. Foram tr\u00eas entregas de R$ 500 mil destinadas a A\u00e9cio, uma de R$ 400 mil destinada ao doleiro L\u00facio Funaro e, por fim, uma de R$ 500 mil destinada ao presidente Michel Temer &#8211; aquela da mala preta com rodinhas, que cruzou velozmente as cal\u00e7adas de S\u00e3o Paulo gra\u00e7as \u00e0s m\u00e3os marotas de Rodrigo Rocha Loures, o &#8220;longa manus&#8221; do peemedebista, nas palavras da Procuradoria-Geral da Rep\u00fablica.<\/p>\n<p>O empres\u00e1rio Frederico Pacheco, o Fred, primo de A\u00e9cio, foi quem recebeu as tr\u00eas malas com R$ 500 mil em propina ao senador tucano, segundo as dela\u00e7\u00f5es da JBS. &#8220;Come\u00e7ou no dia 5 de abril, voltou no dia 12, j\u00e1 sob monitoramento da PF, e manteve o cronograma nas semanas seguintes: encontrou Saud, no mesmo local, tamb\u00e9m nos dias 19 de abril e 3 de maio. Cumpria a tarefa enquanto o Brasil conhecia o teor das dela\u00e7\u00f5es da Odebrecht; enquanto o pa\u00eds assistia aos depoimentos do executivos da empreiteira, que tanto incriminavam A\u00e9cio. &#8216;Eu durmo tranquilo&#8217;, disse Fred no segundo encontro, logo ap\u00f3s racionalizar os crimes que cometia como um ato isolado, que n\u00e3o o definia. &#8216;Se eu te contar uma coisa voc\u00ea n\u00e3o vai acreditar: a \u00fanica pessoa com quem eu tratei em esp\u00e9cie foi voc\u00ea. A \u00fanica pessoa que pode falar de mim \u00e9 voc\u00ea&#8217;. Saud deixou-o \u00e0 vontade para desabafar. &#8216;Como \u00e9 que eu n\u00e3o fa\u00e7o? Tenho um compromisso de lealdade com o A\u00e9cio&#8217;, disse o delator da JBS. <\/p>\n<p>Leia no link:<\/p>\n<p>http:\/\/epoca.globo.com\/politica\/noticia\/2017\/08\/exclusivo-malas-de-dinheiro-da-jbs-destinadas-temer-e-aecio.html<\/p>\n","protected":false},"excerpt":{"rendered":"<p>247 &#8211; A revista \u00c9poca publica, nesta sexta-feira, as imagens da propina de R$ 2 milh\u00f5es paga pela JBS ao senador A\u00e9cio Neves (PSDB-MG), que perdeu as elei\u00e7\u00f5es de 2014, mas assaltou o poder ao liderar o golpe de 2016, em parceria com Eduardo Cunha e Michel Temer.<\/p>\n","protected":false},"author":1,"featured_media":0,"comment_status":"closed","ping_status":"open","sticky":false,"template":"","format":"standard","meta":{"_exactmetrics_skip_tracking":false,"_exactmetrics_sitenote_active":false,"_exactmetrics_sitenote_note":"","_exactmetrics_sitenote_category":0,"jetpack_post_was_ever_published":false,"_jetpack_newsletter_access":"","_jetpack_dont_email_post_to_subs":false,"_jetpack_newsletter_tier_id":0,"_jetpack_memberships_contains_paywalled_content":false,"_jetpack_memberships_contains_paid_content":false,"footnotes":"","jetpack_publicize_message":"","jetpack_publicize_feature_enabled":true,"jetpack_social_post_already_shared":true,"jetpack_social_options":{"image_generator_settings":{"template":"highway","enabled":false},"version":2}},"categories":[1],"tags":[],"class_list":["post-12718","post","type-post","status-publish","format-standard","hentry","category-notas"],"jetpack_publicize_connections":[],"jetpack_sharing_enabled":true,"jetpack_featured_media_url":"","jetpack_shortlink":"https:\/\/wp.me\/p7wKYW-3j8","jetpack-related-posts":[],"_links":{"self":[{"href":"http:\/\/blogdalucianaoliveira.com.br\/blog\/wp-json\/wp\/v2\/posts\/12718","targetHints":{"allow":["GET"]}}],"collection":[{"href":"http:\/\/blogdalucianaoliveira.com.br\/blog\/wp-json\/wp\/v2\/posts"}],"about":[{"href":"http:\/\/blogdalucianaoliveira.com.br\/blog\/wp-json\/wp\/v2\/types\/post"}],"author":[{"embeddable":true,"href":"http:\/\/blogdalucianaoliveira.com.br\/blog\/wp-json\/wp\/v2\/users\/1"}],"replies":[{"embeddable":true,"href":"http:\/\/blogdalucianaoliveira.com.br\/blog\/wp-json\/wp\/v2\/comments?post=12718"}],"version-history":[{"count":1,"href":"http:\/\/blogdalucianaoliveira.com.br\/blog\/wp-json\/wp\/v2\/posts\/12718\/revisions"}],"predecessor-version":[{"id":12720,"href":"http:\/\/blogdalucianaoliveira.com.br\/blog\/wp-json\/wp\/v2\/posts\/12718\/revisions\/12720"}],"wp:attachment":[{"href":"http:\/\/blogdalucianaoliveira.com.br\/blog\/wp-json\/wp\/v2\/media?parent=12718"}],"wp:term":[{"taxonomy":"category","embeddable":true,"href":"http:\/\/blogdalucianaoliveira.com.br\/blog\/wp-json\/wp\/v2\/categories?post=12718"},{"taxonomy":"post_tag","embeddable":true,"href":"http:\/\/blogdalucianaoliveira.com.br\/blog\/wp-json\/wp\/v2\/tags?post=12718"}],"curies":[{"name":"wp","href":"https:\/\/api.w.org\/{rel}","templated":true}]}}