{"id":12721,"date":"2017-08-04T11:19:31","date_gmt":"2017-08-04T15:19:31","guid":{"rendered":"http:\/\/blogdalucianaoliveira.com.br\/blog\/?p=12721"},"modified":"2017-08-04T11:19:31","modified_gmt":"2017-08-04T15:19:31","slug":"sorria-hoje-e-sexta-feira-e-aecio-zerou-de-novo-na-pesquisa-vox","status":"publish","type":"post","link":"http:\/\/blogdalucianaoliveira.com.br\/blog\/2017\/08\/04\/sorria-hoje-e-sexta-feira-e-aecio-zerou-de-novo-na-pesquisa-vox\/","title":{"rendered":"Sorria! Hoje \u00e9 sexta-feira e A\u00e9cio zerou de novo na pesquisa VOX"},"content":{"rendered":"<p><img data-recalc-dims=\"1\" loading=\"lazy\" decoding=\"async\" data-attachment-id=\"12722\" data-permalink=\"http:\/\/blogdalucianaoliveira.com.br\/blog\/2017\/08\/04\/sorria-hoje-e-sexta-feira-e-aecio-zerou-de-novo-na-pesquisa-vox\/rerere\/\" data-orig-file=\"https:\/\/i0.wp.com\/blogdalucianaoliveira.com.br\/blog\/wp-content\/uploads\/2017\/08\/rerere.jpg?fit=1600%2C1023\" data-orig-size=\"1600,1023\" data-comments-opened=\"0\" data-image-meta=\"{&quot;aperture&quot;:&quot;0&quot;,&quot;credit&quot;:&quot;Agencia Brasil\\\/Antonio Cruz&quot;,&quot;camera&quot;:&quot;&quot;,&quot;caption&quot;:&quot;&quot;,&quot;created_timestamp&quot;:&quot;0&quot;,&quot;copyright&quot;:&quot;Agencia Brasil&quot;,&quot;focal_length&quot;:&quot;0&quot;,&quot;iso&quot;:&quot;0&quot;,&quot;shutter_speed&quot;:&quot;0&quot;,&quot;title&quot;:&quot;&quot;,&quot;orientation&quot;:&quot;0&quot;}\" data-image-title=\"rerere\" data-image-description=\"\" data-image-caption=\"\" data-medium-file=\"https:\/\/i0.wp.com\/blogdalucianaoliveira.com.br\/blog\/wp-content\/uploads\/2017\/08\/rerere.jpg?fit=300%2C192\" data-large-file=\"https:\/\/i0.wp.com\/blogdalucianaoliveira.com.br\/blog\/wp-content\/uploads\/2017\/08\/rerere.jpg?fit=600%2C384\" src=\"https:\/\/i0.wp.com\/blogdalucianaoliveira.com.br\/blog\/wp-content\/uploads\/2017\/08\/rerere.jpg?resize=600%2C384\" alt=\"rerere\" width=\"600\" height=\"384\" class=\"alignnone size-full wp-image-12722\" srcset=\"https:\/\/i0.wp.com\/blogdalucianaoliveira.com.br\/blog\/wp-content\/uploads\/2017\/08\/rerere.jpg?w=1600 1600w, https:\/\/i0.wp.com\/blogdalucianaoliveira.com.br\/blog\/wp-content\/uploads\/2017\/08\/rerere.jpg?resize=300%2C192 300w, https:\/\/i0.wp.com\/blogdalucianaoliveira.com.br\/blog\/wp-content\/uploads\/2017\/08\/rerere.jpg?resize=768%2C491 768w, https:\/\/i0.wp.com\/blogdalucianaoliveira.com.br\/blog\/wp-content\/uploads\/2017\/08\/rerere.jpg?resize=1024%2C655 1024w, https:\/\/i0.wp.com\/blogdalucianaoliveira.com.br\/blog\/wp-content\/uploads\/2017\/08\/rerere.jpg?resize=469%2C300 469w, https:\/\/i0.wp.com\/blogdalucianaoliveira.com.br\/blog\/wp-content\/uploads\/2017\/08\/rerere.jpg?w=1200 1200w\" sizes=\"auto, (max-width: 600px) 100vw, 600px\" \/><\/p>\n<p>Lula lidera inten\u00e7\u00f5es de voto para presidente em 2018 e venceria em todos os cen\u00e1rios<br \/>\nEle \u00e9 considerado o melhor presidente que o Brasil j\u00e1 teve para 55% dos brasileiros; 58% o consideram bom administrador; 65% que \u00e9 trabalhador; e 61% dizem que a vida melhorou nos governos do PT<!--more--><\/p>\n<p>Na Rede Brasil Atual<\/p>\n<p>S\u00e3o Paulo \u2013 O ex-presidente Luiz In\u00e1cio Lula da Silva venceria em todos os cen\u00e1rios se as elei\u00e7\u00f5es presidenciais fossem hoje. De acordo com pesquisa do Instituto Vox Populi, realizada a pedido da CUT, Lula teria 53% dos votos se disputasse um segundo turno com Jair Bolsonaro (PEN) ou com o prefeito paulistano, Jo\u00e3o Doria (PSDB). E teria 52% no confronto com Marina Silva (Rede) ou com Geraldo Alckmin (PSDB).<\/p>\n<p>Nesses cen\u00e1rios simulados pela pesquisa, Bolsonaro aparece com 17% dos votos, enquanto Alckmin, Doria e Marina alcan\u00e7ariam 15% do total de votos.<\/p>\n<p>Na sondagem de inten\u00e7\u00e3o de voto manifestada espontaneamente pelo entrevistado, Lula cresceu mesmo depois que o juiz S\u00e9rgio Moro pediu a condena\u00e7\u00e3o do ex-presidente no caso do tr\u00edplex de Guaruj\u00e1. Em junho, antes da senten\u00e7a, 40% dos entrevistados disseram que votariam no ex-presidente. No fim de julho, o percentual aumentou para 42%. Nesta quinta-feira, numa manobra vista pelos advogados de Lula como mais uma demonstra\u00e7\u00e3o  de pr\u00e1tica de lawfare (persegui\u00e7\u00e3o judicial com objetivos pol\u00edticos), o juiz Moro determinou o &#8220;confisco&#8221; do apartamento. O im\u00f3vel pertence \u00e0 OAS e est\u00e1 retido pela Caixa Federal em raz\u00e3o de d\u00edvidas judiciais da empreiteira. <\/p>\n<p>&#8220;Eu quero que eles saibam que n\u00f3s vamos voltar&#8221;, afirmou Lula nesta quinta (3) em encontro com movimentos de moradia em S\u00e3o Paulo. &#8220;Quando eu digo &#8216;n\u00f3s&#8217;, n\u00e3o \u00e9 o Lula&#8221;, acrescentou, &#8220;\u00e9 o povo trabalhador deste pa\u00eds.&#8221;<\/p>\n<p>Para o diretor do Vox Populi, Marcos Coimbra, v\u00e1rios componentes da pesquisa podem explicar por que a decis\u00e3o de Moro n\u00e3o afetou as inten\u00e7\u00f5es de voto positivas no ex-presidente. \u201cUm deles, muito importante, \u00e9 que, para 42% dos entrevistados, Moro n\u00e3o provou a culpa de Lula no caso do tr\u00edplex do Guaruj\u00e1. Para 32%, Moro provou e, outros, 27% n\u00e3o souberam ou n\u00e3o quiseram responder.\u201d<\/p>\n<p>No cen\u00e1rio em que os entrevistados n\u00e3o recebem cartela com nomes e citam espontaneamente em quem pretendem votar para presidente da Rep\u00fablica em 2018, o segundo colocado \u00e9 Bolsonaro, com 8% das inten\u00e7\u00f5es de voto. Marina vem em terceiro, com 2%; com 1% dos votos aparecem Moro (sem partido), Ciro Gomes (PDT), Joaquim Barbosa (sem partido) e os tucanos Doria, Fernando Henrique Cardoso e Alckmin.<\/p>\n<p>O senador mineiro e presidente afastado do PSDB, A\u00e9cio Neves, zerou novamente, como na pesquisa de junho. A\u00e9cio, um dos principais articuladores do impeachment de Dilma Rousseff sem crime de responsabilidade, \u00e9 alvo de den\u00fancias de corrup\u00e7\u00e3o feitas pela Procuradoria-Geral da Rep\u00fablica, que chegou a determinar seu afastamento do mandato no Senado.<\/p>\n<p>Na pesquisa estimulada, Alckmin atinge 6% e Lula, 47%. Bolsonaro tem 13%, Marina, 7%, e Ciro, 3%. Quando o nome tucano na disputa \u00e9 o de Doria, Lula tem 48% das inten\u00e7\u00f5es de voto, Bolsonaro, 13%, Marina, 8% e o prefeito de S\u00e3o Paulo empata com Ciro Gomes, com 4%.<\/p>\n<p>\u201cO pessimismo dos brasileiros com o momento econ\u00f4mico e pol\u00edtico atual e o descr\u00e9dito no governo Temer, aliados as lembran\u00e7as de um passado recente de que a vida era melhor nos governos do PT, ajudam a explicar por que as inten\u00e7\u00f5es de voto no presidente Lula s\u00e3o as que mais crescem em todos os cen\u00e1rios da pesquisa\u201d, analisa Coimbra.<\/p>\n<p>Segundo Coimbra, outros dados da pesquisa CUT-Vox, ajudam a entender essa tese. Um deles \u00e9 o aumento de 49% para 55%, entre junho e julho, do percentual de entrevistados que apontam Lula como o melhor presidente que o Brasil j\u00e1 teve \u2013 o outro nome lembrado \u00e9 o de Fernando Henrique Cardoso, com 15%.<\/p>\n<p>Al\u00e9m disso, 58% dos brasileiros consideram Lula um bom administrador, 65% dizem que ele \u00e9 trabalhador e 61% afirmam que a vida melhorou nos 12 anos de governos do PT.<\/p>\n<p>O presidente da CUT, Vagner Freitas, ressalta que o pessimismo dos brasileiros com o governo Temer vem aumentando m\u00eas a m\u00eas por causa do desemprego recorde \u2013 mais de 13,5 milh\u00f5es de trabalhadores est\u00e3o desempregados \u2013 e das medidas de ataques a direitos e a programas sociais. Segundo a pesquisa, com Temer, a vida piorou para 61% dos entrevistados \u2013 em junho o percentual era de 52%.<\/p>\n<p>Aumentou tamb\u00e9m o pessimismo e a descren\u00e7a na capacidade de Temer de controlar a infla\u00e7\u00e3o \u2013 em junho, 62% achavam que a infla\u00e7\u00e3o vai aumentar. Em julho, esse percentual pulou para 75%. Cresceu tamb\u00e9m o percentual dos que acham que vai aumentar o desemprego no Brasil \u2013 de 68% para 72%.<\/p>\n<p>\u201cO povo quer votar em quem tem compromisso com a classe trabalhadora tanto para voltar a ter uma vida melhor, quanto para reverter as medidas que Temer tomou para acabar com a CLT e a aposentadoria, entre tantas outras desgra\u00e7as desta gest\u00e3o golpista\u201d, afirma Vagner.<\/p>\n<p>A pesquisa CUT\/Vox Populi, realizada de 29 a 31 de julho, entrevistou 1.999 pessoas com mais de 16 anos, em 118 munic\u00edpios, em \u00e1reas urbanas e rurais de todos os estados e do Distrito Federal, em capitais, regi\u00f5es metropolitanas e no interior. A margem de erro \u00e9 de 2,2 %, estimada em um intervalo de confian\u00e7a de 95%.<\/p>\n","protected":false},"excerpt":{"rendered":"<p>Lula lidera inten\u00e7\u00f5es de voto para presidente em 2018 e venceria em todos os cen\u00e1rios Ele \u00e9 considerado o melhor presidente que o Brasil j\u00e1 teve para 55% dos brasileiros; 58% o consideram bom administrador; 65% que \u00e9 trabalhador; e 61% dizem que a vida melhorou nos governos do PT<\/p>\n","protected":false},"author":1,"featured_media":0,"comment_status":"closed","ping_status":"open","sticky":false,"template":"","format":"standard","meta":{"_exactmetrics_skip_tracking":false,"_exactmetrics_sitenote_active":false,"_exactmetrics_sitenote_note":"","_exactmetrics_sitenote_category":0,"jetpack_post_was_ever_published":false,"_jetpack_newsletter_access":"","_jetpack_dont_email_post_to_subs":false,"_jetpack_newsletter_tier_id":0,"_jetpack_memberships_contains_paywalled_content":false,"_jetpack_memberships_contains_paid_content":false,"footnotes":"","jetpack_publicize_message":"","jetpack_publicize_feature_enabled":true,"jetpack_social_post_already_shared":true,"jetpack_social_options":{"image_generator_settings":{"template":"highway","enabled":false},"version":2}},"categories":[1],"tags":[],"class_list":["post-12721","post","type-post","status-publish","format-standard","hentry","category-notas"],"jetpack_publicize_connections":[],"jetpack_sharing_enabled":true,"jetpack_featured_media_url":"","jetpack_shortlink":"https:\/\/wp.me\/p7wKYW-3jb","jetpack-related-posts":[],"_links":{"self":[{"href":"http:\/\/blogdalucianaoliveira.com.br\/blog\/wp-json\/wp\/v2\/posts\/12721","targetHints":{"allow":["GET"]}}],"collection":[{"href":"http:\/\/blogdalucianaoliveira.com.br\/blog\/wp-json\/wp\/v2\/posts"}],"about":[{"href":"http:\/\/blogdalucianaoliveira.com.br\/blog\/wp-json\/wp\/v2\/types\/post"}],"author":[{"embeddable":true,"href":"http:\/\/blogdalucianaoliveira.com.br\/blog\/wp-json\/wp\/v2\/users\/1"}],"replies":[{"embeddable":true,"href":"http:\/\/blogdalucianaoliveira.com.br\/blog\/wp-json\/wp\/v2\/comments?post=12721"}],"version-history":[{"count":1,"href":"http:\/\/blogdalucianaoliveira.com.br\/blog\/wp-json\/wp\/v2\/posts\/12721\/revisions"}],"predecessor-version":[{"id":12723,"href":"http:\/\/blogdalucianaoliveira.com.br\/blog\/wp-json\/wp\/v2\/posts\/12721\/revisions\/12723"}],"wp:attachment":[{"href":"http:\/\/blogdalucianaoliveira.com.br\/blog\/wp-json\/wp\/v2\/media?parent=12721"}],"wp:term":[{"taxonomy":"category","embeddable":true,"href":"http:\/\/blogdalucianaoliveira.com.br\/blog\/wp-json\/wp\/v2\/categories?post=12721"},{"taxonomy":"post_tag","embeddable":true,"href":"http:\/\/blogdalucianaoliveira.com.br\/blog\/wp-json\/wp\/v2\/tags?post=12721"}],"curies":[{"name":"wp","href":"https:\/\/api.w.org\/{rel}","templated":true}]}}