{"id":12725,"date":"2017-08-04T11:37:07","date_gmt":"2017-08-04T15:37:07","guid":{"rendered":"http:\/\/blogdalucianaoliveira.com.br\/blog\/?p=12725"},"modified":"2017-08-04T11:42:42","modified_gmt":"2017-08-04T15:42:42","slug":"e-hoje-a-coletiva-da-campanha-grito-dos-excluidos2017-em-porto-velho","status":"publish","type":"post","link":"http:\/\/blogdalucianaoliveira.com.br\/blog\/2017\/08\/04\/e-hoje-a-coletiva-da-campanha-grito-dos-excluidos2017-em-porto-velho\/","title":{"rendered":"\u00c9 hoje a coletiva da campanha Grito dos Exclu\u00eddos\/2017 em Porto Velho"},"content":{"rendered":"<p><img data-recalc-dims=\"1\" loading=\"lazy\" decoding=\"async\" data-attachment-id=\"12726\" data-permalink=\"http:\/\/blogdalucianaoliveira.com.br\/blog\/2017\/08\/04\/e-hoje-a-coletiva-da-campanha-grito-dos-excluidos2017-em-porto-velho\/hoje\/\" data-orig-file=\"https:\/\/i0.wp.com\/blogdalucianaoliveira.com.br\/blog\/wp-content\/uploads\/2017\/08\/hoje.jpg?fit=318%2C159\" data-orig-size=\"318,159\" data-comments-opened=\"0\" data-image-meta=\"{&quot;aperture&quot;:&quot;0&quot;,&quot;credit&quot;:&quot;&quot;,&quot;camera&quot;:&quot;&quot;,&quot;caption&quot;:&quot;&quot;,&quot;created_timestamp&quot;:&quot;0&quot;,&quot;copyright&quot;:&quot;&quot;,&quot;focal_length&quot;:&quot;0&quot;,&quot;iso&quot;:&quot;0&quot;,&quot;shutter_speed&quot;:&quot;0&quot;,&quot;title&quot;:&quot;&quot;,&quot;orientation&quot;:&quot;0&quot;}\" data-image-title=\"hoje\" data-image-description=\"\" data-image-caption=\"\" data-medium-file=\"https:\/\/i0.wp.com\/blogdalucianaoliveira.com.br\/blog\/wp-content\/uploads\/2017\/08\/hoje.jpg?fit=300%2C150\" data-large-file=\"https:\/\/i0.wp.com\/blogdalucianaoliveira.com.br\/blog\/wp-content\/uploads\/2017\/08\/hoje.jpg?fit=318%2C159\" src=\"https:\/\/i0.wp.com\/blogdalucianaoliveira.com.br\/blog\/wp-content\/uploads\/2017\/08\/hoje.jpg?resize=318%2C159\" alt=\"hoje\" width=\"318\" height=\"159\" class=\"alignnone size-full wp-image-12726\" srcset=\"https:\/\/i0.wp.com\/blogdalucianaoliveira.com.br\/blog\/wp-content\/uploads\/2017\/08\/hoje.jpg?w=318 318w, https:\/\/i0.wp.com\/blogdalucianaoliveira.com.br\/blog\/wp-content\/uploads\/2017\/08\/hoje.jpg?resize=300%2C150 300w\" sizes=\"auto, (max-width: 318px) 100vw, 318px\" \/><\/p>\n<p>Tema: \u201cVida em primeiro lugar!\u201d.  Lema: \u201cPor direitos e democracia, a luta \u00e9 todo dia\u201d. Um pouco de hist\u00f3ria do Grito dos Exclu\u00eddos: O Grito dos\/as Exclu\u00eddos\/as nasceu da Campanha da Fraternidade de 1995, cujo tema era \u201cFraternidade e os exclu\u00eddos\u201d e que tinha por lema \u201cEras tu, Senhor?\u201d Desde a\u00ed, a cada ano, na Semana da P\u00e1tria, por todo o Brasil, setores ligados \u00e0s pastorais sociais da Igreja Cat\u00f3lica, outras igrejas irm\u00e3s, movimentos sociais, sindicatos e v\u00e1rias organiza\u00e7\u00f5es da  sociedade  civil vem articulando e realizando o Grito dos\/as Exclu\u00eddos\/as para repercutir os diversos gritos sufocados ou silenciados, manifestando indigna\u00e7\u00e3o diante de um<br \/>\nsistema pol\u00edtico e econ\u00f4mico que exclui e descarta a maioria da popula\u00e7\u00e3o da participa\u00e7\u00e3o e decis\u00e3o<br \/>\ndos rumos do pa\u00eds.<!--more--><\/p>\n<p>Em 2017, chegamos ao 23\u00ba Grito dos\/as Exclu\u00eddos\/as com o tema \u201cVida em primeiro lugar!\u201d<br \/>\ne o lema \u201cPor direitos e democracia, a luta \u00e9 todo dia\u201d.<\/p>\n<p>O lema \u00e9 um claro chamado a refletir sobre a presente realidade brasileira, pois, como dito<br \/>\npor Dom Guilherme Ant\u00f4nio Werlang, \u201cvivemos tempos dif\u00edceis. Os direitos e os avan\u00e7os<br \/>\ndemocr\u00e1ticos conquistados nas \u00faltimas d\u00e9cadas, frutos de mobiliza\u00e7\u00f5es e lutas, est\u00e3o amea\u00e7ados. O<br \/>\najuste fiscal, as reformas trabalhistas e da previd\u00eancia est\u00e3o retirando direitos dos trabalhadores para<br \/>\nfavorecer os interesses do mercado. O pr\u00f3prio sistema democr\u00e1tico est\u00e1 em crise, distante da<br \/>\nrealidade vivida pela popula\u00e7\u00e3o\u201d. Ao que acrescenta Dom Roque Paloschi: \u201cN\u00e3o podemos esquecer<br \/>\nque, nas cidades, a cada dia cresce o n\u00famero de desempregados\/as e que, no campo, tamb\u00e9m cresce<br \/>\na viol\u00eancia contra camponeses\/as que lutam por reforma agr\u00e1ria, bem como contra os povos<br \/>\nind\u00edgenas que buscam a demarca\u00e7\u00e3o de seus territ\u00f3rios.\u201d.<\/p>\n<p>Confira a agenda:<\/p>\n<p>07 de Setembro \u2013 Dia de luta do povo<br \/>\nO ponto alto do Grito dos\/as Exclu\u00eddos\/as s\u00e3o as manifesta\u00e7\u00f5es populares no dia 07 de<br \/>\nsetembro \u2013 data em que se celebra a independ\u00eancia do Brasil. Essas manifesta\u00e7\u00f5es s\u00e3o um momento<br \/>\ne um espa\u00e7o para que o povo possa questionar que tipo de independ\u00eancia temos.<br \/>\nAfinal, em que somos ou n\u00e3o independentes?<\/p>\n<p>Com essas provoca\u00e7\u00f5es e questionamentos, o Grito tem levado milhares de pessoas \u00e0s ruas<br \/>\ndurante a Semana da P\u00e1tria para que reivindiquem seus direitos, defendam a dignidade do povo<br \/>\nbrasileiro e para denunciar a omiss\u00e3o do Estado frente aos direitos b\u00e1sicos que s\u00e3o inerentes \u00e0<br \/>\npopula\u00e7\u00e3o e os ataques contra esses direitos que vem sendo patrocinados pelos poderosos do pa\u00eds.<br \/>\nPara al\u00e9m do dia 07 de Setembro<br \/>\nO Grito dos\/as Exclu\u00eddos\/as n\u00e3o se limita \u00e0s manifesta\u00e7\u00f5es populares no dia 07 de Setembro,<br \/>\nmas \u00e9 um momento de di\u00e1logo e reflex\u00e3o sobre as v\u00e1rias faces da exclus\u00e3o na nossa sociedade.<br \/>\nV\u00e1rias s\u00e3o as atividades, como rodas de conversas, palestras e semin\u00e1rios, que vem sendo realizadas<br \/>\npara discutir a nossa realidade e preparar as manifesta\u00e7\u00f5es.<br \/>\nTamb\u00e9m j\u00e1 est\u00e1 agendado para o dia 15 de novembro, data da Proclama\u00e7\u00e3o da Rep\u00fablica, a<br \/>\nrealiza\u00e7\u00e3o de um J\u00fari Popular para julgar as Usinas do Rio Madeira.<\/p>\n<p>Coletiva de Imprensa do 23\u00ba Grito dos\/as Exclu\u00eddos\/as em Porto Velho<br \/>\nData: 04 de Agosto de 2017.<br \/>\nHor\u00e1rio: 16h00.<br \/>\nLocal: Sal\u00e3o Paroquial da Catedral Sagrado Cora\u00e7\u00e3o de Jesus (ao lado do Cart\u00f3rio Godoy \u2013 Av.<br \/>\nCarlos Gomes, n\u00ba 235 &#8211; Centro).<br \/>\nDom Roque Paloschi, Arcebispo de Porto Velho, e membros da equipe de articula\u00e7\u00e3o e organiza\u00e7\u00e3o<br \/>\ntratar\u00e3o da realiza\u00e7\u00e3o do 23\u00ba Grito dos\/as Exclu\u00eddos\/as na cidade de Porto Velho.<\/p>\n<p>Semin\u00e1rio do Grito dos\/as Exclu\u00eddos\/as 2017<br \/>\nData: 04 de Agosto de 2017<br \/>\nHor\u00e1rio: 19h<br \/>\nLocal: Sal\u00e3o Paroquial da Catedral Sagrado Cora\u00e7\u00e3o de Jesus (ao lado do Cart\u00f3rio Godoy \u2013 Av.<br \/>\nCarlos Gomes, n\u00ba 235 &#8211; Centro).<\/p>\n<p>Fonte: assessoria<\/p>\n","protected":false},"excerpt":{"rendered":"<p>Tema: \u201cVida em primeiro lugar!\u201d. Lema: \u201cPor direitos e democracia, a luta \u00e9 todo dia\u201d. Um pouco de hist\u00f3ria do Grito dos Exclu\u00eddos: O Grito dos\/as Exclu\u00eddos\/as nasceu da Campanha da Fraternidade de 1995, cujo tema era \u201cFraternidade e os exclu\u00eddos\u201d e que tinha por lema \u201cEras tu, Senhor?\u201d Desde a\u00ed, a cada ano, na&#8230;<a class=\"more-link\" href=\"http:\/\/blogdalucianaoliveira.com.br\/blog\/2017\/08\/04\/e-hoje-a-coletiva-da-campanha-grito-dos-excluidos2017-em-porto-velho\/\">Continue a leitura <span class=\"meta-nav\">&raquo;<\/span><\/a><\/p>\n","protected":false},"author":1,"featured_media":12726,"comment_status":"closed","ping_status":"open","sticky":false,"template":"","format":"standard","meta":{"_exactmetrics_skip_tracking":false,"_exactmetrics_sitenote_active":false,"_exactmetrics_sitenote_note":"","_exactmetrics_sitenote_category":0,"jetpack_post_was_ever_published":false,"_jetpack_newsletter_access":"","_jetpack_dont_email_post_to_subs":false,"_jetpack_newsletter_tier_id":0,"_jetpack_memberships_contains_paywalled_content":false,"_jetpack_memberships_contains_paid_content":false,"footnotes":"","jetpack_publicize_message":"","jetpack_publicize_feature_enabled":true,"jetpack_social_post_already_shared":true,"jetpack_social_options":{"image_generator_settings":{"template":"highway","enabled":false},"version":2}},"categories":[1],"tags":[291],"class_list":["post-12725","post","type-post","status-publish","format-standard","has-post-thumbnail","hentry","category-notas","tag-grito-dos-excluidos"],"jetpack_publicize_connections":[],"jetpack_sharing_enabled":true,"jetpack_featured_media_url":"https:\/\/i0.wp.com\/blogdalucianaoliveira.com.br\/blog\/wp-content\/uploads\/2017\/08\/hoje.jpg?fit=318%2C159","jetpack_shortlink":"https:\/\/wp.me\/p7wKYW-3jf","jetpack-related-posts":[],"_links":{"self":[{"href":"http:\/\/blogdalucianaoliveira.com.br\/blog\/wp-json\/wp\/v2\/posts\/12725","targetHints":{"allow":["GET"]}}],"collection":[{"href":"http:\/\/blogdalucianaoliveira.com.br\/blog\/wp-json\/wp\/v2\/posts"}],"about":[{"href":"http:\/\/blogdalucianaoliveira.com.br\/blog\/wp-json\/wp\/v2\/types\/post"}],"author":[{"embeddable":true,"href":"http:\/\/blogdalucianaoliveira.com.br\/blog\/wp-json\/wp\/v2\/users\/1"}],"replies":[{"embeddable":true,"href":"http:\/\/blogdalucianaoliveira.com.br\/blog\/wp-json\/wp\/v2\/comments?post=12725"}],"version-history":[{"count":1,"href":"http:\/\/blogdalucianaoliveira.com.br\/blog\/wp-json\/wp\/v2\/posts\/12725\/revisions"}],"predecessor-version":[{"id":12727,"href":"http:\/\/blogdalucianaoliveira.com.br\/blog\/wp-json\/wp\/v2\/posts\/12725\/revisions\/12727"}],"wp:featuredmedia":[{"embeddable":true,"href":"http:\/\/blogdalucianaoliveira.com.br\/blog\/wp-json\/wp\/v2\/media\/12726"}],"wp:attachment":[{"href":"http:\/\/blogdalucianaoliveira.com.br\/blog\/wp-json\/wp\/v2\/media?parent=12725"}],"wp:term":[{"taxonomy":"category","embeddable":true,"href":"http:\/\/blogdalucianaoliveira.com.br\/blog\/wp-json\/wp\/v2\/categories?post=12725"},{"taxonomy":"post_tag","embeddable":true,"href":"http:\/\/blogdalucianaoliveira.com.br\/blog\/wp-json\/wp\/v2\/tags?post=12725"}],"curies":[{"name":"wp","href":"https:\/\/api.w.org\/{rel}","templated":true}]}}